{"id":10076,"date":"2012-04-09T21:10:14","date_gmt":"2012-04-09T19:10:14","guid":{"rendered":"http:\/\/www.lacanquotidien.fr\/blog\/?p=10076"},"modified":"2012-04-09T21:10:57","modified_gmt":"2012-04-09T19:10:57","slug":"les-autistes-doivent-ils-nous-ecouter-ou-devons-nous-les-entendre-par-jean-pierre-rouillon-et-gilles-chateney","status":"publish","type":"post","link":"https:\/\/lacanquotidien.fr\/blog\/2012\/04\/les-autistes-doivent-ils-nous-ecouter-ou-devons-nous-les-entendre-par-jean-pierre-rouillon-et-gilles-chateney\/","title":{"rendered":"Les autistes doivent-ils nous \u00e9couter, ou devons-nous les entendre ? par Jean-Pierre Rouillon et Gilles Chateney"},"content":{"rendered":"<p>Aux Editions du Losange.<\/p>\n<p><strong><span style=\"color: #0000ff;\">Voici, avant sa parution, dans le courant de la semaine, un extrait de l\u2019avant-propos d\u2019Alexandre Stevens :<\/span><!--more--><\/strong><\/p>\n<p style=\"text-align: justify;\"><em>\u00ab\u00a0[\u2026] Dans un premier temps, nous faisons connaissance avec l\u2019enfant,<a href=\"http:\/\/www.lacanquotidien.fr\/blog\/wp-content\/uploads\/2012\/04\/Les-autistes-doivent-ils-nous-\u00e9couter-ou...-Jean-Piere-Rouillon-et-Gilles-Chateney.png\"><img loading=\"lazy\" decoding=\"async\" class=\"alignright size-medium wp-image-10078\" title=\"Les autistes doivent ils nous \u00e9couter ou... Jean-Piere Rouillon et Gilles Chateney\" src=\"http:\/\/www.lacanquotidien.fr\/blog\/wp-content\/uploads\/2012\/04\/Les-autistes-doivent-ils-nous-\u00e9couter-ou...-Jean-Piere-Rouillon-et-Gilles-Chateney-300x220.png\" alt=\"\" width=\"300\" height=\"220\" srcset=\"https:\/\/lacanquotidien.fr\/blog\/wp-content\/uploads\/2012\/04\/Les-autistes-doivent-ils-nous-\u00e9couter-ou...-Jean-Piere-Rouillon-et-Gilles-Chateney-300x220.png 300w, https:\/\/lacanquotidien.fr\/blog\/wp-content\/uploads\/2012\/04\/Les-autistes-doivent-ils-nous-\u00e9couter-ou...-Jean-Piere-Rouillon-et-Gilles-Chateney.png 800w\" sizes=\"auto, (max-width: 300px) 100vw, 300px\" \/><\/a> nous l\u2019abordons sans savoir ce qui convient pour lui, nous cherchons \u00e0 suivre ses signifiants, ses inventions. C\u2019est le temps n\u00e9cessaire de la rencontre puis au surgissement d\u2019une surprise. Ensuite nous soutenons l\u2019invention du sujet. Ces inventions seront bien s\u00fbr tr\u00e8s diff\u00e9rentes d\u2019un sujet \u00e0 l\u2019autre, au cas par cas. Certains s\u2019attacheront \u00e0 un effort de bien-dire afin de traduire le mieux possible ce qu\u2019ils rencontrent. Ainsi cet enfant perdu dans des histoires sans fin d\u2019allure mythomaniaque, souvent inqui\u00e9tantes et qui va progressivement s\u2019apaiser en s\u2019orientant sur un savoir de la langue. Il se met alors \u00e0 porter une attention toute particuli\u00e8re \u00e0 la grammaire et \u00e0 l\u2019exactitude des expressions. On peut mesurer dans ce cas l\u2019importance qu\u2019il y a pour ces enfants \u00e0 \u00eatre int\u00e9gr\u00e9s autant que possible dans un travail scolaire et d\u2019apprentissage. Tel autre, aux prises avec des d\u00e9bordements de l\u2019ordre sexuel dans son discours, par ailleurs tr\u00e8s d\u00e9cousu, finira par d\u00e9velopper un savoir d\u00e9taill\u00e9 et organis\u00e9 sur la reproduction des oiseaux, permettant du m\u00eame coup de localiser hors corps ce d\u00e9bridement. D\u2019autres encore inventent des bricolages, tels la machine \u00e0 contention de T. Grandin, qui viennent reconstituer l\u2019image du corps ou la compl\u00e9ter un peu. Toutes ces inventions et ces \u00e9laborations symptomatiques permettent au sujet de localiser et de limiter les irruptions du r\u00e9el et ainsi de trouver sa place dans le lien social, de s\u2019ouvrir au monde et aux autres.\u00a0\u00bb<\/em><\/p>\n<p style=\"text-align: justify;\">_________________________________________________<\/p>\n<p>Editions du Losange<\/p>\n<p style=\"text-align: justify;\">61 boulevard Edouard Herriot<br \/>\n06200 NICE<br \/>\nT\u00e9l. 04 93 97 21 08<br \/>\n<a href=\"http:\/\/www.editionsdulosange.fr\/\" target=\"_blank\">www.editionsdulosange.fr<\/a><\/p>\n<p style=\"text-align: justify;\">\n","protected":false},"excerpt":{"rendered":"<p>Aux Editions du Losange.<\/p>\n<p>Voici, avant sa parution, dans le courant de la semaine, un extrait de l\u2019avant-propos d\u2019Alexandre Stevens :<\/p>\n","protected":false},"author":9,"featured_media":10078,"comment_status":"closed","ping_status":"closed","sticky":false,"template":"","format":"standard","meta":{"_monsterinsights_skip_tracking":false,"_monsterinsights_sitenote_active":false,"_monsterinsights_sitenote_note":"","_monsterinsights_sitenote_category":0,"footnotes":""},"categories":[568],"tags":[2157,2156,411,2158,2155,2159],"class_list":["post-10076","post","type-post","status-publish","format-standard","has-post-thumbnail","hentry","category-vientdeparaitre","tag-editions-du-losange","tag-gilles-chateney","tag-jean-pierre-rouillon","tag-les-autistes-doivent-ils-nous-ecouter","tag-livre-sur-lautisme","tag-ou-devons-nous-les-entendre"],"_links":{"self":[{"href":"https:\/\/lacanquotidien.fr\/blog\/wp-json\/wp\/v2\/posts\/10076","targetHints":{"allow":["GET"]}}],"collection":[{"href":"https:\/\/lacanquotidien.fr\/blog\/wp-json\/wp\/v2\/posts"}],"about":[{"href":"https:\/\/lacanquotidien.fr\/blog\/wp-json\/wp\/v2\/types\/post"}],"author":[{"embeddable":true,"href":"https:\/\/lacanquotidien.fr\/blog\/wp-json\/wp\/v2\/users\/9"}],"replies":[{"embeddable":true,"href":"https:\/\/lacanquotidien.fr\/blog\/wp-json\/wp\/v2\/comments?post=10076"}],"version-history":[{"count":3,"href":"https:\/\/lacanquotidien.fr\/blog\/wp-json\/wp\/v2\/posts\/10076\/revisions"}],"predecessor-version":[{"id":10081,"href":"https:\/\/lacanquotidien.fr\/blog\/wp-json\/wp\/v2\/posts\/10076\/revisions\/10081"}],"wp:featuredmedia":[{"embeddable":true,"href":"https:\/\/lacanquotidien.fr\/blog\/wp-json\/wp\/v2\/media\/10078"}],"wp:attachment":[{"href":"https:\/\/lacanquotidien.fr\/blog\/wp-json\/wp\/v2\/media?parent=10076"}],"wp:term":[{"taxonomy":"category","embeddable":true,"href":"https:\/\/lacanquotidien.fr\/blog\/wp-json\/wp\/v2\/categories?post=10076"},{"taxonomy":"post_tag","embeddable":true,"href":"https:\/\/lacanquotidien.fr\/blog\/wp-json\/wp\/v2\/tags?post=10076"}],"curies":[{"name":"wp","href":"https:\/\/api.w.org\/{rel}","templated":true}]}}