{"id":1018,"date":"2011-09-21T21:12:36","date_gmt":"2011-09-21T19:12:36","guid":{"rendered":"http:\/\/www.lacanquotidien.fr\/blogx16y\/?p=1018"},"modified":"2011-09-30T18:17:10","modified_gmt":"2011-09-30T16:17:10","slug":"world-wild-web-mikael-strakhov-grattant-la-porte%e2%80%a6-lq-34","status":"publish","type":"post","link":"https:\/\/lacanquotidien.fr\/blog\/2011\/09\/world-wild-web-mikael-strakhov-grattant-la-porte%e2%80%a6-lq-34\/","title":{"rendered":"WORLD WILD WEB : MIKA\u00cbL STRAKHOV Grattant la porte\u2026 &#8211; LQ 34"},"content":{"rendered":"<p style=\"text-align: justify;\"><strong>\u00a0<\/strong>En rentrant chez moi hier soir, j\u2019ai trouv\u00e9 sur la porte de mon immeuble l\u2019autocollant d\u2019une pub\u2019 nationaliste \u2013 ce qui n\u2019est pas rare de nos jours en Russie\u2026 Je me suis donc attel\u00e9 \u00e0 gratter la porte pour enlever cette ordure\u2026et ce faisant, voici les id\u00e9es qui me sont venues \u00e0 l\u2019esprit\u2026<!--more--><\/p>\n<p style=\"text-align: justify;\">Envahi par l\u2019agacement caus\u00e9 par cette \u00ab trouvaille \u00bb sur la porte, je pense que j\u2019ai enfin compris, en r\u00e9action, pourquoi l\u2019auditoire des psys russes reste toujours indiff\u00e9rent lorsque des enseignants du Champ freudien abordent la question de la bataille contre les TCC. &#8211; \u00c7a ne touche personne ici ! &#8211;<\/p>\n<p style=\"text-align: justify;\"><strong>En Russie, notre malaise dans la civilisation<\/strong> se situe au niveau d&rsquo;une couche plus profonde que celle o\u00f9 se trouve l\u2019antagonisme entre la psychanalyse et les TCC. Cet antagonisme a un rapport avec le statut d\u2019objet a, tandis que nous n&rsquo;arrivons toujours pas \u00e0 nous s\u00e9parer de l\u2019Empire, de cette Chose qui ne s\u2019historise pas. Et l\u2019autocollant, l\u2019identification,\u00a0 le fascisme quoi, est un rem\u00e8de beaucoup plus efficace que tous les psys du monde !<\/p>\n<p style=\"text-align: justify;\">Un exemple. On vient de subir ici une catastrophe \u2013 le 7 septembre dernier, l\u2019avion qui transportait notre \u00e9quipe nationale de hockeyeurs, la \u00ab\u00a0Locomotive\u00a0\u00bb, s\u2019est \u00e9cras\u00e9 au moment du d\u00e9collage. A ce jour, on a d\u00e9couvert ni probl\u00e8mes techniques, ni fautes de pilotage susceptibles d&rsquo;expliquer cet accident. Alors, de plus en plus, circule ici une rumeur : une version, officieuse, celle-ci : au moment du d\u00e9collage de l\u2019avion, qui va s\u2019\u00e9craser quelques minutes plus tard, on a appris l\u2019arriv\u00e9e imminente d\u2019un avion avec \u00e0 son bord un grand \u00ab\u00a0fonctionnaire\u00a0\u00bb, traduisez : un patricien. Voici donc pourquoi l\u2019\u00e9quipage de l\u2019avion avec \u00e0 son bord les hockeyeurs aurait re\u00e7u l\u2019ordre de raccourcir la piste de d\u00e9collage\u2026 pour c\u00e9der la piste \u00e0 un patricien. Une d\u00e9cision fatale.<\/p>\n<p style=\"text-align: justify;\"><span style=\"color: #0000ff;\"><strong>Est-ce que je crois \u00e0 cette version?<\/strong><\/span> Je dirais que oui, car ce dont tu n\u2019arrives pas \u00e0 te s\u00e9parer, ce qui est forclos, ressurgit toujours dans le r\u00e9el\u2026<\/p>\n","protected":false},"excerpt":{"rendered":"<p style=\"text-align: justify;\">\u00a0En rentrant chez moi hier soir, j\u2019ai trouv\u00e9 sur la porte de mon immeuble l\u2019autocollant d\u2019une pub\u2019 nationaliste \u2013 ce qui n\u2019est pas rare de nos jours en Russie\u2026 Je me suis donc attel\u00e9 \u00e0 gratter la porte pour enlever cette ordure\u2026et ce faisant, voici les id\u00e9es qui me sont venues \u00e0 l\u2019esprit\u2026<\/p>\n","protected":false},"author":4,"featured_media":1023,"comment_status":"closed","ping_status":"closed","sticky":false,"template":"","format":"standard","meta":{"_monsterinsights_skip_tracking":false,"_monsterinsights_sitenote_active":false,"_monsterinsights_sitenote_note":"","_monsterinsights_sitenote_category":0,"footnotes":""},"categories":[7],"tags":[218,216,215,221,220,219,214,217],"class_list":["post-1018","post","type-post","status-publish","format-standard","has-post-thumbnail","hentry","category-worldwideweb","tag-champ-freudien","tag-la-chose","tag-malaise-dans-la-civilisation","tag-mikael-strakhov","tag-objet-a","tag-reel","tag-russie","tag-tcc"],"_links":{"self":[{"href":"https:\/\/lacanquotidien.fr\/blog\/wp-json\/wp\/v2\/posts\/1018","targetHints":{"allow":["GET"]}}],"collection":[{"href":"https:\/\/lacanquotidien.fr\/blog\/wp-json\/wp\/v2\/posts"}],"about":[{"href":"https:\/\/lacanquotidien.fr\/blog\/wp-json\/wp\/v2\/types\/post"}],"author":[{"embeddable":true,"href":"https:\/\/lacanquotidien.fr\/blog\/wp-json\/wp\/v2\/users\/4"}],"replies":[{"embeddable":true,"href":"https:\/\/lacanquotidien.fr\/blog\/wp-json\/wp\/v2\/comments?post=1018"}],"version-history":[{"count":7,"href":"https:\/\/lacanquotidien.fr\/blog\/wp-json\/wp\/v2\/posts\/1018\/revisions"}],"predecessor-version":[{"id":1621,"href":"https:\/\/lacanquotidien.fr\/blog\/wp-json\/wp\/v2\/posts\/1018\/revisions\/1621"}],"wp:featuredmedia":[{"embeddable":true,"href":"https:\/\/lacanquotidien.fr\/blog\/wp-json\/wp\/v2\/media\/1023"}],"wp:attachment":[{"href":"https:\/\/lacanquotidien.fr\/blog\/wp-json\/wp\/v2\/media?parent=1018"}],"wp:term":[{"taxonomy":"category","embeddable":true,"href":"https:\/\/lacanquotidien.fr\/blog\/wp-json\/wp\/v2\/categories?post=1018"},{"taxonomy":"post_tag","embeddable":true,"href":"https:\/\/lacanquotidien.fr\/blog\/wp-json\/wp\/v2\/tags?post=1018"}],"curies":[{"name":"wp","href":"https:\/\/api.w.org\/{rel}","templated":true}]}}