{"id":10360,"date":"2012-04-26T07:42:54","date_gmt":"2012-04-26T05:42:54","guid":{"rendered":"http:\/\/www.lacanquotidien.fr\/blog\/?p=10360"},"modified":"2012-04-29T20:31:58","modified_gmt":"2012-04-29T18:31:58","slug":"amp-uqbar-encuentro-con-la-presidenta-de-la-republica-argentina","status":"publish","type":"post","link":"https:\/\/lacanquotidien.fr\/blog\/2012\/04\/amp-uqbar-encuentro-con-la-presidenta-de-la-republica-argentina\/","title":{"rendered":"[AMP-UQBAR] Encuentro con la Presidenta de la Republica Argentina (version originale et en fran\u00e7ais)"},"content":{"rendered":"<p style=\"text-align: justify;\"><a href=\"http:\/\/www.lacanquotidien.fr\/blog\/wp-content\/uploads\/2012\/04\/Version-fran\u00e7aise.-2.pdf\">Version fran\u00e7aise.<\/a>\u00a0\u2190Pour consulter la traduction, veuillez cliquer sur ce lien.<\/p>\n<p style=\"text-align: justify;\"><strong>En ocasi\u00f3n de su presencia en Buenos Aires para el VIII Congreso de la AMP, Judith y Jacques-Alain Miller tuvieron un encuentro informal con la Sra. Presidenta Cristina Fern\u00e1ndez de Kirchner, quien los recibi\u00f3 en su despacho de la Casa de Gobierno. Se encontraban presentes el Jefe de Gabinete, Dr. Juan Manuel Abal Medina, y la directora adjunta de la EOL, Silvia Baudini.<\/strong><\/p>\n<p style=\"text-align: justify;\"><strong>La Sra. Presidenta celebr\u00f3 la numerosa concurrencia de psicoanalistas de todo el mundo en Buenos Aires.<\/strong><\/p>\n<p style=\"text-align: justify;\"><strong>Por su parte, Jacques-Alain Miller y Judith Miller hablaron de su compromiso con la trasmisi\u00f3n de la ense\u00f1anza de Jacques Lacan y de sus treinta a\u00f1os de relaci\u00f3n con el Psicoan\u00e1lisis en Argentina, de la creaci\u00f3n de la EOL y de la AMP, as\u00ed como del papel preponderante de Argentina para el desarrollo del Psicoan\u00e1lisis en el mundo.<\/strong><\/p>\n<p style=\"text-align: justify;\"><strong>El punto culminante fue la referencia a la pol\u00edtica argentina de derechos humanos.<\/strong><\/p>\n<p style=\"text-align: justify;\"><strong>Finalmente, Judith Miller hizo entrega a Cristina Kirchner de un ejemplar de los Otros Escritos, con los textos de su padre, libro recientemente aparecido en castellano<\/strong><\/p>\n<p><a href=\"http:\/\/www.lacanquotidien.fr\/blog\/wp-content\/uploads\/2012\/04\/20120426-075407.jpg\"><img decoding=\"async\" class=\"alignnone size-full\" src=\"http:\/\/www.lacanquotidien.fr\/blog\/wp-content\/uploads\/2012\/04\/20120426-075407.jpg\" alt=\"20120426-075407.jpg\" \/><\/a><\/p>\n","protected":false},"excerpt":{"rendered":"<p style=\"text-align: justify;\"><a href=\"http:\/\/www.lacanquotidien.fr\/blog\/wp-content\/uploads\/2012\/04\/Version-fran\u00e7aise.-2.pdf\">Version fran\u00e7aise.<\/a>\u00a0\u2190Pour consulter la traduction, veuillez cliquer sur ce lien.<\/p>\n<p style=\"text-align: justify;\">En ocasi\u00f3n de su presencia en Buenos Aires para el VIII Congreso de la AMP, Judith y Jacques-Alain Miller tuvieron un encuentro informal con la Sra. Presidenta Cristina Fern\u00e1ndez de Kirchner, quien los recibi\u00f3 en su despacho de la Casa [&#8230;]<\/p>\n","protected":false},"author":9,"featured_media":10385,"comment_status":"closed","ping_status":"closed","sticky":false,"template":"","format":"standard","meta":{"_monsterinsights_skip_tracking":false,"_monsterinsights_sitenote_active":false,"_monsterinsights_sitenote_note":"","_monsterinsights_sitenote_category":0,"footnotes":""},"categories":[8,76],"tags":[1488,2330,2331],"class_list":["post-10360","post","type-post","status-publish","format-standard","has-post-thumbnail","hentry","category-espanol","category-pressemonde","tag-buenos-aires","tag-congreso-de-la-amp","tag-cristina-fernandez-de-kirchner"],"_links":{"self":[{"href":"https:\/\/lacanquotidien.fr\/blog\/wp-json\/wp\/v2\/posts\/10360","targetHints":{"allow":["GET"]}}],"collection":[{"href":"https:\/\/lacanquotidien.fr\/blog\/wp-json\/wp\/v2\/posts"}],"about":[{"href":"https:\/\/lacanquotidien.fr\/blog\/wp-json\/wp\/v2\/types\/post"}],"author":[{"embeddable":true,"href":"https:\/\/lacanquotidien.fr\/blog\/wp-json\/wp\/v2\/users\/9"}],"replies":[{"embeddable":true,"href":"https:\/\/lacanquotidien.fr\/blog\/wp-json\/wp\/v2\/comments?post=10360"}],"version-history":[{"count":7,"href":"https:\/\/lacanquotidien.fr\/blog\/wp-json\/wp\/v2\/posts\/10360\/revisions"}],"predecessor-version":[{"id":10384,"href":"https:\/\/lacanquotidien.fr\/blog\/wp-json\/wp\/v2\/posts\/10360\/revisions\/10384"}],"wp:featuredmedia":[{"embeddable":true,"href":"https:\/\/lacanquotidien.fr\/blog\/wp-json\/wp\/v2\/media\/10385"}],"wp:attachment":[{"href":"https:\/\/lacanquotidien.fr\/blog\/wp-json\/wp\/v2\/media?parent=10360"}],"wp:term":[{"taxonomy":"category","embeddable":true,"href":"https:\/\/lacanquotidien.fr\/blog\/wp-json\/wp\/v2\/categories?post=10360"},{"taxonomy":"post_tag","embeddable":true,"href":"https:\/\/lacanquotidien.fr\/blog\/wp-json\/wp\/v2\/tags?post=10360"}],"curies":[{"name":"wp","href":"https:\/\/api.w.org\/{rel}","templated":true}]}}