{"id":10766,"date":"2012-05-15T22:19:45","date_gmt":"2012-05-15T20:19:45","guid":{"rendered":"http:\/\/www.lacanquotidien.fr\/blog\/?p=10766"},"modified":"2012-05-20T20:50:31","modified_gmt":"2012-05-20T18:50:31","slug":"lacan-quotidien-n207-diagnosing-the-dsm-by-allen-frances-suivi-de-le-dsm-est-il-en-train-de-pousser-son-chant-du-cygne-par-philippe-la-sagna","status":"publish","type":"post","link":"https:\/\/lacanquotidien.fr\/blog\/2012\/05\/lacan-quotidien-n207-diagnosing-the-dsm-by-allen-frances-suivi-de-le-dsm-est-il-en-train-de-pousser-son-chant-du-cygne-par-philippe-la-sagna\/","title":{"rendered":"Lacan Quotidien n\u00b0207 &#8211; \u00ab\u00a0Diagnosing the DSM\u00a0\u00bb by Allen Frances, suivi de \u00ab\u00a0Le DSM est-il en train de pousser son chant du cygne ?\u00a0\u00bb par Philippe La Sagna"},"content":{"rendered":"<p><a href=\"http:\/\/www.lacanquotidien.fr\/blog\/wp-content\/uploads\/2012\/05\/LQ-2071.pdf\">LQ 207<\/a>\u2190Pour consulter le num\u00e9ro, veuillez cliquer sur ce lien<!--more--><\/p>\n<p style=\"text-align: center;\"><strong>\u25aa\u00a0PRESSE MONDE \u25aa<\/strong><\/p>\n<p style=\"text-align: center;\"><span style=\"color: #ff0000;\"><strong>Diagnosing the DSM<\/strong><\/span><\/p>\n<p style=\"text-align: center;\"><span style=\"color: #0000ff;\"><strong>by Allen Frances<\/strong><\/span><\/p>\n<p style=\"text-align: center;\"><span style=\"color: #0000ff;\"><strong>&amp;<\/strong><\/span><\/p>\n<p style=\"text-align: center;\"><span style=\"color: #0000ff;\"><strong>\u00a0pr\u00e9sent\u00e9 par Agn\u00e8s Aflalo<\/strong><\/span><\/p>\n<p align=\"center\">***<\/p>\n<p align=\"center\"><strong>\u25aa <\/strong><strong>CULTURE ET CLINIQUE <\/strong><strong>\u25aa<\/strong><strong><\/strong><\/p>\n<p align=\"center\"><span style=\"color: #ff0000;\"><strong>Le DSM est-il en train de pousser son chant du cygne\u00a0?<\/strong><\/span><\/p>\n<p align=\"center\"><span style=\"color: #0000ff;\"><strong>par <em>Philippe La Sagna<\/em><\/strong><\/span><\/p>\n<p align=\"center\">***<\/p>\n<p align=\"center\"><span style=\"color: #ff0000;\"><strong>P\u00c9TITION INTERNATIONALE<\/strong><\/span><\/p>\n<p align=\"center\"><span style=\"color: #ff0000;\"><strong>POUR L\u2019ABORD CLINIQUE DE L\u2019AUTISME<\/strong><\/span><\/p>\n<p align=\"center\"><strong><em>\u00e0 l\u2019initiative de l\u2019Institut psychanalytique de l\u2019Enfant<\/em><\/strong><\/p>\n<p align=\"center\"><strong><em>(Universit\u00e9 populaire Jacques-Lacan)<\/em><\/strong><\/p>\n<p align=\"center\"><strong>&gt;&gt;Depuis le\u00a0 <span style=\"color: #0000ff;\">16 f\u00e9vrier<\/span>, <\/strong><\/p>\n<p align=\"center\"><strong>jour de la mise en ligne de la p\u00e9tition,<\/strong><\/p>\n<p align=\"center\"><span style=\"color: #0000ff;\"><strong>11790 <\/strong><\/span><strong>\u00a0signatures<\/strong><strong> ont \u00e9t\u00e9 d\u00e9j\u00e0 recueillies.<\/strong><\/p>\n<p align=\"center\">***<\/p>\n<p align=\"center\"><strong>\u25aa LA ROSE DES LIVRES \u25aa<\/strong><\/p>\n<p align=\"center\"><span style=\"color: #ff0000;\"><strong>\u00c9crire, dit-il, des livres, encore.<\/strong><\/span><\/p>\n<p align=\"center\"><strong>***<\/strong><\/p>\n<p align=\"center\"><span style=\"color: #0000ff;\"><strong>par <em>Nathalie Georges-Lambrichs<\/em><\/strong><\/span><\/p>\n","protected":false},"excerpt":{"rendered":"<p><a href=\"http:\/\/www.lacanquotidien.fr\/blog\/wp-content\/uploads\/2012\/05\/LQ-2071.pdf\">LQ 207<\/a>\u2190Pour consulter le num\u00e9ro, veuillez cliquer sur ce lien<\/p>\n","protected":false},"author":9,"featured_media":10774,"comment_status":"closed","ping_status":"closed","sticky":false,"template":"","format":"standard","meta":{"_monsterinsights_skip_tracking":false,"_monsterinsights_sitenote_active":false,"_monsterinsights_sitenote_note":"","_monsterinsights_sitenote_category":0,"footnotes":""},"categories":[103,14,27],"tags":[2440,412,2448,2178,2451,2450,2449,89,80,2452,359,66,707],"class_list":["post-10766","post","type-post","status-publish","format-standard","has-post-thumbnail","hentry","category-alaune","category-debatsdesautistes","category-lq-lacanquotidien","tag-allen-j-frances","tag-autisme","tag-diagnosing-the-dsm","tag-dsm-v","tag-eloge-du-demode","tag-helene-cixous","tag-hyperactivite","tag-jacques-lacan","tag-mallarme","tag-michel-chaillou","tag-nathalie-georges-lambrichs","tag-philippe-la-sagna","tag-schizophrenie"],"_links":{"self":[{"href":"https:\/\/lacanquotidien.fr\/blog\/wp-json\/wp\/v2\/posts\/10766","targetHints":{"allow":["GET"]}}],"collection":[{"href":"https:\/\/lacanquotidien.fr\/blog\/wp-json\/wp\/v2\/posts"}],"about":[{"href":"https:\/\/lacanquotidien.fr\/blog\/wp-json\/wp\/v2\/types\/post"}],"author":[{"embeddable":true,"href":"https:\/\/lacanquotidien.fr\/blog\/wp-json\/wp\/v2\/users\/9"}],"replies":[{"embeddable":true,"href":"https:\/\/lacanquotidien.fr\/blog\/wp-json\/wp\/v2\/comments?post=10766"}],"version-history":[{"count":9,"href":"https:\/\/lacanquotidien.fr\/blog\/wp-json\/wp\/v2\/posts\/10766\/revisions"}],"predecessor-version":[{"id":10869,"href":"https:\/\/lacanquotidien.fr\/blog\/wp-json\/wp\/v2\/posts\/10766\/revisions\/10869"}],"wp:featuredmedia":[{"embeddable":true,"href":"https:\/\/lacanquotidien.fr\/blog\/wp-json\/wp\/v2\/media\/10774"}],"wp:attachment":[{"href":"https:\/\/lacanquotidien.fr\/blog\/wp-json\/wp\/v2\/media?parent=10766"}],"wp:term":[{"taxonomy":"category","embeddable":true,"href":"https:\/\/lacanquotidien.fr\/blog\/wp-json\/wp\/v2\/categories?post=10766"},{"taxonomy":"post_tag","embeddable":true,"href":"https:\/\/lacanquotidien.fr\/blog\/wp-json\/wp\/v2\/tags?post=10766"}],"curies":[{"name":"wp","href":"https:\/\/api.w.org\/{rel}","templated":true}]}}