{"id":10996,"date":"2012-05-30T01:22:20","date_gmt":"2012-05-29T23:22:20","guid":{"rendered":"http:\/\/www.lacanquotidien.fr\/blog\/?p=10996"},"modified":"2012-06-18T02:32:48","modified_gmt":"2012-06-18T00:32:48","slug":"lacan-quotidien-n217-lenfance-sous-controle-par-miquel-bassols","status":"publish","type":"post","link":"https:\/\/lacanquotidien.fr\/blog\/2012\/05\/lacan-quotidien-n217-lenfance-sous-controle-par-miquel-bassols\/","title":{"rendered":"Lacan Quotidien n\u00b0217 &#8211; L\u2019enfance sous contr\u00f4le, par Miquel Bassols"},"content":{"rendered":"<p style=\"text-align: center;\"><a href=\"http:\/\/www.lacanquotidien.fr\/blog\/wp-content\/uploads\/2012\/05\/LQ-217.pdf\">LQ 217<\/a>\u2190Pour consulter le num\u00e9ro, veuillez cliquer sur ce lien<!--more--><\/p>\n<p style=\"text-align: center;\"><span style=\"color: #ff0000;\"><strong>L\u2019ENFANCE SOUS CONTR\u00d4LE<\/strong><\/span><\/p>\n<p style=\"text-align: center;\"><span style=\"color: #0000ff;\"><strong>Miquel Bassols<\/strong><\/span><\/p>\n<p style=\"text-align: center;\">***<\/p>\n<p style=\"text-align: center;\" align=\"center\"><span style=\"color: #ff0000;\"><strong>P\u00c9TITION INTERNATIONALE<\/strong><\/span><\/p>\n<p style=\"text-align: center;\" align=\"center\"><span style=\"color: #ff0000;\"><strong>POUR L\u2019ABORD CLINIQUE DE L\u2019AUTISME<\/strong><\/span><\/p>\n<p style=\"text-align: center;\" align=\"center\"><span style=\"color: #0000ff;\"><strong><em>\u00e0 l\u2019initiative de l\u2019Institut psychanalytique de l\u2019Enfant<\/em><\/strong><\/span><\/p>\n<p style=\"text-align: center;\" align=\"center\"><span style=\"color: #0000ff;\"><strong><em>(Universit\u00e9 populaire Jacques-Lacan)<\/em><\/strong><\/span><\/p>\n<p style=\"text-align: center;\" align=\"center\"><strong>&gt;&gt;Depuis le\u00a0 <span style=\"color: #0000ff;\">16 f\u00e9vrier<\/span>, <\/strong><\/p>\n<p style=\"text-align: center;\" align=\"center\"><strong>jour de la mise en ligne de la p\u00e9tition,<\/strong><\/p>\n<p style=\"text-align: center;\" align=\"center\"><strong><span style=\"color: #0000ff;\"><span style=\"color: #ff0000;\">12118 \u00a0<\/span>signatures<\/span> ont \u00e9t\u00e9 d\u00e9j\u00e0 recueillies<\/strong><\/p>\n<p style=\"text-align: center;\" align=\"center\">***<\/p>\n<p style=\"text-align: center;\" align=\"center\"><strong>\u25aa\u00a0\u00c9CHOS ET INFORMATIONS \u25aa<\/strong><\/p>\n<p style=\"text-align: center;\" align=\"center\"><strong>Le soleil de Juin \u00e0 Ramtha<\/strong><\/p>\n<p style=\"text-align: center;\"><span style=\"color: #0000ff;\"><strong>Maryvonne Bargues<\/strong><\/span><\/p>\n<p style=\"text-align: center;\" align=\"center\"><strong>\u25aa\u00a0BABEL \u25aa<\/strong><\/p>\n<p style=\"text-align: center;\" align=\"center\"><span style=\"color: #ff0000;\"><strong>Research and Punish :<\/strong><\/span><\/p>\n<p style=\"text-align: center;\" align=\"center\"><strong><span style=\"color: #ff0000;\">Ethics today<\/span> <\/strong><\/p>\n<p style=\"text-align: center;\" align=\"center\"><span style=\"color: #0000ff;\"><strong>by \u00c9ric Laurent<\/strong><\/span><\/p>\n<p>&nbsp;<\/p>\n","protected":false},"excerpt":{"rendered":"<p style=\"text-align: center;\"><a href=\"http:\/\/www.lacanquotidien.fr\/blog\/wp-content\/uploads\/2012\/05\/LQ-217.pdf\">LQ 217<\/a>\u2190Pour consulter le num\u00e9ro, veuillez cliquer sur ce lien<\/p>\n","protected":false},"author":9,"featured_media":10998,"comment_status":"closed","ping_status":"closed","sticky":false,"template":"","format":"standard","meta":{"_monsterinsights_skip_tracking":false,"_monsterinsights_sitenote_active":false,"_monsterinsights_sitenote_note":"","_monsterinsights_sitenote_category":0,"footnotes":""},"categories":[422,27],"tags":[],"class_list":["post-10996","post","type-post","status-publish","format-standard","has-post-thumbnail","hentry","category-dernierstextes","category-lq-lacanquotidien"],"_links":{"self":[{"href":"https:\/\/lacanquotidien.fr\/blog\/wp-json\/wp\/v2\/posts\/10996","targetHints":{"allow":["GET"]}}],"collection":[{"href":"https:\/\/lacanquotidien.fr\/blog\/wp-json\/wp\/v2\/posts"}],"about":[{"href":"https:\/\/lacanquotidien.fr\/blog\/wp-json\/wp\/v2\/types\/post"}],"author":[{"embeddable":true,"href":"https:\/\/lacanquotidien.fr\/blog\/wp-json\/wp\/v2\/users\/9"}],"replies":[{"embeddable":true,"href":"https:\/\/lacanquotidien.fr\/blog\/wp-json\/wp\/v2\/comments?post=10996"}],"version-history":[{"count":4,"href":"https:\/\/lacanquotidien.fr\/blog\/wp-json\/wp\/v2\/posts\/10996\/revisions"}],"predecessor-version":[{"id":11197,"href":"https:\/\/lacanquotidien.fr\/blog\/wp-json\/wp\/v2\/posts\/10996\/revisions\/11197"}],"wp:featuredmedia":[{"embeddable":true,"href":"https:\/\/lacanquotidien.fr\/blog\/wp-json\/wp\/v2\/media\/10998"}],"wp:attachment":[{"href":"https:\/\/lacanquotidien.fr\/blog\/wp-json\/wp\/v2\/media?parent=10996"}],"wp:term":[{"taxonomy":"category","embeddable":true,"href":"https:\/\/lacanquotidien.fr\/blog\/wp-json\/wp\/v2\/categories?post=10996"},{"taxonomy":"post_tag","embeddable":true,"href":"https:\/\/lacanquotidien.fr\/blog\/wp-json\/wp\/v2\/tags?post=10996"}],"curies":[{"name":"wp","href":"https:\/\/api.w.org\/{rel}","templated":true}]}}