{"id":1124,"date":"2011-09-26T14:09:10","date_gmt":"2011-09-26T12:09:10","guid":{"rendered":"http:\/\/www.lacanquotidien.fr\/blogx16y\/2011\/09\/claude-viret-causerie-a-dijon\/"},"modified":"2011-11-25T11:06:56","modified_gmt":"2011-11-25T10:06:56","slug":"claude-viret-causerie-a-dijon","status":"publish","type":"post","link":"https:\/\/lacanquotidien.fr\/blog\/2011\/09\/claude-viret-causerie-a-dijon\/","title":{"rendered":"CLAUDE VIRET, Causerie \u00e0 Dijon &#8211; LQ 39"},"content":{"rendered":"<p style=\"text-align: justify;\">\n<strong> La Librairie Grangier invitait Jacques-Alain Miller \u00e0 Dijon samedi dernier, 24 septembre. La Mairie avait offert pour sa conf\u00e9rence la Salle des Etats de Bourgogne. Il fut accueilli chaleureusement \u00e0 l\u2019H\u00f4tel de ville par Fran\u00e7ois Rebsamen, s\u00e9nateur-maire de Dijon, que nous remercions vivement.<\/strong><br \/>\n<strong> Devant deux cent personnes attentives et sensibles, Jacques-Alain Miller \u00e9voqua des souvenirs :<\/strong> <!--more-->du lyc\u00e9en qu\u2019il fut, et qui rentrait vite \u00e0 la maison pour s\u2019adonner \u00e0 sa passion pour la grammaire ; de l\u2019\u00e9tudiant surpris d\u2019\u00eatre invit\u00e9 un mois chez Lacan, et qui lui propose de ranger m\u00e9thodiquement sa biblioth\u00e8que ; du r\u00e9dacteur des s\u00e9minaires, qu\u2019il ne s\u2019agit pas de r\u00e9diger mais d\u2019\u00e9tablir, tel un artisan ! &#8211; de d\u00e9broussailler jusqu\u2019\u00e0 en retrouver l\u2019ossature, \u00e0 partir de son plaisir pour la grammaire, la logique formelle, et son enracinement dans l\u2019histoire et la litt\u00e9rature fran\u00e7aises.<br \/>\n\u200bCet apr\u00e8s-midi que Jacques-Alain Miller a qualifi\u00e9 de causerie fut un moment de psychanalyse, construit comme un mot d\u2019esprit, o\u00f9 il prit le risque d\u2019en extraire l\u2019objet regard, de ses souvenirs, de l\u2019actualit\u00e9, des questions de la salle.<br \/>\nSa conclusion fut de nous rappeler la situation de Rafah Nached, et de nous informer de toutes les d\u00e9marches actuelles en cours et futures..<\/p>\n","protected":false},"excerpt":{"rendered":"<p style=\"text-align: justify;\"> La Librairie Grangier invitait Jacques-Alain Miller \u00e0 Dijon samedi dernier, 24 septembre. La Mairie avait offert pour sa conf\u00e9rence la Salle des Etats de Bourgogne. Il fut accueilli chaleureusement \u00e0 l\u2019H\u00f4tel de ville par Fran\u00e7ois Rebsamen, s\u00e9nateur-maire de Dijon, que nous remercions vivement.<br \/> Devant deux cent personnes attentives et sensibles, Jacques-Alain [&#8230;]<\/p>\n","protected":false},"author":9,"featured_media":0,"comment_status":"closed","ping_status":"closed","sticky":false,"template":"","format":"standard","meta":{"_monsterinsights_skip_tracking":false,"_monsterinsights_sitenote_active":false,"_monsterinsights_sitenote_note":"","_monsterinsights_sitenote_category":0,"footnotes":""},"categories":[917],"tags":[],"class_list":["post-1124","post","type-post","status-publish","format-standard","hentry","category-programmes"],"_links":{"self":[{"href":"https:\/\/lacanquotidien.fr\/blog\/wp-json\/wp\/v2\/posts\/1124","targetHints":{"allow":["GET"]}}],"collection":[{"href":"https:\/\/lacanquotidien.fr\/blog\/wp-json\/wp\/v2\/posts"}],"about":[{"href":"https:\/\/lacanquotidien.fr\/blog\/wp-json\/wp\/v2\/types\/post"}],"author":[{"embeddable":true,"href":"https:\/\/lacanquotidien.fr\/blog\/wp-json\/wp\/v2\/users\/9"}],"replies":[{"embeddable":true,"href":"https:\/\/lacanquotidien.fr\/blog\/wp-json\/wp\/v2\/comments?post=1124"}],"version-history":[{"count":5,"href":"https:\/\/lacanquotidien.fr\/blog\/wp-json\/wp\/v2\/posts\/1124\/revisions"}],"predecessor-version":[{"id":5695,"href":"https:\/\/lacanquotidien.fr\/blog\/wp-json\/wp\/v2\/posts\/1124\/revisions\/5695"}],"wp:attachment":[{"href":"https:\/\/lacanquotidien.fr\/blog\/wp-json\/wp\/v2\/media?parent=1124"}],"wp:term":[{"taxonomy":"category","embeddable":true,"href":"https:\/\/lacanquotidien.fr\/blog\/wp-json\/wp\/v2\/categories?post=1124"},{"taxonomy":"post_tag","embeddable":true,"href":"https:\/\/lacanquotidien.fr\/blog\/wp-json\/wp\/v2\/tags?post=1124"}],"curies":[{"name":"wp","href":"https:\/\/api.w.org\/{rel}","templated":true}]}}