{"id":1130,"date":"2011-09-26T14:15:29","date_gmt":"2011-09-26T12:15:29","guid":{"rendered":"http:\/\/www.lacanquotidien.fr\/blogx16y\/2011\/09\/juan-pablo-lucchelli-mme-roudinesco-en-mal-d%e2%80%99archive-lq-39\/"},"modified":"2011-10-02T03:07:18","modified_gmt":"2011-10-02T01:07:18","slug":"juan-pablo-lucchelli-mme-roudinesco-en-mal-d%e2%80%99archive-lq-39","status":"publish","type":"post","link":"https:\/\/lacanquotidien.fr\/blog\/2011\/09\/juan-pablo-lucchelli-mme-roudinesco-en-mal-d%e2%80%99archive-lq-39\/","title":{"rendered":"&#8211; 39 :  JUAN PABLO LUCCHELLI, Mme Roudinesco en mal d\u2019archive ?"},"content":{"rendered":"<p style=\"text-align: justify;\"><strong> Il y a une quinzaine de jours, j\u2019ai re\u00e7u un appel t\u00e9l\u00e9phonique de Mme Roudinesco. Elle s\u2019est int\u00e9ress\u00e9e \u00e0 un article sur Lacan et L\u00e9vi-Strauss que j\u2019ai publi\u00e9 dans Les Temps Modernes (n\u00b0660, oct. 2010). Elle lui trouvait un seul d\u00e9faut : je ne la citais pas. J\u2019expliquerai la raison dudit d\u00e9faut. Il s\u2019agissait pour moi de d\u00e9montrer<\/strong> <!--more-->comment dans \u00ab Le mythe individuel du n\u00e9vros\u00e9 \u00bb, Lacan s\u2019inspirait d\u2019une \u00ab formule \u00bb, une \u00ab grille \u00bb que CLS appliquait \u00e0 l\u2019analyse des mythes. Mme Roudinesco a consacr\u00e9 plusieurs pages \u00e0 cette affaire dans son livre \u00ab Jacques Lacan, esquisse d\u2019une vie \u00bb : \u00ab Dans son commentaire de 1953 de l\u2019 \u00ab homme aux rats \u00bb, Lacan utilisait sans le dire la description faite par L\u00e9vi-Strauss des syst\u00e8mes Crow-Omaha [des structures \u00e9l\u00e9mentaire de la parent\u00e9]\u00bb (Lacan, p. 285). Or, dans la m\u00eame page, l\u2019auteur \u00e9voque une conf\u00e9rence de CLS du 26 mai 1956 intitul\u00e9e \u00ab Sur les rapports entre la mythologie et le rituel \u00bb \u00e0 laquelle Lacan assistait et o\u00f9 il intervenait pour reconna\u00eetre publiquement avoir emprunt\u00e9, et avoir inform\u00e9 de cela CLS, une \u00ab grille \u00bb utilis\u00e9e par lui pour analyser les mythes. Mais ce n\u2019est pas tout : dans son intervention lors de la conf\u00e9rence de CLS sur le mythe et le rite, Lacan indique que la \u00ab grille \u00bb dont il s\u2019agit est celle utilis\u00e9e par l\u2019ethnologue dans son article paru dans Journal of American folklore (1955) qui n\u2019est rien d\u2019autre que le chapitre XI de l\u2019Anthropologie Structurale (1958) intitul\u00e9 \u00ab La structure des mythes \u00bb et qui traite, rien d\u2019\u00e9tonnant \u00e0 cela, de l\u2019analyse des mythes !<br \/>\nBref, l\u2019historienne a les sources sous les yeux : tout renvoie \u00e0 l\u2019analyse des mythes, et le titre de la conf\u00e9rence de CLS (qui porte sur le mythe et le rite) et l\u2019article auquel Lacan fait r\u00e9f\u00e9rence qui traite des mythes. Pourtant Roudinesco suppose que Lacan utilise, sans le citer, une \u00ab grille \u00bb des Structures \u00e9l\u00e9mentaires de la parent\u00e9, ce qui n\u2019a rien \u00e0 voir avec les mythes ! Pourquoi ce brouillon ? Cela me para\u00eet \u00e9vident : Roudinesco a besoin de la r\u00e9f\u00e9rence des \u00ab Structures \u00e9l\u00e9mentaires \u00bb (1949) afin de pouvoir expliquer le \u00ab vol \u00bb intellectuel op\u00e9r\u00e9 par Lacan en 1953 : mis \u00e0 part ce for\u00e7age chronologique, il n\u2019y a aucun rapport entre la \u00ab grille \u00bb utilis\u00e9e par Lacan en 1953 et les \u00ab Structures \u00e9l\u00e9mentaires \u00bb. Par contre, on sait que CLS utilisait la fameuse \u00ab grille \u00bb \u00e0 laquelle Lacan fait r\u00e9f\u00e9rence, \u00e0 l\u2019E.P.H.E. d\u00e8s 1952, comme il me l\u2019a confi\u00e9 lui-m\u00eame dans une lettre du 20 janvier 2000 et comme j\u2019ai pu le v\u00e9rifier moi-m\u00eame dans les \u00ab Fonds L\u00e9vi-Strauss \u00bb de la BnF, gr\u00e2ce \u00e0 l\u2019aimable autorisation de Mme Monique L\u00e9vi-Strauss. Le tout fera l\u2019objet d\u2019une prochaine publication.<\/p>\n","protected":false},"excerpt":{"rendered":"<p style=\"text-align: justify;\"> Il y a une quinzaine de jours, j\u2019ai re\u00e7u un appel t\u00e9l\u00e9phonique de Mme Roudinesco. Elle s\u2019est int\u00e9ress\u00e9e \u00e0 un article sur Lacan et L\u00e9vi-Strauss que j\u2019ai publi\u00e9 dans Les Temps Modernes (n\u00b0660, oct. 2010). Elle lui trouvait un seul d\u00e9faut : je ne la citais pas. J\u2019expliquerai la raison dudit d\u00e9faut. [&#8230;]<\/p>\n","protected":false},"author":4,"featured_media":2188,"comment_status":"closed","ping_status":"closed","sticky":false,"template":"","format":"standard","meta":{"_monsterinsights_skip_tracking":false,"_monsterinsights_sitenote_active":false,"_monsterinsights_sitenote_note":"","_monsterinsights_sitenote_category":0,"footnotes":""},"categories":[6],"tags":[420],"class_list":["post-1130","post","type-post","status-publish","format-standard","has-post-thumbnail","hentry","category-courrier","tag-juan-pablo-lucchelli"],"_links":{"self":[{"href":"https:\/\/lacanquotidien.fr\/blog\/wp-json\/wp\/v2\/posts\/1130","targetHints":{"allow":["GET"]}}],"collection":[{"href":"https:\/\/lacanquotidien.fr\/blog\/wp-json\/wp\/v2\/posts"}],"about":[{"href":"https:\/\/lacanquotidien.fr\/blog\/wp-json\/wp\/v2\/types\/post"}],"author":[{"embeddable":true,"href":"https:\/\/lacanquotidien.fr\/blog\/wp-json\/wp\/v2\/users\/4"}],"replies":[{"embeddable":true,"href":"https:\/\/lacanquotidien.fr\/blog\/wp-json\/wp\/v2\/comments?post=1130"}],"version-history":[{"count":10,"href":"https:\/\/lacanquotidien.fr\/blog\/wp-json\/wp\/v2\/posts\/1130\/revisions"}],"predecessor-version":[{"id":2192,"href":"https:\/\/lacanquotidien.fr\/blog\/wp-json\/wp\/v2\/posts\/1130\/revisions\/2192"}],"wp:featuredmedia":[{"embeddable":true,"href":"https:\/\/lacanquotidien.fr\/blog\/wp-json\/wp\/v2\/media\/2188"}],"wp:attachment":[{"href":"https:\/\/lacanquotidien.fr\/blog\/wp-json\/wp\/v2\/media?parent=1130"}],"wp:term":[{"taxonomy":"category","embeddable":true,"href":"https:\/\/lacanquotidien.fr\/blog\/wp-json\/wp\/v2\/categories?post=1130"},{"taxonomy":"post_tag","embeddable":true,"href":"https:\/\/lacanquotidien.fr\/blog\/wp-json\/wp\/v2\/tags?post=1130"}],"curies":[{"name":"wp","href":"https:\/\/api.w.org\/{rel}","templated":true}]}}