{"id":1134,"date":"2011-09-26T14:35:52","date_gmt":"2011-09-26T12:35:52","guid":{"rendered":"http:\/\/www.lacanquotidien.fr\/blogx16y\/2011\/09\/appel-rafah-lq-39\/"},"modified":"2011-10-06T21:26:59","modified_gmt":"2011-10-06T19:26:59","slug":"appel-rafah-lq-39","status":"publish","type":"post","link":"https:\/\/lacanquotidien.fr\/blog\/2011\/09\/appel-rafah-lq-39\/","title":{"rendered":"Appel : Rafah ! &#8211; LQ 39"},"content":{"rendered":"<p style=\"text-align: justify;\"><strong>&#8211; www.oedipe.org secretariat@oedipe.org. Chers coll\u00e8gues, Rafah Nached se trouve dans une prison pour femmes. Elle a droit \u00e0 deux visites par semaine (dur\u00e9e de la visite : 30 minutes). Son \u00e9tat de sant\u00e9 est de plus en plus pr\u00e9occupant. Son mari (Professeur Fa\u00efsal Abdallah) m&rsquo;a dit aujourd&rsquo;hui qu&rsquo;il \u00e9tait all\u00e9 lui rendre visite. Mais Rafah \u00e9tait incapable de rester debout pendant les 30 mn de l&rsquo;entrevue. Nous avons fait circuler des p\u00e9titions, collect\u00e9 un certain nombre de signatures. Mais ce n&rsquo;est pas suffisant. \u2028Rafah est accus\u00e9e d&rsquo;incitation au soul\u00e8vement, incitation au renversement du gouvernement et non respect de l&rsquo;ordre public. Elle risque d&rsquo;\u00eatre condamn\u00e9e \u00e0 sept ans de prison. \u2028Houria Abdelouahed Universit\u00e9 Paris Diderot.<\/strong><br \/>\n<strong> &#8211; JACQUES-ALAIN MILLER. Lula a re\u00e7u un coll\u00e8gue br\u00e9silien de l\u2019AMP, qui lui a remis une lettre de Leonardo Gorostiza, le priant de signer pour Rafah. Lula a refus\u00e9, prenant pr\u00e9texte d\u2019un devoir de r\u00e9serve qui s\u2019imposerait \u00e0 lui comme ex-pr\u00e9sident. Mais ce n\u2019est pas fini : Lula est \u00e0 Paris, il a \u00e9t\u00e9 re\u00e7u par le Pr\u00e9sident fran\u00e7ais, et l\u2019\u00e9pouse de celui-ci, notre amie Carla, est dispos\u00e9e \u00e0 intervenir, m\u2019a-t-elle dit aujourd\u2019hui. Nous avons parl\u00e9 de ce qu\u2019elle pourrait faire, qui soit compatible avec son devoir de r\u00e9serve \u00e0 elle : elle est tr\u00e8s touch\u00e9e par le sort de Rafah. Christiane Alberti et Guy Briole seront de retour de Shanghai demain matin, et rapportent un document manuscrit, sign\u00e9 de plusieurs professeurs d\u2019universit\u00e9. Enfin, pas de nouvelles encore de la \u00ab bonne f\u00e9e \u00bb qui \u0153uvre en Syrie.<\/strong><\/p>\n<p style=\"text-align: center;\"><strong>SIGNATURES<\/strong><!--more--><br \/>\n&#8211; J\u00e9r\u00f4me Cl\u00e9ment, ancien pr\u00e9sident de Arte (par CC)<br \/>\n&#8211; Arielle Dombasle, actrice et chanteuse (dorect)<br \/>\n&#8211; Partido Progresista \u2013 Chile (Raquel Cors)<br \/>\n&#8211; Samuel Doria Medina, indusriel et homme politique bolivien (qui conn\u00fbt une exp\u00e9rience<br \/>\n\u200bcomparable en 1995 \u2013 idem)<br \/>\n&#8211; Toni Soler, journaliste en catalogne, dirige un programme de t\u00e9l\u00e9vision<br \/>\n(Isabelle Durand)<br \/>\n&#8211; Ariadna Trillas, directrice adjointe du journal ARA, de Barcelone<br \/>\n&#8211; Carles Capdevila, directeur d\u2019ARA.<\/p>\n<p><iframe loading=\"lazy\" style=\"width: 100%;\" src=\"https:\/\/lq1.wufoo.com\/embed\/z7x3k1\/\" frameborder=\"0\" scrolling=\"no\" width=\"320\" height=\"721\"><\/iframe><\/p>\n","protected":false},"excerpt":{"rendered":"<p style=\"text-align: justify;\">&#8211; www.oedipe.org secretariat@oedipe.org. Chers coll\u00e8gues, Rafah Nached se trouve dans une prison pour femmes. Elle a droit \u00e0 deux visites par semaine (dur\u00e9e de la visite : 30 minutes). Son \u00e9tat de sant\u00e9 est de plus en plus pr\u00e9occupant. Son mari (Professeur Fa\u00efsal Abdallah) m&rsquo;a dit aujourd&rsquo;hui qu&rsquo;il \u00e9tait all\u00e9 lui rendre visite. [&#8230;]<\/p>\n","protected":false},"author":4,"featured_media":2102,"comment_status":"closed","ping_status":"closed","sticky":false,"template":"","format":"standard","meta":{"_monsterinsights_skip_tracking":false,"_monsterinsights_sitenote_active":false,"_monsterinsights_sitenote_note":"","_monsterinsights_sitenote_category":0,"footnotes":""},"categories":[231],"tags":[271,35,34],"class_list":["post-1134","post","type-post","status-publish","format-standard","has-post-thumbnail","hentry","category-rafah","tag-oedipe-org","tag-petition","tag-rafah-nached"],"_links":{"self":[{"href":"https:\/\/lacanquotidien.fr\/blog\/wp-json\/wp\/v2\/posts\/1134","targetHints":{"allow":["GET"]}}],"collection":[{"href":"https:\/\/lacanquotidien.fr\/blog\/wp-json\/wp\/v2\/posts"}],"about":[{"href":"https:\/\/lacanquotidien.fr\/blog\/wp-json\/wp\/v2\/types\/post"}],"author":[{"embeddable":true,"href":"https:\/\/lacanquotidien.fr\/blog\/wp-json\/wp\/v2\/users\/4"}],"replies":[{"embeddable":true,"href":"https:\/\/lacanquotidien.fr\/blog\/wp-json\/wp\/v2\/comments?post=1134"}],"version-history":[{"count":9,"href":"https:\/\/lacanquotidien.fr\/blog\/wp-json\/wp\/v2\/posts\/1134\/revisions"}],"predecessor-version":[{"id":2624,"href":"https:\/\/lacanquotidien.fr\/blog\/wp-json\/wp\/v2\/posts\/1134\/revisions\/2624"}],"wp:featuredmedia":[{"embeddable":true,"href":"https:\/\/lacanquotidien.fr\/blog\/wp-json\/wp\/v2\/media\/2102"}],"wp:attachment":[{"href":"https:\/\/lacanquotidien.fr\/blog\/wp-json\/wp\/v2\/media?parent=1134"}],"wp:term":[{"taxonomy":"category","embeddable":true,"href":"https:\/\/lacanquotidien.fr\/blog\/wp-json\/wp\/v2\/categories?post=1134"},{"taxonomy":"post_tag","embeddable":true,"href":"https:\/\/lacanquotidien.fr\/blog\/wp-json\/wp\/v2\/tags?post=1134"}],"curies":[{"name":"wp","href":"https:\/\/api.w.org\/{rel}","templated":true}]}}