{"id":1135,"date":"2011-09-26T14:43:08","date_gmt":"2011-09-26T12:43:08","guid":{"rendered":"http:\/\/www.lacanquotidien.fr\/blogx16y\/2011\/09\/courrier-lq-39\/"},"modified":"2011-10-02T02:58:20","modified_gmt":"2011-10-02T00:58:20","slug":"courrier-lq-39","status":"publish","type":"post","link":"https:\/\/lacanquotidien.fr\/blog\/2011\/09\/courrier-lq-39\/","title":{"rendered":"&#8211; 39"},"content":{"rendered":"<p style=\"text-align: justify;\">VAL\u00c9RIE PERA GUILLOT. Madame le Maire de Rouen, Depuis le 10 septembre 2011, Madame Rafah Nached, premi\u00e8re femme psychanalyste \u00e0 exercer en Syrie, fondatrice de l\u2019Ecole de psychanalyse de Damas, est enferm\u00e9e dans les prisons de son pays. Ag\u00e9e de 66 ans, sa sant\u00e9 s\u2019est r\u00e9cemment aggrav\u00e9e.<!--more--><br \/>\nEn ao\u00fbt 2011, face aux \u00e9v\u00e9nements tr\u00e8s graves qui se d\u00e9roulent en Syrie, elle a mis son savoir faire au service de ses concitoyens, en offrant un espace de paroles ouvert \u00e0 tous. Elle accompagnait ceux qui cherchent les mots pour dire l\u2019angoisse qui les empare devant la violence qui d\u00e9chire le pays.<br \/>\nTous ceux-l\u00e0 sont aujourd\u2019hui plus seuls encore puisque celle qui entendait leur d\u00e9tresse a \u00e9t\u00e9 contrainte au silence. Pas le silence de l\u2019analyste qui sauve la parole mais le silence impos\u00e9 par une main anonyme qui ruine toute parole.<br \/>\nJe vous prie de bien vouloir signer l\u2019appel \u00ab Lib\u00e9rez Rafah ! Du raffut pour RAFAH ! \u00bb en adressant un message \u00e0 rafah.navarin@gmail.com. Cet appel est sign\u00e9 par de nombreuses personnalit\u00e9s, artistes, hommes et femmes politiques, et par tous ceux qui mesurent que maintenir emprisonn\u00e9e Rafah Nached, c\u2019est laisser libre l\u2019horreur.<br \/>\nRestant \u00e0 votre disposition pour tout renseignement qui vous para\u00eetra n\u00e9cessaire, j\u2019esp\u00e8re que cet appel retiendra votre attention. Je vous prie d\u2019agr\u00e9er, Madame le Maire l\u2019expression de ma haute consid\u00e9ration.<\/p>\n<p style=\"text-align: justify;\">ANA LYDIA SANTIAGO. Caro Leonardo, Tilden Santiago, irm\u00e3o de J\u00e9sus e ex embaixador do Brasil, em cCuba, inaugurou a assinatura de politicos na peti\u00e7\u00e3o. Agora, aguardamos a confirma\u00e7\u00e3o do celebre teologo Leonardo Boff. Um aluno prepara o twitter para come\u00e7armos a twittar. lhe envio mensagens para acompanhar o movimento. Abra\u00e7o.<\/p>\n<p style=\"text-align: justify;\">TILDEN SANTIAGO. Eu, Tilden Santiago, suplente de Senador, Embaixador do Brasil em Cuba no periodo de 2003-2007, Deputado Federal de 1990-2002, jornalista e ex-prisioneiro polit\u00edco, assino a peti\u00e7\u00e3o coletiva de liberta\u00e7\u00e3o da psicanalista Rafah NACHED e apoio todas as iniciativas em sua defesa.<\/p>\n<p style=\"text-align: justify;\">MARIE-H\u00c9L\u00c8NE BROUSSE. Du Br\u00e9sil. A Sao Paulo, aux journ\u00e9es du Clin\u2019a et aussi au si\u00e8ge de l\u2019EBP section SP, rencontre et discussions avec nos coll\u00e8gues br\u00e9siliens. Ils se d\u00e9m\u00e8nent pour Rafah : Marcelo Veras de Bahia a rencontr\u00e9 Lula, qui en fonction d\u2019une loi qui interdit aux ex Pr\u00e9sidents d\u2019intervenir en politique \u00e9trang\u00e8re consid\u00e8re qu\u2019il ne peut rien dire, il a communiqu\u00e9 avec une secr\u00e9taire du ministre des affaires \u00e9trang\u00e8res qui malheureusement \u00e9tait \u00e0 New York, Forbes a joint des amis politiciens, Oscar Reymundo fait circuler une p\u00e9tition \u00e0 l\u2019Universit\u00e9 de Santa Catarina. Ana Lydia Santiago, AE, Pr\u00e9sidente de l\u2019EBP organise une \u00ab twitada \u00bb d\u2019artistes, initiative partag\u00e9e avec les membres du Conseil d\u00e8s lors qu\u2019ils eurent constat\u00e9 l\u2019absence de r\u00e9action de la classe politique. Il semblerait \u00e0 l\u2019heure o\u00f9 nous \u00e9crivons ces lignes que Tilden Santiago, ancien ambassadeur \u00e0 Cuba, du parti PT de Lula, et fr\u00e8re de notre coll\u00e8gue Jesus Santiago, soit pr\u00eat \u00e0 signer et aussi \u00e0 amener \u00e0 signer Leonardo Boff, \u00e9crivain, th\u00e9ologien de la Lib\u00e9ration, militant des droits de l\u2019homme, personnalit\u00e9 morale importante de la sc\u00e8ne br\u00e9silienne. Ana Lydia donnera tr\u00e8s vite des nouvelles \u00e0 LQ. Nos coll\u00e8gues font tout pour intervenir dans des journaux, \u00e0 la t\u00e9l\u00e9vision\u2026 Ils ne se d\u00e9couragent pas. Mais ils affrontent au Br\u00e9sil une r\u00e9action qui semble partag\u00e9e par toute la classe politique. Elle se capitonne dans une petite phrase que mes interlocuteurs, tous, citent \u00e0 l\u2019identique : \u00ab Je ne la connais pas \u00bb. S\u2019ils la connaissaient\u2026Oscar Reymundo, qui en son temps affronta la dictature argentine, compl\u00e9tait ce S1 par un S2 \u00ab Elle aura fait quelque chose \u00bb \u00ab Habra hecho algo \u00bb. Oui elle a fait quelque chose.<br \/>\nJ\u2019avais il y a deux ans visit\u00e9 avec Angelina Harari \u00e0 la Esta\u00e7ao Pinacoteca de Sao Paulo, situ\u00e9e dans les locaux m\u00eame du DEOPS (D\u00e9partement d\u2019\u00e9tat de l\u2019ordre politique et social, lieu o\u00f9 \u00e9taient amen\u00e9s et tortur\u00e9s les opposants \u00e0 la dictature) une exposition sur la dictature de 1974, une exposition terrible et magnifique, qui montrait la sauvagerie de la tyrannie et le courage de la lutte engag\u00e9e par de nombreux br\u00e9siliens, qui montrait les s\u00e9questrations, les enl\u00e8vements, l\u2019arbitraire mortel\u2026 La Pr\u00e9sidente de la R\u00e9publique actuelle a v\u00e9cu elle-m\u00eame cet enfer et l\u2019a rappel\u00e9 dans sa campagne.<br \/>\nLes hommes et femmes politiques br\u00e9siliens, ne connaissent pas Rafah. Mais ils ont connu la DEOPS, dont l\u2019objectif \u00e9tait de r\u00e9primer, de pr\u00e9venir les \u00ab d\u00e9lits \u00bb consid\u00e9r\u00e9s d\u2019ordre politique et social contre la s\u00e9curit\u00e9 de l\u2019\u00e9tat. La DEOPS a \u00e9t\u00e9 supprim\u00e9e en 1983. Sinistre m\u00e9moire dont il demeure les archives d\u00e9pos\u00e9es aux archives publiques. Aujourd\u2019hui Rafah est s\u00e9questr\u00e9e par une autre DEOPS : sinistre m\u00e9moire contre sinistre actualit\u00e9 ? Le r\u00e9sultat est le suivant : la classe politique ne signe pas. Mais les psychanalystes eux ne reculent pas devant la m\u00e9moire surtout quand elle est sinistre, pas non plus devant la m\u00e9moire en train de se faire.<\/p>\n<p style=\"text-align: justify;\">YVES VANDERVEKEN. \u00c0 Jacques-Alain Miller et Laurent Le Vaguer\u00e8se. Mental, la revue internationale de psychanalyse de l\u2019EuroF\u00e9d\u00e9ration de Psychanalyse, souhaite se joindre et participer, en tant que revue, au Comit\u00e9 de soutien \u00e0 Rafah Nached dont la constitution est annonc\u00e9e dans LQ 38.<\/p>\n<p style=\"text-align: justify;\">BENO\u00ceT DELARUE et ALAIN LE BOU\u00cbTT\u00c9. Communiqu\u00e9 N\u00b01 du 25\/09\/11. Comit\u00e9 de soutien Rennes ACF : du raff\u00fbt pour Rafah Nached!<br \/>\nAlors qu\u2019elle s\u2019appr\u00eatait \u00e0 s\u2019envoler pour Paris afin d\u2019assister \u00e0 l\u2019accouchement de sa fille, la psychanalyste syrienne Rafah Nached, fondatrice de l\u2019Ecole de Psychanalyse de Damas, dipl\u00f4m\u00e9e en Psychologie Clinique de l\u2019Universit\u00e9 Paris 7, a \u00e9t\u00e9 arr\u00eat\u00e9e \u00e0 l\u2019a\u00e9roport de Damas le 10 septembre dernier, avant d\u2019\u00eatre inculp\u00e9e, le 14 septembre, d\u2019\u00ab activit\u00e9s susceptibles d\u2019entra\u00eener une d\u00e9stabilisation de l\u2019Etat \u00bb.<br \/>\nLa liste des signataires de la p\u00e9tition initi\u00e9e par Jacques-Alain Miller, psychanalyste et \u00e9crivain, s\u2019allonge de jour en jour : de Fr\u00e9d\u00e9ric Mitterrand \u00e0 Jean-Fran\u00e7ois Cop\u00e9 en passant par Martine Aubry, Fran\u00e7ois Hollande, Robert Hue ou Marielle de Sarnez, sans compter les Kristeva, Sollers, BHL, Badiou\u2026 Tous sont sur le pied de guerre. La mobilisation a lieu \u00e9galement au niveau international.<br \/>\nPour signer la p\u00e9tition, il suffit d&rsquo;envoyer un mail \u00e0 l\u2019adresse ci-jointe : rafah.navarin@gmail.com<br \/>\nRafah Nached a 66 ans, elle est atteinte d\u2019une maladie cardiaque, sa vie est en danger. Devant l\u2019urgence de la situation, sa sant\u00e9 se d\u00e9gradant tr\u00e8s rapidement en prison, le bureau de l&rsquo;Association Cause Freudienne Rennes vient de cr\u00e9er un Comit\u00e9 de Soutien. Il sera l\u2019adresse des initiatives prises localement afin d\u2019obtenir la remise en libert\u00e9 imm\u00e9diate de Rafah Nached. Premi\u00e8re action : demande adress\u00e9e aux institutions pour apposer une banderole. R\u00e9alisation de la banderole par Jean-Charles Troadec. Deuxi\u00e8me action : diffusion de tracts \u00e0 l\u2019initiative de Jeanne Joucla et Laetitia Belle, lors de la soir\u00e9e Psychanalyse-Cin\u00e9ma le lundi 26 septembre au Cin\u00e9-TNB en pr\u00e9sence de Beno\u00eet Jacquot .Troisi\u00e8me action : contacts avec la presse. Contacts : alain.lebouette@wanadoo.fr et delarueben@yahoo.fr<br \/>\nMARC<br \/>\nYVES VANDERVEKEN. Cher Jacques-Alain Miller, J\u2019ai termin\u00e9 ce dimanche en fin d\u2019apr\u00e8s-midi la relecture des \u00e9preuves du dernier num\u00e9ro de la CF, et particuli\u00e8rement &#8211; \u00e0 la demande de Nathalie &#8211; la version augment\u00e9e, dirai-je, du d\u00e9but de votre Vie. Je trouve qu\u2019elle lui donne, si c\u2019\u00e9tait possible, encore plus d\u2019allure et en amplifie la force litt\u00e9raire. Quel plaisir de lecture! C\u2019est virevoltant. La biblioth\u00e8que universelle qui se met \u00e0 danser. On entend imm\u00e9diatement, et sans cesse, une voix dans cet \u00e9crit. J\u2019y ai retrouv\u00e9 pr\u00e9cis\u00e9ment ce que dit Sollers, dans une r\u00e9cente interview film\u00e9e \u00e0 propos de Fran\u00e7oise Sagan \u2013 au demeurant plus passionnante, \u00e0 mon sens et si j\u2019ose, que sa derni\u00e8re sortie lors du s\u00e9minaire de la R\u00e8gle du jeu. A savoir, que se rep\u00e8re imm\u00e9diatement \u2013 et que c\u2019est extr\u00eamement rare ! \u2013 si une voix habite un texte ou pas. J\u2019irai jusqu\u2019\u00e0 dire que vous r\u00e9ussissez ce tour de force que deux pr\u00e9sences &#8211; au moins &#8211; y habitent. La v\u00f4tre et celle de Lacan. Merci.<\/p>\n<p style=\"text-align: justify;\">LUC GARCIA. Si doux, cher Jacques-Alain Miller, ce moment ce matin \u00e0 la r\u00e8gle du jeu. On repart avec un soleil, parce qu&rsquo;on est touch\u00e9 quand \u00e7a sonne juste, ce fut joyeux, une vibration.<\/p>\n","protected":false},"excerpt":{"rendered":"<p style=\"text-align: justify;\">VAL\u00c9RIE PERA GUILLOT. Madame le Maire de Rouen, Depuis le 10 septembre 2011, Madame Rafah Nached, premi\u00e8re femme psychanalyste \u00e0 exercer en Syrie, fondatrice de l\u2019Ecole de psychanalyse de Damas, est enferm\u00e9e dans les prisons de son pays. Ag\u00e9e de 66 ans, sa sant\u00e9 s\u2019est r\u00e9cemment aggrav\u00e9e.<\/p>\n","protected":false},"author":4,"featured_media":2183,"comment_status":"closed","ping_status":"closed","sticky":false,"template":"","format":"standard","meta":{"_monsterinsights_skip_tracking":false,"_monsterinsights_sitenote_active":false,"_monsterinsights_sitenote_note":"","_monsterinsights_sitenote_category":0,"footnotes":""},"categories":[6],"tags":[],"class_list":["post-1135","post","type-post","status-publish","format-standard","has-post-thumbnail","hentry","category-courrier"],"_links":{"self":[{"href":"https:\/\/lacanquotidien.fr\/blog\/wp-json\/wp\/v2\/posts\/1135","targetHints":{"allow":["GET"]}}],"collection":[{"href":"https:\/\/lacanquotidien.fr\/blog\/wp-json\/wp\/v2\/posts"}],"about":[{"href":"https:\/\/lacanquotidien.fr\/blog\/wp-json\/wp\/v2\/types\/post"}],"author":[{"embeddable":true,"href":"https:\/\/lacanquotidien.fr\/blog\/wp-json\/wp\/v2\/users\/4"}],"replies":[{"embeddable":true,"href":"https:\/\/lacanquotidien.fr\/blog\/wp-json\/wp\/v2\/comments?post=1135"}],"version-history":[{"count":6,"href":"https:\/\/lacanquotidien.fr\/blog\/wp-json\/wp\/v2\/posts\/1135\/revisions"}],"predecessor-version":[{"id":2185,"href":"https:\/\/lacanquotidien.fr\/blog\/wp-json\/wp\/v2\/posts\/1135\/revisions\/2185"}],"wp:featuredmedia":[{"embeddable":true,"href":"https:\/\/lacanquotidien.fr\/blog\/wp-json\/wp\/v2\/media\/2183"}],"wp:attachment":[{"href":"https:\/\/lacanquotidien.fr\/blog\/wp-json\/wp\/v2\/media?parent=1135"}],"wp:term":[{"taxonomy":"category","embeddable":true,"href":"https:\/\/lacanquotidien.fr\/blog\/wp-json\/wp\/v2\/categories?post=1135"},{"taxonomy":"post_tag","embeddable":true,"href":"https:\/\/lacanquotidien.fr\/blog\/wp-json\/wp\/v2\/tags?post=1135"}],"curies":[{"name":"wp","href":"https:\/\/api.w.org\/{rel}","templated":true}]}}