{"id":1136,"date":"2011-09-26T14:46:00","date_gmt":"2011-09-26T12:46:00","guid":{"rendered":"http:\/\/www.lacanquotidien.fr\/blogx16y\/2011\/09\/journees-organisees-par-la-societe%c2%ab-medecine-et-psychanalyse-%c2%bb-smpp-sous-la-responsabilite-de-daniele-brun-lq-39\/"},"modified":"2011-11-25T11:07:13","modified_gmt":"2011-11-25T10:07:13","slug":"journees-organisees-par-la-societe%c2%ab-medecine-et-psychanalyse-%c2%bb-smpp-sous-la-responsabilite-de-daniele-brun-lq-39","status":"publish","type":"post","link":"https:\/\/lacanquotidien.fr\/blog\/2011\/09\/journees-organisees-par-la-societe%c2%ab-medecine-et-psychanalyse-%c2%bb-smpp-sous-la-responsabilite-de-daniele-brun-lq-39\/","title":{"rendered":"Journ\u00e9es organis\u00e9es par la soci\u00e9t\u00e9 \u00ab M\u00e9decine et Psychanalyse \u00bb (SMPP) sous la responsabilit\u00e9 de Dani\u00e8le Brun &#8211; LQ 39"},"content":{"rendered":"<p style=\"text-align: justify;\"><strong>Vendredi 30 septembre de 20 h 00 \u00e0 23 h 00 Samedi 1er octobre de 9 h 30 \u00e0 19 h 15<\/strong><br \/>\n<strong> Grand auditorium du Coll\u00e8ge des Bernardins 20, rue de Poissy Paris \u2013 75005<\/strong><\/p>\n<p style=\"text-align: justify;\"><strong>Journ\u00e9es organis\u00e9es par la soci\u00e9t\u00e9\u00ab M\u00e9decine et Psychanalyse \u00bb (SMPP) sous la responsabilit\u00e9 de Dani\u00e8le Brun.<\/strong><\/p>\n<p style=\"text-align: justify;\">A l&rsquo;automne 1952, \u00e9crit Conrad Stein, <!--more-->pouss\u00e9 par une vive curiosit\u00e9 qui \u00e9tait alors ma seule motivation consciente, j&rsquo;entrai en analyse avec Marc Schlumberger \u2014 analyse didactique bien entendu \u2014, en m\u00eame temps que d\u00e9butait ma carri\u00e8re dans l&rsquo;Internat des H\u00f4pitaux psychiatriques de la Seine. Sans avoir \u00e0 remonter, ni au psychanalyste anglais qui \u00e9conduisit mon p\u00e8re, lorsque j&rsquo;avais quatre ans, en lui d\u00e9clarant qu&rsquo;il \u00e9tait bien portant, ni \u00e0 l&rsquo;ophtalmologiste suisse qui conseilla une psychanalyse \u00e0 ma m\u00e8re venue demander des lunettes lorsque j&rsquo;avais vingt ans \u2014 tous deux praticiens dont j&rsquo;ignore jusqu&rsquo;au nom \u2014, je puis affirmer que ceux qui ont \u00e9veill\u00e9 en moi ladite curiosit\u00e9 et \u00e0 qui il se peut que je sois devenu ce que je suis, ne font nullement figure de mod\u00e8les [] Le fait que des influences de cette sorte soient particuli\u00e8rement ais\u00e9es \u00e0 d\u00e9celer dans l&rsquo;\u0153uvre de Freud, me ram\u00e8ne aux rapports toujours probl\u00e9matiques qu&rsquo;un psychanalyste entretient avec les \u00e9crits du fondateur de sa discipline aussi bien qu&rsquo;avec l&rsquo;enseignement dispens\u00e9 par ceux qui se pr\u00e9sentent comme les gardiens de l&rsquo;orthodoxie [] C&rsquo;est ainsi que je m&rsquo;engageai dans un travail qui aboutit \u00e0 la publication, en 1971, d&rsquo;un livre intitul\u00e9 L&rsquo;Enfant imaginaire, et que, parall\u00e8lement, je consacrai mon s\u00e9minaire \u00e0 une lecture essentiellement critique de l&rsquo;\u0153uvre majeure de Freud, autrement dit \u00e0 une lecture visant \u00e0 appr\u00e9hender \u2014 pour mon compte, cela va de soi \u2014 , les mouvements occultes dont cette \u0153uvre est le fruit. \u00bb (in Pr\u00e9face \u00e0 La mort d&rsquo;Oedipe, Paris, Deno\u00ebl, coll. M\u00e9diations, 1977).<br \/>\nL&rsquo;hommage qui sera pr\u00e9sentement rendu \u00e0 Conrad Stein, un an apr\u00e8s sa disparition, sera \u00e9galement l&rsquo;occasion d&rsquo;une nouvelle publication de L&rsquo;Enfant imaginaire en \u00e9dition de poche (Champs Flammarion) et de la parution d&rsquo;un volume, intitul\u00e9 Le monde du r\u00eave, le monde des enfants (Ed Aubier-Psychanalyse), deux th\u00e8mes chers \u00e0 l&rsquo;auteur. Ce livre, introduit par un po\u00e8me d\u00e9di\u00e9 d&rsquo;Henry Bauchau, rassemble plusieurs textes in\u00e9dits parmi lesquels : &#8211; Le bois de l&rsquo;holocauste : sur l&rsquo;\u00e9criture de Freud Oedipe le surhumain ou le d\u00e9saveu du f\u00e9minin, post-face de Monique Schneider &#8211; Les Erinyes d\u2019une m\u00e8re : Essai sur la haine &#8211; Effet d\u2019offrande, situation de danger : sur une difficult\u00e9 majeure de la psychanalyse.<br \/>\nPROGRAMME Vendredi 30 septembre PR\u00c9SENCES DE FREUD 20 h 00 &#8211; 23 h 00 Pr\u00e9sidence et discution Pr. Dani\u00e8le Brun 20 h 00 &#8211; 20 h 45 Ouverture du colloque Pr. Marcel Gauchet : L\u2019int\u00e9r\u00eat de la psychanalyse aujourd\u2019hui SUR LE VIF AVEC CONRAD STEIN 20 h 45 \u2013 21 h 15 Dr. Michel Neyraut: L\u2019aube des patriarches 21 h 15 \u2013 21 h 45 Dr. Jean-Luc Donnet : \u00ab La double rencontre \u00bb et ses prolongements 21h 45 \u2013 22 h 15 Dr. Ren\u00e9 Major: Bonneval 1960 22 h 15 \u2013 23 h 00 Discussion<br \/>\nSamedi 1er octobre LE MONDE DU R\u00caVE, LE MONDE DES ENFANTS CONRAD STEIN, LECTEUR DE FREUD Pr\u00e9sidence et discussion : Louis Ruiz 09 h 30 \u2013 10 h 15 Pr. Monique Schneider :D\u2019Oedipe \u00e0 Jocaste: le d\u00e9saveu du f\u00e9minin 10 h 15 \u2013 10 h 45 Pr. Alain Vanier : L&rsquo;espace de la pens\u00e9e freudienne dans les supervisions selon Stein 10h45 \u2013 11h00 Discussion avec la salle 11h00 \u2013 11h30 Pause ACTUALIT\u00c9 DE L\u2019ENFANT IMAGINAIRE Pr\u00e9sidence et discussion de la table ronde : Dr. Jacqueline Rousseau Dujardin 11 h 30 \u2013 12 h 00 Pr. Roland Gori : La s\u00e9ance de psychanalyse : un r\u00eave parl\u00e9 ?12 h 00 \u2013 12 h 30 Pr. Dani\u00e8le Brun :Majest\u00e9 et d\u00e9tresse : les vis\u00e9es de la cure12 h 30 \u2013 13 h 00 Discussion avec la salle 13 h 00 \u2013 14 h 00 D\u00e9jeuner UN PSYCHANALYSTE AU TRAVAIL Pr\u00e9sidence et discussion : Dr. Fran\u00e7oise Gorog 14 h 00 \u2013 14 h 30 Jacques S\u00e9dat : La parole du psychanalyste 14 h 30 \u2013 15 h 00 Jean Allouch : Stein chez Lacan, Lacan chez Stein : moments 15 h 00 \u2013 15 h 30 Discussion 15 h 30 \u2013 16 h 00 Pause TRANSMETTRE ET PERMETTRE L&rsquo;APPROCHE PSYCHANALYTIQUE Pr\u00e9sidence et discussion : Dr. Alain de Mijolla 16 h 00 \u2013 16 h 30 Pierre-Antoine Ullmo : \u00c9diter Conrad Stein16 h 30 \u2013 17 h 00 Pr. G\u00e9rard Jorland : Le s\u00e9minaire d&rsquo;anthropologie psychanalytique17 h 00 \u2013 17 h 30 Dr. Franck Dugravier : L\u2019enfant, le p\u00e9diatre et le psychanalyste.17h30 \u2013 18h15 : Pr. Renato Mezan et Pr. Lenio Rizzo : Au-del\u00e0 des fronti\u00e8res18 h 15 \u2013 18 h 45 Discussion avec la salle 19 h 15 Fin du colloque et br\u00e8ve conclusion.<\/p>\n","protected":false},"excerpt":{"rendered":"<p style=\"text-align: justify;\">Vendredi 30 septembre de 20 h 00 \u00e0 23 h 00 Samedi 1er octobre de 9 h 30 \u00e0 19 h 15<br \/> Grand auditorium du Coll\u00e8ge des Bernardins 20, rue de Poissy Paris \u2013 75005<\/p>\n<p style=\"text-align: justify;\">Journ\u00e9es organis\u00e9es par la soci\u00e9t\u00e9\u00ab M\u00e9decine et Psychanalyse \u00bb (SMPP) sous la responsabilit\u00e9 de Dani\u00e8le [&#8230;]<\/p>\n","protected":false},"author":9,"featured_media":0,"comment_status":"closed","ping_status":"closed","sticky":false,"template":"","format":"standard","meta":{"_monsterinsights_skip_tracking":false,"_monsterinsights_sitenote_active":false,"_monsterinsights_sitenote_note":"","_monsterinsights_sitenote_category":0,"footnotes":""},"categories":[917],"tags":[],"class_list":["post-1136","post","type-post","status-publish","format-standard","hentry","category-programmes"],"_links":{"self":[{"href":"https:\/\/lacanquotidien.fr\/blog\/wp-json\/wp\/v2\/posts\/1136","targetHints":{"allow":["GET"]}}],"collection":[{"href":"https:\/\/lacanquotidien.fr\/blog\/wp-json\/wp\/v2\/posts"}],"about":[{"href":"https:\/\/lacanquotidien.fr\/blog\/wp-json\/wp\/v2\/types\/post"}],"author":[{"embeddable":true,"href":"https:\/\/lacanquotidien.fr\/blog\/wp-json\/wp\/v2\/users\/9"}],"replies":[{"embeddable":true,"href":"https:\/\/lacanquotidien.fr\/blog\/wp-json\/wp\/v2\/comments?post=1136"}],"version-history":[{"count":4,"href":"https:\/\/lacanquotidien.fr\/blog\/wp-json\/wp\/v2\/posts\/1136\/revisions"}],"predecessor-version":[{"id":5697,"href":"https:\/\/lacanquotidien.fr\/blog\/wp-json\/wp\/v2\/posts\/1136\/revisions\/5697"}],"wp:attachment":[{"href":"https:\/\/lacanquotidien.fr\/blog\/wp-json\/wp\/v2\/media?parent=1136"}],"wp:term":[{"taxonomy":"category","embeddable":true,"href":"https:\/\/lacanquotidien.fr\/blog\/wp-json\/wp\/v2\/categories?post=1136"},{"taxonomy":"post_tag","embeddable":true,"href":"https:\/\/lacanquotidien.fr\/blog\/wp-json\/wp\/v2\/tags?post=1136"}],"curies":[{"name":"wp","href":"https:\/\/api.w.org\/{rel}","templated":true}]}}