{"id":11709,"date":"2012-11-17T20:24:08","date_gmt":"2012-11-17T19:24:08","guid":{"rendered":"http:\/\/www.lacanquotidien.fr\/blog\/?p=11709"},"modified":"2013-11-11T16:28:32","modified_gmt":"2013-11-11T15:28:32","slug":"lacan-quotidien-n250-nouvelles-ditalie-a-propos-de-lautisme-par-antonio-di-ciaccia","status":"publish","type":"post","link":"https:\/\/lacanquotidien.fr\/blog\/2012\/11\/lacan-quotidien-n250-nouvelles-ditalie-a-propos-de-lautisme-par-antonio-di-ciaccia\/","title":{"rendered":"Lacan Quotidien n\u00b0250 \u2013 Nouvelles d&rsquo;Italie \u00e0 propos de l&rsquo;autisme, par Antonio Di Ciaccia"},"content":{"rendered":"<p><a href=\"http:\/\/www.lacanquotidien.fr\/blog\/wp-content\/uploads\/2012\/11\/LQ-250.pdf\">LQ 250<\/a> \u2190Pour consulter le num\u00e9ro, veuillez cliquer sur ce lien<img decoding=\"async\" title=\"Lire la suite\u2026\" src=\"http:\/\/www.lacanquotidien.fr\/blog\/wp-includes\/js\/tinymce\/plugins\/wordpress\/img\/trans.gif\" alt=\"\" \/><img decoding=\"async\" title=\"Lire la suite\u2026\" src=\"http:\/\/www.lacanquotidien.fr\/blog\/wp-includes\/js\/tinymce\/plugins\/wordpress\/img\/trans.gif\" alt=\"\" \/><img decoding=\"async\" title=\"Lire la suite\u2026\" src=\"http:\/\/www.lacanquotidien.fr\/blog\/wp-includes\/js\/tinymce\/plugins\/wordpress\/img\/trans.gif\" alt=\"\" \/><img decoding=\"async\" title=\"Lire la suite\u2026\" src=\"http:\/\/www.lacanquotidien.fr\/blog\/wp-includes\/js\/tinymce\/plugins\/wordpress\/img\/trans.gif\" alt=\"\" \/><img decoding=\"async\" title=\"Lire la suite\u2026\" src=\"http:\/\/www.lacanquotidien.fr\/blog\/wp-includes\/js\/tinymce\/plugins\/wordpress\/img\/trans.gif\" alt=\"\" \/><img decoding=\"async\" title=\"Lire la suite\u2026\" src=\"http:\/\/www.lacanquotidien.fr\/blog\/wp-includes\/js\/tinymce\/plugins\/wordpress\/img\/trans.gif\" alt=\"\" \/><!--more--><\/p>\n<p align=\"center\"><strong><strong>\u25aa\u00a0<\/strong>NOUVELLES D&rsquo;ITALIE A PROPOS DE L&rsquo;AUTISME\u00a0<strong>\u25aa<\/strong><\/strong><\/p>\n<p align=\"center\"><strong><span style=\"color: #ff0000;\">A Rome: Convaincre les politiques<\/span>,<\/strong> <span style=\"color: #0000ff;\"><strong><em>par Sergio Sabbattini<\/em><\/strong><\/span><\/p>\n<p align=\"center\"><strong><span style=\"color: #ff0000;\">A Venise : hommage \u00e0 Martin Egge<\/span>,<\/strong> <span style=\"color: #0000ff;\"><strong><em>par Brigitte Laffay<\/em><\/strong><\/span><\/p>\n<p align=\"center\"><em><strong>\u25aa <\/strong><\/em><strong>CINEMA <\/strong><em><strong>\u25aa<\/strong><\/em><\/p>\n<p align=\"center\"><strong><strong><strong><span style=\"color: #ff0000;\">\u00ab\u00a0Amour\u00a0\u00bb : <em>funny<\/em> Haneke, <\/span>\u00a0<span style=\"color: #0000ff;\"><em>par Jeanne Joucla<\/em><\/span><\/strong><\/strong><\/strong><\/p>\n<p align=\"center\"><span style=\"color: #000000;\"><strong><strong><strong><em><strong>\u25aa <\/strong><\/em><strong>ANNONCE<\/strong><em><strong>\u25aa<\/strong><\/em><\/strong><\/strong><\/strong><\/span><\/p>\n<p align=\"center\"><span style=\"color: #ff0000;\"><strong><strong><strong>Soir\u00e9e \u00e0 la Maison de l&rsquo;Am\u00e9rique latine <em><span style=\"color: #0000ff;\">le 19 novembre<\/span><\/em><\/strong><\/strong><\/strong><\/span><\/p>\n","protected":false},"excerpt":{"rendered":"<p><a href=\"http:\/\/www.lacanquotidien.fr\/blog\/wp-content\/uploads\/2012\/11\/LQ-250.pdf\">LQ 250<\/a> \u2190Pour consulter le num\u00e9ro, veuillez cliquer sur ce lien<\/p>\n","protected":false},"author":9,"featured_media":11713,"comment_status":"closed","ping_status":"closed","sticky":false,"template":"","format":"standard","meta":{"_monsterinsights_skip_tracking":false,"_monsterinsights_sitenote_active":false,"_monsterinsights_sitenote_note":"","_monsterinsights_sitenote_category":0,"footnotes":""},"categories":[103,1,14,27],"tags":[412,2534,228,2535,2536,2533],"class_list":["post-11709","post","type-post","status-publish","format-standard","has-post-thumbnail","hentry","category-alaune","category-autres","category-debatsdesautistes","category-lq-lacanquotidien","tag-autisme","tag-brigitte-laffay","tag-jeanne-joucla","tag-martin-egge","tag-michael-haneke","tag-sergio-sabbatini"],"_links":{"self":[{"href":"https:\/\/lacanquotidien.fr\/blog\/wp-json\/wp\/v2\/posts\/11709","targetHints":{"allow":["GET"]}}],"collection":[{"href":"https:\/\/lacanquotidien.fr\/blog\/wp-json\/wp\/v2\/posts"}],"about":[{"href":"https:\/\/lacanquotidien.fr\/blog\/wp-json\/wp\/v2\/types\/post"}],"author":[{"embeddable":true,"href":"https:\/\/lacanquotidien.fr\/blog\/wp-json\/wp\/v2\/users\/9"}],"replies":[{"embeddable":true,"href":"https:\/\/lacanquotidien.fr\/blog\/wp-json\/wp\/v2\/comments?post=11709"}],"version-history":[{"count":10,"href":"https:\/\/lacanquotidien.fr\/blog\/wp-json\/wp\/v2\/posts\/11709\/revisions"}],"predecessor-version":[{"id":13339,"href":"https:\/\/lacanquotidien.fr\/blog\/wp-json\/wp\/v2\/posts\/11709\/revisions\/13339"}],"wp:featuredmedia":[{"embeddable":true,"href":"https:\/\/lacanquotidien.fr\/blog\/wp-json\/wp\/v2\/media\/11713"}],"wp:attachment":[{"href":"https:\/\/lacanquotidien.fr\/blog\/wp-json\/wp\/v2\/media?parent=11709"}],"wp:term":[{"taxonomy":"category","embeddable":true,"href":"https:\/\/lacanquotidien.fr\/blog\/wp-json\/wp\/v2\/categories?post=11709"},{"taxonomy":"post_tag","embeddable":true,"href":"https:\/\/lacanquotidien.fr\/blog\/wp-json\/wp\/v2\/tags?post=11709"}],"curies":[{"name":"wp","href":"https:\/\/api.w.org\/{rel}","templated":true}]}}