{"id":12919,"date":"2013-05-17T13:14:02","date_gmt":"2013-05-17T11:14:02","guid":{"rendered":"http:\/\/www.lacanquotidien.fr\/blog\/?p=12919"},"modified":"2013-11-11T16:28:07","modified_gmt":"2013-11-11T15:28:07","slug":"lacan-quotidien-n-321-3eme-plan-autisme-j-r-rabanel-j-borie-mireille-battut-nathalie-georges-lambrichs","status":"publish","type":"post","link":"https:\/\/lacanquotidien.fr\/blog\/2013\/05\/lacan-quotidien-n-321-3eme-plan-autisme-j-r-rabanel-j-borie-mireille-battut-nathalie-georges-lambrichs\/","title":{"rendered":"Lacan Quotidien n\u00b0 321 &#8211; 3e plan autisme : Lettres \u00e0 la ministre de J.R. Rabanel, J. Borie, M. Battut &#8211; La guerre, comment la dire ? N.Georges-Lambrichs"},"content":{"rendered":"<p><a href=\"http:\/\/www.lacanquotidien.fr\/blog\/wp-content\/uploads\/2013\/05\/LQ321-1\u00e8re-version\">LQ 321<\/a>\u2190Pour consulter le num\u00e9ro, veuillez cliquer sur ce lien<!--more--><\/p>\n<div dir=\"ltr\">\n<p style=\"text-align: center;\"><strong>\u00a03e p<\/strong><strong>lan autisme<\/strong><\/p>\n<\/div>\n<div style=\"text-align: center;\" dir=\"ltr\">\n<p><strong>Lettres ouvertes \u00a0\u00e0\u00a0Madame Marie-Arlette Carlotti, ministre d\u00e9l\u00e9gu\u00e9e aux Personnes handicap\u00e9es<\/strong><\/p>\n<\/div>\n<div style=\"text-align: center;\" dir=\"ltr\">\n<p><strong><span style=\"color: #ff0000;\">Lettre du<\/span>\u00a0<span style=\"color: #0000ff;\">Docteur Jean-Robert Rabanel<span style=\"color: #ff0000;\">,<\/span><\/span>\u00a0<span style=\"color: #ff0000;\">pr\u00e9sident du<\/span><span style=\"color: #ff0000;\">\u00a0RI3\u00a0et responsable th\u00e9rapeutique du\u00a0CTR de Nonette<\/span><\/strong><\/p>\n<\/div>\n<div dir=\"ltr\">\n<p style=\"text-align: center;\"><strong><span style=\"font-family: 'Times New Roman';\"><span style=\"color: #ff0000;\">Communiqu\u00e9 de\u00a0<\/span><span style=\"color: #0000ff;\">Jacques Borie<\/span><span style=\"color: #ff0000;\">,\u00a0Pr\u00e9sident du\u00a0Centre Th\u00e9rapeutique et de Recherches de Nonette<\/span><\/span><\/strong><\/p>\n<p style=\"text-align: center;\"><strong><span style=\"font-family: 'Times New Roman';\"><span style=\"color: #ff0000;\">Lettre ouverte de\u00a0<\/span><span style=\"color: #0000ff;\">Mireille Battut<\/span><span style=\"color: #ff0000;\">,\u00a0pr\u00e9sidente de\u00a0l\u2019association La main \u00e0 l\u2019oreille\u00a0<\/span><\/span><\/strong><\/p>\n<p style=\"text-align: center;\"><strong><span style=\"font-family: 'Times New Roman';\">Ralentir&#8230;Travaux !<\/span><\/strong><\/p>\n<p style=\"text-align: center;\"><strong><span style=\"font-family: 'Times New Roman';\"><span style=\"color: #ff0000;\">La guerre, comment la dire ?<\/span>\u00a0<span style=\"color: #0000ff;\"><em>par\u00a0Nathalie Georges-Lambrichs<\/em><\/span><\/span><\/strong><\/p>\n<div style=\"text-align: center;\"><strong><span style=\"font-family: 'Times New Roman';\"><em><br \/>\n<\/em><\/span><\/strong><\/div>\n<\/div>\n","protected":false},"excerpt":{"rendered":"<p><a href=\"http:\/\/www.lacanquotidien.fr\/blog\/wp-content\/uploads\/2013\/05\/LQ321-1\u00e8re-version\">LQ 321<\/a>\u2190Pour consulter le num\u00e9ro, veuillez cliquer sur ce lien<\/p>\n","protected":false},"author":9,"featured_media":12922,"comment_status":"closed","ping_status":"closed","sticky":false,"template":"","format":"standard","meta":{"_monsterinsights_skip_tracking":false,"_monsterinsights_sitenote_active":false,"_monsterinsights_sitenote_note":"","_monsterinsights_sitenote_category":0,"footnotes":""},"categories":[103,14,27],"tags":[412,1595,2645,2507,1872,359,1175],"class_list":["post-12919","post","type-post","status-publish","format-standard","has-post-thumbnail","hentry","category-alaune","category-debatsdesautistes","category-lq-lacanquotidien","tag-autisme","tag-jacques-borie","tag-jean-robert-rabanel","tag-la-main-a-loreille","tag-mireille-battut","tag-nathalie-georges-lambrichs","tag-sante-mentale"],"_links":{"self":[{"href":"https:\/\/lacanquotidien.fr\/blog\/wp-json\/wp\/v2\/posts\/12919","targetHints":{"allow":["GET"]}}],"collection":[{"href":"https:\/\/lacanquotidien.fr\/blog\/wp-json\/wp\/v2\/posts"}],"about":[{"href":"https:\/\/lacanquotidien.fr\/blog\/wp-json\/wp\/v2\/types\/post"}],"author":[{"embeddable":true,"href":"https:\/\/lacanquotidien.fr\/blog\/wp-json\/wp\/v2\/users\/9"}],"replies":[{"embeddable":true,"href":"https:\/\/lacanquotidien.fr\/blog\/wp-json\/wp\/v2\/comments?post=12919"}],"version-history":[{"count":18,"href":"https:\/\/lacanquotidien.fr\/blog\/wp-json\/wp\/v2\/posts\/12919\/revisions"}],"predecessor-version":[{"id":13337,"href":"https:\/\/lacanquotidien.fr\/blog\/wp-json\/wp\/v2\/posts\/12919\/revisions\/13337"}],"wp:featuredmedia":[{"embeddable":true,"href":"https:\/\/lacanquotidien.fr\/blog\/wp-json\/wp\/v2\/media\/12922"}],"wp:attachment":[{"href":"https:\/\/lacanquotidien.fr\/blog\/wp-json\/wp\/v2\/media?parent=12919"}],"wp:term":[{"taxonomy":"category","embeddable":true,"href":"https:\/\/lacanquotidien.fr\/blog\/wp-json\/wp\/v2\/categories?post=12919"},{"taxonomy":"post_tag","embeddable":true,"href":"https:\/\/lacanquotidien.fr\/blog\/wp-json\/wp\/v2\/tags?post=12919"}],"curies":[{"name":"wp","href":"https:\/\/api.w.org\/{rel}","templated":true}]}}