{"id":12947,"date":"2013-05-22T21:41:07","date_gmt":"2013-05-22T19:41:07","guid":{"rendered":"http:\/\/www.lacanquotidien.fr\/blog\/?p=12947"},"modified":"2013-11-11T16:28:07","modified_gmt":"2013-11-11T15:28:07","slug":"lacan-quotidien-n-323-derniere-minute-ralentir-travaux-3eme-plan-austisme","status":"publish","type":"post","link":"https:\/\/lacanquotidien.fr\/blog\/2013\/05\/lacan-quotidien-n-323-derniere-minute-ralentir-travaux-3eme-plan-austisme\/","title":{"rendered":"Lacan Quotidien &#8211; n\u00b0 323 &#8211; Derniere minute &#8211; Ralentir travaux &#8211; 3eme plan austisme"},"content":{"rendered":"<p><a href=\"http:\/\/www.lacanquotidien.fr\/blog\/wp-content\/uploads\/2013\/05\/LQ-323.pdf\">LQ 323<\/a>\u2190Pour consulter le num\u00e9ro, veuillez cliquer sur ce lien<!--more--><\/p>\n<p lang=\"fr-BE\" align=\"CENTER\"><span style=\"color: #ff0000;\"><span style=\"font-family: Baskerville;\"><span style=\"font-size: x-large;\"><strong>DERNIERE MINUTE<\/strong><\/span><\/span><\/span><\/p>\n<p lang=\"fr-BE\" align=\"CENTER\">***<\/p>\n<h2 lang=\"fr-BE\" align=\"CENTER\">Ralentir&#8230; TRAVAUX<\/h2>\n<h2 lang=\"fr-BE\" align=\"CENTER\"><\/h2>\n<p align=\"CENTER\"><span style=\"color: #ff0000;\"><span style=\"font-family: Baskerville;\"><span style=\"font-size: x-large;\">L<\/span><\/span><\/span><span style=\"color: #ff0000;\"><span style=\"font-family: Baskerville;\"><span style=\"font-size: x-large;\">a guerre, comment la dire (suite)<\/span><\/span><\/span><\/p>\n<h4 align=\"CENTER\">Nathalie Georges-Lambrichs<\/h4>\n<p style=\"text-align: center;\">***<\/p>\n<p align=\"CENTER\"><span style=\"color: #000000;\"><span style=\"font-family: Baskerville;\"><span style=\"font-size: x-large;\"><strong>3<\/strong><sup><strong>e<\/strong><\/sup><strong> PLAN AUTISME<\/strong><\/span><\/span><\/span><\/p>\n<p align=\"CENTER\"><span style=\"color: #ff0000;\"><span style=\"font-family: Baskerville;\"><span style=\"font-size: x-large;\">Autisme\u00a0: Discours crois\u00e9s<\/span><\/span><\/span><\/p>\n<h4 align=\"CENTER\">Delia Steinmann<\/h4>\n<p style=\"text-align: center;\">&#8212;<\/p>\n<p align=\"CENTER\"><span style=\"color: #ff0000;\"><span style=\"font-family: Baskerville;\"><span style=\"font-size: x-large;\">Des \u00e9tiologies et des id\u00e9ologies<\/span><\/span><\/span><\/p>\n<h4 align=\"CENTER\">Ariane Giacobino<\/h4>\n<p align=\"CENTER\"><span style=\"color: #000000;\"><span style=\"font-family: Baskerville;\"><span style=\"font-size: medium;\">&#8212;<br \/>\n<\/span><\/span><\/span><\/p>\n<p align=\"CENTER\"><span style=\"color: #ff0000;\"><span style=\"font-family: Baskerville;\"><span style=\"font-size: large;\">Lettre ouverte \u00e0 Madame CARLOTTI,<\/span><\/span><\/span><\/p>\n<p align=\"CENTER\"><span style=\"color: #ff0000;\"><span style=\"font-family: Baskerville;\"><span style=\"font-size: large;\">ministre d\u00e9l\u00e9gu\u00e9e aux affaires sociales et \u00e0 la sant\u00e9<\/span><\/span><\/span><\/p>\n<h4 align=\"CENTER\">Christine Gintz<\/h4>\n<p style=\"text-align: center;\">***<\/p>\n<p lang=\"fr-BE\" align=\"CENTER\"><span style=\"color: #ff0000;\"><span style=\"font-family: Baskerville;\"><span style=\"font-size: x-large;\">TOUSKITOMB&rsquo;<\/span><\/span><\/span><\/p>\n<h1 align=\"CENTER\"><\/h1>\n","protected":false},"excerpt":{"rendered":"<p><a href=\"http:\/\/www.lacanquotidien.fr\/blog\/wp-content\/uploads\/2013\/05\/LQ-323.pdf\">LQ 323<\/a>\u2190Pour consulter le num\u00e9ro, veuillez cliquer sur ce lien<\/p>\n","protected":false},"author":9,"featured_media":12948,"comment_status":"closed","ping_status":"closed","sticky":false,"template":"","format":"standard","meta":{"_monsterinsights_skip_tracking":false,"_monsterinsights_sitenote_active":false,"_monsterinsights_sitenote_note":"","_monsterinsights_sitenote_category":0,"footnotes":""},"categories":[103,14,27],"tags":[412,2652,2651,2654,2650,359,1787,2621,2649],"class_list":["post-12947","post","type-post","status-publish","format-standard","has-post-thumbnail","hentry","category-alaune","category-debatsdesautistes","category-lq-lacanquotidien","tag-autisme","tag-christine-gintz","tag-delia-steinmann","tag-lgbt","tag-ministre-carlotti","tag-nathalie-georges-lambrichs","tag-plan-autisme","tag-ralentir-travaux","tag-w-g-sebald"],"_links":{"self":[{"href":"https:\/\/lacanquotidien.fr\/blog\/wp-json\/wp\/v2\/posts\/12947","targetHints":{"allow":["GET"]}}],"collection":[{"href":"https:\/\/lacanquotidien.fr\/blog\/wp-json\/wp\/v2\/posts"}],"about":[{"href":"https:\/\/lacanquotidien.fr\/blog\/wp-json\/wp\/v2\/types\/post"}],"author":[{"embeddable":true,"href":"https:\/\/lacanquotidien.fr\/blog\/wp-json\/wp\/v2\/users\/9"}],"replies":[{"embeddable":true,"href":"https:\/\/lacanquotidien.fr\/blog\/wp-json\/wp\/v2\/comments?post=12947"}],"version-history":[{"count":8,"href":"https:\/\/lacanquotidien.fr\/blog\/wp-json\/wp\/v2\/posts\/12947\/revisions"}],"predecessor-version":[{"id":13336,"href":"https:\/\/lacanquotidien.fr\/blog\/wp-json\/wp\/v2\/posts\/12947\/revisions\/13336"}],"wp:featuredmedia":[{"embeddable":true,"href":"https:\/\/lacanquotidien.fr\/blog\/wp-json\/wp\/v2\/media\/12948"}],"wp:attachment":[{"href":"https:\/\/lacanquotidien.fr\/blog\/wp-json\/wp\/v2\/media?parent=12947"}],"wp:term":[{"taxonomy":"category","embeddable":true,"href":"https:\/\/lacanquotidien.fr\/blog\/wp-json\/wp\/v2\/categories?post=12947"},{"taxonomy":"post_tag","embeddable":true,"href":"https:\/\/lacanquotidien.fr\/blog\/wp-json\/wp\/v2\/tags?post=12947"}],"curies":[{"name":"wp","href":"https:\/\/api.w.org\/{rel}","templated":true}]}}