{"id":13510,"date":"2013-12-30T09:37:13","date_gmt":"2013-12-30T08:37:13","guid":{"rendered":"http:\/\/www.lacanquotidien.fr\/blog\/?p=13510"},"modified":"2014-03-29T11:29:10","modified_gmt":"2014-03-29T10:29:10","slug":"forum-eclair-bruxelles-musique-luis-rizo-salom-lenvers-du-decor-et-autres-livres","status":"publish","type":"post","link":"https:\/\/lacanquotidien.fr\/blog\/2013\/12\/forum-eclair-bruxelles-musique-luis-rizo-salom-lenvers-du-decor-et-autres-livres\/","title":{"rendered":"Lacan Quotidien n\u00b0 365 &#8211; Forum \u00e9clair, Bruxelles \u2013 musique Luis Rizo-Salom \u2013 L&rsquo;envers du d\u00e9cor et autres livres"},"content":{"rendered":"<p><a href=\"http:\/\/www.lacanquotidien.fr\/blog\/wp-content\/uploads\/2013\/12\/LQ-365.pdf\">LQ 365<\/a>\u2190Pour consulter le num\u00e9ro, veuillez cliquer sur ce lien<!--more--><\/p>\n<p align=\"CENTER\"><span style=\"font-family: TimesNewRomanPSMT,serif;\"><span style=\"font-size: x-large;\"><strong>&#8211; Le Forum \u00e9clair du 19 d\u00e9cembre 2013 \u00e0 Bruxelles &#8211;<br \/>\n<\/strong><\/span><\/span><\/p>\n<p align=\"CENTER\">\u00a0<span style=\"color: #ff0000;\"><span style=\"font-family: Times New Roman,serif;\"><span style=\"font-size: large;\"><strong>\u00ab\u00a0Un refus qui ouvre \u00e0 la dimension <\/strong><\/span><\/span><\/span><\/p>\n<p align=\"CENTER\"><span style=\"color: #ff0000;\"><span style=\"font-family: Times New Roman,serif;\"><span style=\"font-size: large;\"><strong>proprement analytique du discours\u00a0\u00bb<\/strong><\/span><\/span><\/span><\/p>\n<p align=\"CENTER\">\u00a0<span style=\"color: #0020f6;\"><span style=\"font-family: TimesNewRomanPSMT,serif;\"><span style=\"font-size: large;\"><strong>par Dominique Holvoet<\/strong><\/span><\/span><\/span><\/p>\n<p align=\"CENTER\">&#8212;<\/p>\n<p lang=\"fr-FR\" align=\"CENTER\"><span style=\"color: #000000;\"><span style=\"font-family: Times,serif;\"><span style=\"font-size: x-large;\"><strong>&#8211; Livres &#8211;<\/strong><\/span><\/span><\/span><\/p>\n<p align=\"CENTER\">\u00a0<span style=\"font-family: Times,serif;\"><span style=\"font-size: large;\"><span style=\"color: #ff0000;\"><strong>\u00c0 propos de <\/strong><\/span><span style=\"color: #ff0000;\"><em><strong>L\u2019envers du d\u00e9cor<\/strong><\/em><\/span><\/span><\/span><\/p>\n<p align=\"CENTER\"><span style=\"font-family: Times,serif;\"><span style=\"font-size: large;\"><span style=\"color: #ff0000;\"><strong>ou<\/strong><\/span><span style=\"color: #ff0000;\"><em><strong> L\u2019art de la guerre toujours recommenc\u00e9e<\/strong><\/em><\/span><\/span><\/span><\/p>\n<p align=\"CENTER\"><span style=\"color: #ff0000;\">\u00a0<\/span><span style=\"font-family: Times,serif;\"><span style=\"font-size: large;\"><span style=\"color: #ff0000;\"><strong>de <\/strong><\/span><span style=\"color: #0000ff;\"><strong>Yves Depelsenaire<\/strong><\/span><\/span><\/span><\/p>\n<p align=\"CENTER\">&#8212;<\/p>\n<p align=\"CENTER\"><span style=\"font-family: Times,serif;\"><span style=\"font-size: large;\"><span style=\"color: #ff0000;\"><em><strong>Le R\u00eave de Sonja<\/strong><\/em><\/span><span style=\"color: #ff0000;\"><strong> de Louise L. Lambrichs<\/strong><\/span><\/span><\/span><\/p>\n<p align=\"CENTER\">\u00a0<span style=\"color: #0020f6;\"><span style=\"font-family: Times,serif;\"><span style=\"font-size: large;\"><strong>par Mich\u00e8le Rivoire<\/strong><\/span><\/span><\/span><\/p>\n<p align=\"CENTER\">&#8212;<\/p>\n<p align=\"CENTER\"><span style=\"font-family: Times,serif;\"><span style=\"font-size: large;\"><span style=\"color: #ff0000;\"><strong>L&rsquo;invisible est devenu visible&#8230;<\/strong><\/span><\/span><\/span><\/p>\n<p align=\"CENTER\">\u00a0<span style=\"font-family: Times,serif;\"><span style=\"font-size: large;\"><span style=\"color: #0000ff;\"><strong>par <\/strong><\/span><span style=\"color: #0000ff;\"><strong>Delia Steinmann<\/strong><\/span><\/span><\/span><\/p>\n<p align=\"CENTER\">&#8212;<\/p>\n<p align=\"CENTER\"><span style=\"color: #000000;\"><span style=\"font-family: Times,Times New Roman,serif;\"><span style=\"font-size: x-large;\"><strong>&#8211; Musique &#8211;<\/strong><\/span><\/span><\/span><\/p>\n<p align=\"CENTER\">\u00a0<span style=\"color: #ff0000;\"><span style=\"font-family: Times,Times New Roman,serif;\"><span style=\"font-size: large;\"><strong>Luis Rizo-Salom<\/strong><\/span><\/span><\/span><\/p>\n<p align=\"CENTER\">\u00a0<span style=\"color: #0000ff;\"><span style=\"font-family: Times,Times New Roman,serif;\"><span style=\"font-size: large;\"><strong>par<\/strong><\/span><\/span><\/span><span style=\"color: #0000ff;\"><span style=\"font-family: Times,Times New Roman,serif;\"><span style=\"font-size: large;\"><strong> Marie Faucher<\/strong><\/span><\/span><\/span><\/p>\n","protected":false},"excerpt":{"rendered":"<p><a href=\"http:\/\/www.lacanquotidien.fr\/blog\/wp-content\/uploads\/2013\/12\/LQ-365.pdf\">LQ 365<\/a>\u2190Pour consulter le num\u00e9ro, veuillez cliquer sur ce lien<\/p>\n","protected":false},"author":15,"featured_media":13512,"comment_status":"closed","ping_status":"closed","sticky":false,"template":"","format":"standard","meta":{"_monsterinsights_skip_tracking":false,"_monsterinsights_sitenote_active":false,"_monsterinsights_sitenote_note":"","_monsterinsights_sitenote_category":0,"footnotes":""},"categories":[103,27],"tags":[2687,2651,2757,2754,2755,2752,2753,2756,1572],"class_list":["post-13510","post","type-post","status-publish","format-standard","has-post-thumbnail","hentry","category-alaune","category-lq-lacanquotidien","tag-a-ciel-ouvert","tag-delia-steinmann","tag-forum-eclair-du-19-decembre-2013-a-bruxelles","tag-le-reve-de-sonja","tag-louise-l-lambrichs","tag-luis-rizo-salom","tag-marie-faucher","tag-michele-rivoire","tag-yves-depelsenaire"],"_links":{"self":[{"href":"https:\/\/lacanquotidien.fr\/blog\/wp-json\/wp\/v2\/posts\/13510","targetHints":{"allow":["GET"]}}],"collection":[{"href":"https:\/\/lacanquotidien.fr\/blog\/wp-json\/wp\/v2\/posts"}],"about":[{"href":"https:\/\/lacanquotidien.fr\/blog\/wp-json\/wp\/v2\/types\/post"}],"author":[{"embeddable":true,"href":"https:\/\/lacanquotidien.fr\/blog\/wp-json\/wp\/v2\/users\/15"}],"replies":[{"embeddable":true,"href":"https:\/\/lacanquotidien.fr\/blog\/wp-json\/wp\/v2\/comments?post=13510"}],"version-history":[{"count":8,"href":"https:\/\/lacanquotidien.fr\/blog\/wp-json\/wp\/v2\/posts\/13510\/revisions"}],"predecessor-version":[{"id":13517,"href":"https:\/\/lacanquotidien.fr\/blog\/wp-json\/wp\/v2\/posts\/13510\/revisions\/13517"}],"wp:featuredmedia":[{"embeddable":true,"href":"https:\/\/lacanquotidien.fr\/blog\/wp-json\/wp\/v2\/media\/13512"}],"wp:attachment":[{"href":"https:\/\/lacanquotidien.fr\/blog\/wp-json\/wp\/v2\/media?parent=13510"}],"wp:term":[{"taxonomy":"category","embeddable":true,"href":"https:\/\/lacanquotidien.fr\/blog\/wp-json\/wp\/v2\/categories?post=13510"},{"taxonomy":"post_tag","embeddable":true,"href":"https:\/\/lacanquotidien.fr\/blog\/wp-json\/wp\/v2\/tags?post=13510"}],"curies":[{"name":"wp","href":"https:\/\/api.w.org\/{rel}","templated":true}]}}