{"id":1370,"date":"2011-09-28T23:46:05","date_gmt":"2011-09-28T21:46:05","guid":{"rendered":"http:\/\/www.lacanquotidien.fr\/blogx16y\/?p=1370"},"modified":"2011-10-01T22:05:16","modified_gmt":"2011-10-01T20:05:16","slug":"yann-diener-l%e2%80%99enfant-agite-presente-par-nathalie-georges-lambrichs","status":"publish","type":"post","link":"https:\/\/lacanquotidien.fr\/blog\/2011\/09\/yann-diener-l%e2%80%99enfant-agite-presente-par-nathalie-georges-lambrichs\/","title":{"rendered":"Yann Diener, L\u2019enfant agit\u00e9 &#8211; pr\u00e9sent\u00e9 par Nathalie Georges-Lambrichs"},"content":{"rendered":"<p style=\"text-align: justify;\">Yann Diener, <em>L\u2019enfant agit\u00e9<\/em>, Paris, La fabrique, 2011, 122 pages, 11 \u20ac.<\/p>\n<p style=\"text-align: justify;\"><em>L\u2019enfant agit\u00e9<\/em>, le titre \u00e9tait prometteur. Un analyste s\u2019\u00e9meut de la nouvelle langue accr\u00e9dit\u00e9e sous la 5<sup>e<\/sup> R\u00e9publique, la Langue m\u00e9dico-sanitaire (LMS). Il travaille dans un CMPP, il lit Lacan et le cite, que demande le peuple\u00a0? Mais au fait, quel peuple\u00a0? C\u2019est l\u00e0 que le bat blesse. <!--more-->L\u2019auteur d\u00e9fend \u00ab\u00a0la psychanalyse\u00a0\u00bb, et \u00ab\u00a0les psychanalystes\u00a0\u00bb, c\u2019est son axe. Mais qu\u2019est-ce qu\u2019un psychanalyste aujourd\u2019hui\u00a0? Ce n\u2019est ni un universitaire (p. 72-73), ni un de ceux du groupe de contact (p. 68-69), ni surtout pas, un de l\u2019ECF (p. 94 et sq) perdue du fait de son \u00ab\u00a0patron\u00a0\u00bb, lequel n\u2019a fait que \u00ab\u00a0semer la confusion\u00a0\u00bb avec les Forums des Psys (p. 93) et qui maintenant a adopt\u00e9 \u00ab\u00a0la position politique la plus faible\u00a0: celle de la conformit\u00e9 \u201cr\u00e9aliste\u201d aux lois du monde\u00a0\u00bb (p. 94).<\/p>\n<p style=\"text-align: justify;\">Alors\u00a0? Psychanalystes de tous les CMPP, unissez-vous\u00a0? Sans doute, mais pourquoi sous cette \u00e9trange houlette venue, au fait, de quel ailleurs\u00a0?<\/p>\n<p style=\"text-align: justify;\" align=\"right\">Nathalie Georges-Lambrichs<\/p>\n<p>&nbsp;<\/p>\n","protected":false},"excerpt":{"rendered":"<p style=\"text-align: justify;\">Yann Diener, L\u2019enfant agit\u00e9, Paris, La fabrique, 2011, 122 pages, 11 \u20ac.<\/p>\n<p style=\"text-align: justify;\">L\u2019enfant agit\u00e9, le titre \u00e9tait prometteur. Un analyste s\u2019\u00e9meut de la nouvelle langue accr\u00e9dit\u00e9e sous la 5e R\u00e9publique, la Langue m\u00e9dico-sanitaire (LMS). Il travaille dans un CMPP, il lit Lacan et le cite, que demande le peuple\u00a0? Mais au [&#8230;]<\/p>\n","protected":false},"author":4,"featured_media":0,"comment_status":"closed","ping_status":"closed","sticky":false,"template":"","format":"standard","meta":{"_monsterinsights_skip_tracking":false,"_monsterinsights_sitenote_active":false,"_monsterinsights_sitenote_note":"","_monsterinsights_sitenote_category":0,"footnotes":""},"categories":[78],"tags":[413,359,414],"class_list":["post-1370","post","type-post","status-publish","format-standard","hentry","category-alire","tag-lenfant-agite","tag-nathalie-georges-lambrichs","tag-yann-diener"],"_links":{"self":[{"href":"https:\/\/lacanquotidien.fr\/blog\/wp-json\/wp\/v2\/posts\/1370","targetHints":{"allow":["GET"]}}],"collection":[{"href":"https:\/\/lacanquotidien.fr\/blog\/wp-json\/wp\/v2\/posts"}],"about":[{"href":"https:\/\/lacanquotidien.fr\/blog\/wp-json\/wp\/v2\/types\/post"}],"author":[{"embeddable":true,"href":"https:\/\/lacanquotidien.fr\/blog\/wp-json\/wp\/v2\/users\/4"}],"replies":[{"embeddable":true,"href":"https:\/\/lacanquotidien.fr\/blog\/wp-json\/wp\/v2\/comments?post=1370"}],"version-history":[{"count":7,"href":"https:\/\/lacanquotidien.fr\/blog\/wp-json\/wp\/v2\/posts\/1370\/revisions"}],"predecessor-version":[{"id":1932,"href":"https:\/\/lacanquotidien.fr\/blog\/wp-json\/wp\/v2\/posts\/1370\/revisions\/1932"}],"wp:attachment":[{"href":"https:\/\/lacanquotidien.fr\/blog\/wp-json\/wp\/v2\/media?parent=1370"}],"wp:term":[{"taxonomy":"category","embeddable":true,"href":"https:\/\/lacanquotidien.fr\/blog\/wp-json\/wp\/v2\/categories?post=1370"},{"taxonomy":"post_tag","embeddable":true,"href":"https:\/\/lacanquotidien.fr\/blog\/wp-json\/wp\/v2\/tags?post=1370"}],"curies":[{"name":"wp","href":"https:\/\/api.w.org\/{rel}","templated":true}]}}