{"id":13801,"date":"2014-03-19T14:30:04","date_gmt":"2014-03-19T13:30:04","guid":{"rendered":"http:\/\/www.lacanquotidien.fr\/blog\/?p=13801"},"modified":"2014-05-01T17:41:46","modified_gmt":"2014-05-01T15:41:46","slug":"lacan-quotidien-n-386-le-savoir-y-faire-bresilien-series-bresiliennes-la-chronique-dangelina-harari-qui-peut-etre-parent-devant-la-loi-ii-silvia-elena-tendlarz-une-petite-f","status":"publish","type":"post","link":"https:\/\/lacanquotidien.fr\/blog\/2014\/03\/lacan-quotidien-n-386-le-savoir-y-faire-bresilien-series-bresiliennes-la-chronique-dangelina-harari-qui-peut-etre-parent-devant-la-loi-ii-silvia-elena-tendlarz-une-petite-f\/","title":{"rendered":"Lacan Quotidien n\u00b0 386 &#8211; Le savoir y faire br\u00e9silien, S\u00e9ries br\u00e9siliennes, la chronique d\u2019Angelina Harari &#8211; Qui peut \u00eatre parent devant la loi ? (II), Silvia Elena Tendlarz &#8211; Une petite fille n\u2019est pas une femme : Une famille pour tous\u2026, la chronique d\u2019H\u00e9l\u00e8ne Bonnaud &#8211; LU CE JOUR  par Jam"},"content":{"rendered":"<p><a href=\"http:\/\/www.lacanquotidien.fr\/blog\/wp-content\/uploads\/2014\/03\/LQ-386.pdf\">LQ 386<\/a>\u2190Pour consulter le num\u00e9ro, veuillez cliquer sur ce lien<!--more--><\/p>\n<p align=\"CENTER\"><span style=\"color: #ff0000;\"><span style=\"font-family: TimesNewRomanPSMT,serif;\"><span style=\"font-size: large;\"><strong>Le savoir y faire br\u00e9silien <\/strong><\/span><\/span><\/span><\/p>\n<p align=\"CENTER\"><span style=\"color: #ff0000;\"><span style=\"font-size: large;\"><span style=\"font-family: TimesNewRomanPSMT,serif;\"><strong>(<\/strong><\/span><span style=\"font-family: TimesNewRomanPSMT,serif;\"><em><strong>O jeitinho brasileiro<\/strong><\/em><\/span><span style=\"font-family: TimesNewRomanPSMT,serif;\"><strong>)<\/strong><\/span><\/span><\/span><\/p>\n<p align=\"CENTER\"><span style=\"color: #0024f5;\"><span style=\"font-family: TimesNewRomanPSMT,serif;\"><span style=\"font-size: large;\"><strong>S\u00e9ries br\u00e9siliennes, la chronique d\u2019Angelina Harari<\/strong><\/span><\/span><\/span><\/p>\n<p style=\"text-align: center;\">&#8212;<\/p>\n<p align=\"CENTER\"><span style=\"color: #ff0000;\"><span style=\"font-family: TimesNewRomanPSMT,serif;\"><span style=\"font-size: large;\"><strong>Qui peut \u00eatre parent devant la loi ? (II)<\/strong><\/span><\/span><\/span><\/p>\n<p align=\"CENTER\"><span style=\"font-size: large;\"><span style=\"color: #0024f5;\"><span style=\"font-family: TimesNewRomanPSMT,serif;\"><em><strong>Cr\u00f3nicas porte\u00f1as <\/strong><\/em><\/span><\/span><span style=\"color: #0024f5;\"><span style=\"font-family: TimesNewRomanPSMT,serif;\"><strong>de Silvia Elena Tendlarz<\/strong><\/span><\/span><\/span><\/p>\n<p style=\"text-align: center;\">\u00a0&#8212;<\/p>\n<p align=\"CENTER\"><span style=\"color: #e22922;\"><span style=\"font-family: TimesNewRomanPSMT,serif;\"><span style=\"font-size: large;\"><strong><span style=\"color: #ff0000;\">Une petite fille n\u2019est pas une femme<\/span> <\/strong><\/span><\/span><\/span><\/p>\n<p align=\"CENTER\"><span style=\"font-size: large;\"><span style=\"color: #0024f5;\"><span style=\"font-family: TimesNewRomanPSMT,serif;\"><strong>Une famille pour tou<\/strong><\/span><\/span><span style=\"color: #0024f5;\"><span style=\"font-family: TimesNewRomanPSMT,serif;\"><em><strong>s<\/strong><\/em><\/span><\/span><span style=\"color: #0024f5;\"><span style=\"font-family: TimesNewRomanPSMT,serif;\"><strong>\u2026, la chronique d\u2019H\u00e9l\u00e8ne Bonnaud<\/strong><\/span><\/span><\/span><\/p>\n<p align=\"CENTER\">&#8212;<\/p>\n<p align=\"CENTER\"><span style=\"color: #ff0000;\"><span style=\"font-family: TimesNewRomanPSMT,serif;\"><span style=\"font-size: large;\"><strong>LU CE JOUR<\/strong><\/span><\/span><\/span><\/p>\n<p align=\"CENTER\"><span style=\"font-size: large;\"><span style=\"color: #0024f5;\"><span style=\"font-family: TimesNewRomanPSMT,serif;\"><em><strong>par Jam<\/strong><\/em><\/span><\/span><\/span><\/p>\n","protected":false},"excerpt":{"rendered":"<p><a href=\"http:\/\/www.lacanquotidien.fr\/blog\/wp-content\/uploads\/2014\/03\/LQ-386.pdf\">LQ 386<\/a>\u2190Pour consulter le num\u00e9ro, veuillez cliquer sur ce lien<\/p>\n","protected":false},"author":15,"featured_media":13803,"comment_status":"closed","ping_status":"closed","sticky":false,"template":"","format":"standard","meta":{"_monsterinsights_skip_tracking":false,"_monsterinsights_sitenote_active":false,"_monsterinsights_sitenote_note":"","_monsterinsights_sitenote_category":0,"footnotes":""},"categories":[103,27],"tags":[1740,2822,3239,2824,2817,2554,2823,2782],"class_list":["post-13801","post","type-post","status-publish","format-standard","has-post-thumbnail","hentry","category-alaune","category-lq-lacanquotidien","tag-angelina-harari","tag-coupe-du-monde-de-football","tag-jam","tag-la-chronique-dhelene-bonnaud","tag-lu-ce-jour","tag-mariage-pour-tous","tag-silvia-elena-tendlarz","tag-une-famille-pour-tous"],"_links":{"self":[{"href":"https:\/\/lacanquotidien.fr\/blog\/wp-json\/wp\/v2\/posts\/13801","targetHints":{"allow":["GET"]}}],"collection":[{"href":"https:\/\/lacanquotidien.fr\/blog\/wp-json\/wp\/v2\/posts"}],"about":[{"href":"https:\/\/lacanquotidien.fr\/blog\/wp-json\/wp\/v2\/types\/post"}],"author":[{"embeddable":true,"href":"https:\/\/lacanquotidien.fr\/blog\/wp-json\/wp\/v2\/users\/15"}],"replies":[{"embeddable":true,"href":"https:\/\/lacanquotidien.fr\/blog\/wp-json\/wp\/v2\/comments?post=13801"}],"version-history":[{"count":7,"href":"https:\/\/lacanquotidien.fr\/blog\/wp-json\/wp\/v2\/posts\/13801\/revisions"}],"predecessor-version":[{"id":13809,"href":"https:\/\/lacanquotidien.fr\/blog\/wp-json\/wp\/v2\/posts\/13801\/revisions\/13809"}],"wp:featuredmedia":[{"embeddable":true,"href":"https:\/\/lacanquotidien.fr\/blog\/wp-json\/wp\/v2\/media\/13803"}],"wp:attachment":[{"href":"https:\/\/lacanquotidien.fr\/blog\/wp-json\/wp\/v2\/media?parent=13801"}],"wp:term":[{"taxonomy":"category","embeddable":true,"href":"https:\/\/lacanquotidien.fr\/blog\/wp-json\/wp\/v2\/categories?post=13801"},{"taxonomy":"post_tag","embeddable":true,"href":"https:\/\/lacanquotidien.fr\/blog\/wp-json\/wp\/v2\/tags?post=13801"}],"curies":[{"name":"wp","href":"https:\/\/api.w.org\/{rel}","templated":true}]}}