{"id":13901,"date":"2014-04-02T13:16:19","date_gmt":"2014-04-02T11:16:19","guid":{"rendered":"http:\/\/www.lacanquotidien.fr\/blog\/?p=13901"},"modified":"2014-10-05T17:18:41","modified_gmt":"2014-10-05T15:18:41","slug":"lacan-quotidien-n-390-le-reel-au-xxie-siecle-avec-bouts-de-reel-le-film-au-bord-du-monde-lurbanisme-dans-les-grandes-villes-lu-ce-jour-par-jam","status":"publish","type":"post","link":"https:\/\/lacanquotidien.fr\/blog\/2014\/04\/lacan-quotidien-n-390-le-reel-au-xxie-siecle-avec-bouts-de-reel-le-film-au-bord-du-monde-lurbanisme-dans-les-grandes-villes-lu-ce-jour-par-jam\/","title":{"rendered":"Lacan Quotidien n\u00b0 390 &#8211; Le r\u00e9el au XXIe si\u00e8cle avec Bouts de r\u00e9el, le film \u00ab\u00a0Au bord du monde\u00a0\u00bb, l&rsquo;urbanisme dans les grandes villes &#8211; LU CE JOUR par Jam"},"content":{"rendered":"<p><a href=\"http:\/\/www.lacanquotidien.fr\/blog\/wp-content\/uploads\/2014\/04\/LQ-390.pdf\">LQ 390<\/a>\u2190Pour consulter le num\u00e9ro, veuillez cliquer sur ce lien<!--more--><\/p>\n<p align=\"CENTER\"><span style=\"font-family: Times New Roman,serif;\"><span style=\"font-size: large;\"><strong><span style=\"color: #000000;\">&#8211; <\/span><span style=\"color: #000000;\">Le r\u00e9el au XXIe si\u00e8cle &#8211;<\/span><\/strong><\/span><\/span><\/p>\n<p align=\"CENTER\"><span style=\"color: #ff0000;\"><span style=\"font-family: Times New Roman,serif;\"><span style=\"font-size: large;\"><strong>Bouts de r\u00e9el <\/strong><\/span><\/span><\/span><\/p>\n<p align=\"CENTER\"><span style=\"color: #ff0000;\"><span style=\"font-family: Times New Roman,serif;\"><span style=\"font-size: large;\"><strong>D\u2019un bout \u00e0 l\u2019autre de l\u2019AMP<\/strong><\/span><\/span><\/span><\/p>\n<p align=\"CENTER\"><span style=\"color: #0024f3;\"><span style=\"font-family: Times New Roman,serif;\"><span style=\"font-size: large;\"><strong>par Caroline Leduc<\/strong><\/span><\/span><\/span><\/p>\n<p align=\"CENTER\"><span style=\"color: #0024f3;\">\u00a0&#8212;<\/span><\/p>\n<p align=\"CENTER\"><span style=\"color: #ff0000;\"><span style=\"font-family: Times New Roman,serif;\"><span style=\"font-size: large;\"><em><strong>Au bord du monde<\/strong><\/em><\/span><\/span><\/span><\/p>\n<p align=\"CENTER\"><span style=\"color: #0024f3;\"><span style=\"font-family: Times New Roman,serif;\"><span style=\"font-size: large;\"><strong>par Dominique Corpelet<\/strong><\/span><\/span><\/span><\/p>\n<p align=\"CENTER\">&#8212;<\/p>\n<p align=\"CENTER\"><span style=\"color: #ff0000;\"><span style=\"font-family: Times New Roman,serif;\"><span style=\"font-size: large;\"><strong>Les grandes villes<\/strong><\/span><\/span><\/span><\/p>\n<p align=\"CENTER\"><span style=\"color: #0024f3;\"><span style=\"font-family: Times New Roman,serif;\"><span style=\"font-size: large;\"><strong>par Luc Garcia<\/strong><\/span><\/span><\/span><\/p>\n<p align=\"CENTER\"><span style=\"color: #0024f3;\"><span style=\"font-family: Times New Roman,serif;\"><span style=\"font-size: large;\"><strong>*****<\/strong><\/span><\/span><\/span><\/p>\n<p align=\"CENTER\"><span style=\"color: #ff0000;\"><span style=\"font-family: Times New Roman,serif;\"><span style=\"font-size: large;\"><strong>LU CE JOUR <\/strong><\/span><\/span><\/span><\/p>\n<p align=\"CENTER\"><span style=\"font-family: Times New Roman,serif;\"><span style=\"font-size: large;\"><em><strong><span style=\"color: #0024f3;\">par Jam<\/span><\/strong><\/em><\/span><\/span><\/p>\n","protected":false},"excerpt":{"rendered":"<p><a href=\"http:\/\/www.lacanquotidien.fr\/blog\/wp-content\/uploads\/2014\/04\/LQ-390.pdf\">LQ 390<\/a>\u2190Pour consulter le num\u00e9ro, veuillez cliquer sur ce lien<\/p>\n","protected":false},"author":15,"featured_media":13902,"comment_status":"closed","ping_status":"closed","sticky":false,"template":"","format":"standard","meta":{"_monsterinsights_skip_tracking":false,"_monsterinsights_sitenote_active":false,"_monsterinsights_sitenote_note":"","_monsterinsights_sitenote_category":0,"footnotes":""},"categories":[103,27],"tags":[2836,2808,2792,2837,3239,2688,2817,261,2838],"class_list":["post-13901","post","type-post","status-publish","format-standard","has-post-thumbnail","hentry","category-alaune","category-lq-lacanquotidien","tag-au-bord-du-monde","tag-bouts-de-reel","tag-caroline-leduc","tag-dominique-corpolet","tag-jam","tag-le-film","tag-lu-ce-jour","tag-luc-garcia","tag-urbanisme"],"_links":{"self":[{"href":"https:\/\/lacanquotidien.fr\/blog\/wp-json\/wp\/v2\/posts\/13901","targetHints":{"allow":["GET"]}}],"collection":[{"href":"https:\/\/lacanquotidien.fr\/blog\/wp-json\/wp\/v2\/posts"}],"about":[{"href":"https:\/\/lacanquotidien.fr\/blog\/wp-json\/wp\/v2\/types\/post"}],"author":[{"embeddable":true,"href":"https:\/\/lacanquotidien.fr\/blog\/wp-json\/wp\/v2\/users\/15"}],"replies":[{"embeddable":true,"href":"https:\/\/lacanquotidien.fr\/blog\/wp-json\/wp\/v2\/comments?post=13901"}],"version-history":[{"count":7,"href":"https:\/\/lacanquotidien.fr\/blog\/wp-json\/wp\/v2\/posts\/13901\/revisions"}],"predecessor-version":[{"id":13907,"href":"https:\/\/lacanquotidien.fr\/blog\/wp-json\/wp\/v2\/posts\/13901\/revisions\/13907"}],"wp:featuredmedia":[{"embeddable":true,"href":"https:\/\/lacanquotidien.fr\/blog\/wp-json\/wp\/v2\/media\/13902"}],"wp:attachment":[{"href":"https:\/\/lacanquotidien.fr\/blog\/wp-json\/wp\/v2\/media?parent=13901"}],"wp:term":[{"taxonomy":"category","embeddable":true,"href":"https:\/\/lacanquotidien.fr\/blog\/wp-json\/wp\/v2\/categories?post=13901"},{"taxonomy":"post_tag","embeddable":true,"href":"https:\/\/lacanquotidien.fr\/blog\/wp-json\/wp\/v2\/tags?post=13901"}],"curies":[{"name":"wp","href":"https:\/\/api.w.org\/{rel}","templated":true}]}}