{"id":13957,"date":"2014-04-13T09:34:08","date_gmt":"2014-04-13T07:34:08","guid":{"rendered":"http:\/\/www.lacanquotidien.fr\/blog\/?p=13957"},"modified":"2014-10-05T17:18:24","modified_gmt":"2014-10-05T15:18:24","slug":"lacan-quotidien-n-393-document-interview-du-president-de-lipa-commentee-par-antonio-di-ciaccia-lu-ce-jour-par-p-g-gueguen","status":"publish","type":"post","link":"https:\/\/lacanquotidien.fr\/blog\/2014\/04\/lacan-quotidien-n-393-document-interview-du-president-de-lipa-commentee-par-antonio-di-ciaccia-lu-ce-jour-par-p-g-gueguen\/","title":{"rendered":"Lacan Quotidien n\u00b0 393 &#8211; DOCUMENT : Interview du pr\u00e9sident de l&rsquo;IPA, comment\u00e9e par Antonio Di Ciaccia &#8211; LU CE JOUR par P-G Gu\u00e9guen"},"content":{"rendered":"<p style=\"text-align: justify;\" align=\"CENTER\"><a href=\"http:\/\/www.lacanquotidien.fr\/blog\/wp-content\/uploads\/2014\/04\/LQ3931.pdf\">LQ 393<\/a>\u2190Pour consulter le num\u00e9ro, veuillez cliquer sur ce lien<!--more--><\/p>\n<p align=\"CENTER\"><span style=\"font-size: medium;\"><span style=\"font-family: Calibri, Verdana, Helvetica, Arial;\"><strong>&#8211;\u00a0<\/strong><\/span><strong><span style=\"color: #0000ff;\"><span style=\"font-family: 'Times New Roman';\">DOCUMENT-<br \/>\n<\/span><\/span><\/strong><\/span><span style=\"font-family: 'Times New Roman';\"><strong><span style=\"color: #ff0000;\">Une interview du pr\u00e9sident de l\u2019IPA<br \/>\n<\/span><\/strong><span style=\"color: #ff0000;\"><strong>Commentaire<br \/>\n<\/strong><\/span><strong><span style=\"color: #0000ff;\">par Antonio Di Ciaccia<\/span><\/strong><\/span><\/p>\n<p style=\"text-align: center;\">\u00a0<strong style=\"font-family: 'Times New Roman'; color: #0000ff; line-height: 1.6em;\"><em>*****<\/em><\/strong><\/p>\n<p style=\"text-align: center;\">\u00a0<strong style=\"font-family: Didot, 'Times New Roman'; font-size: medium; color: #ff0000; line-height: 1.6em;\">LU CE JOUR<\/strong><\/p>\n<p style=\"text-align: center;\"><strong style=\"font-family: Didot, 'Times New Roman'; font-size: medium; color: #ff0000; line-height: 1.6em;\"><\/strong><strong style=\"line-height: 1.6em;\"><span style=\"color: #0000ff;\"><span style=\"font-family: 'Times New Roman';\"><em>Par P-G Gu\u00e9guen<\/em><\/span><\/span><\/strong><\/p>\n","protected":false},"excerpt":{"rendered":"<p style=\"text-align: justify;\" align=\"CENTER\"><a href=\"http:\/\/www.lacanquotidien.fr\/blog\/wp-content\/uploads\/2014\/04\/LQ3931.pdf\">LQ 393<\/a>\u2190Pour consulter le num\u00e9ro, veuillez cliquer sur ce lien<\/p>\n","protected":false},"author":13,"featured_media":13958,"comment_status":"closed","ping_status":"closed","sticky":false,"template":"","format":"standard","meta":{"_monsterinsights_skip_tracking":false,"_monsterinsights_sitenote_active":false,"_monsterinsights_sitenote_note":"","_monsterinsights_sitenote_category":0,"footnotes":""},"categories":[103,27],"tags":[139,600],"class_list":["post-13957","post","type-post","status-publish","format-standard","has-post-thumbnail","hentry","category-alaune","category-lq-lacanquotidien","tag-antonio-di-ciaccia","tag-pierre-gilles-gueguen"],"_links":{"self":[{"href":"https:\/\/lacanquotidien.fr\/blog\/wp-json\/wp\/v2\/posts\/13957","targetHints":{"allow":["GET"]}}],"collection":[{"href":"https:\/\/lacanquotidien.fr\/blog\/wp-json\/wp\/v2\/posts"}],"about":[{"href":"https:\/\/lacanquotidien.fr\/blog\/wp-json\/wp\/v2\/types\/post"}],"author":[{"embeddable":true,"href":"https:\/\/lacanquotidien.fr\/blog\/wp-json\/wp\/v2\/users\/13"}],"replies":[{"embeddable":true,"href":"https:\/\/lacanquotidien.fr\/blog\/wp-json\/wp\/v2\/comments?post=13957"}],"version-history":[{"count":9,"href":"https:\/\/lacanquotidien.fr\/blog\/wp-json\/wp\/v2\/posts\/13957\/revisions"}],"predecessor-version":[{"id":14379,"href":"https:\/\/lacanquotidien.fr\/blog\/wp-json\/wp\/v2\/posts\/13957\/revisions\/14379"}],"wp:featuredmedia":[{"embeddable":true,"href":"https:\/\/lacanquotidien.fr\/blog\/wp-json\/wp\/v2\/media\/13958"}],"wp:attachment":[{"href":"https:\/\/lacanquotidien.fr\/blog\/wp-json\/wp\/v2\/media?parent=13957"}],"wp:term":[{"taxonomy":"category","embeddable":true,"href":"https:\/\/lacanquotidien.fr\/blog\/wp-json\/wp\/v2\/categories?post=13957"},{"taxonomy":"post_tag","embeddable":true,"href":"https:\/\/lacanquotidien.fr\/blog\/wp-json\/wp\/v2\/tags?post=13957"}],"curies":[{"name":"wp","href":"https:\/\/api.w.org\/{rel}","templated":true}]}}