{"id":14448,"date":"2014-10-18T15:35:03","date_gmt":"2014-10-18T13:35:03","guid":{"rendered":"http:\/\/www.lacanquotidien.fr\/blog\/?p=14448"},"modified":"2015-01-15T23:19:48","modified_gmt":"2015-01-15T22:19:48","slug":"lacan-quotidien-n-432","status":"publish","type":"post","link":"https:\/\/lacanquotidien.fr\/blog\/2014\/10\/lacan-quotidien-n-432\/","title":{"rendered":"Lacan Quotidien n\u00b0 432 &#8211; \u00caTRE M\u00c8RE : Des femmes psychanalystes aux \u00e9ditions Navarin-Le Champ freudien &#8211; Le 5\/11 : th\u00e9\u00e2tre de l\u2019Atelier, avec B.-H. L\u00e9vy : H\u00f4tel Europe &#8211; Ce qui de la rencontre s\u2019\u00e9crit de Pierre Naveau lu par L. Sokolowsky"},"content":{"rendered":"<p><a href=\"http:\/\/www.lacanquotidien.fr\/blog\/wp-content\/uploads\/2014\/10\/LQ-432.pdf\">LQ\u00a0432<\/a>\u2190Pour consulter le num\u00e9ro, veuillez cliquer sur ce lien<!--more--><\/p>\n<p align=\"CENTER\"><span style=\"color: #ff0000;\"><span style=\"font-family: Times,serif;\"><span style=\"font-size: large;\"><strong><span style=\"color: #000000;\"><span style=\"font-family: TimesNewRomanPSMT,serif;\">&#8211; \u00c0 lire, \u00e0 voir &#8211;<\/span><\/span><\/strong><\/span><\/span><\/span><\/p>\n<p align=\"CENTER\"><span style=\"color: #ff0000;\"><span style=\"font-family: Times,serif;\"><span style=\"font-size: large;\"><em><strong>\u00caTRE M\u00c8RE<\/strong><\/em><\/span><\/span><\/span><\/p>\n<p align=\"CENTER\"><span style=\"color: #ff0000;\"><span style=\"font-family: Times,serif;\"><span style=\"font-size: large;\"><em><strong>Des femmes psychanalystes parlent de la maternit\u00e9<\/strong><\/em><\/span><\/span><\/span><\/p>\n<p align=\"CENTER\"><span style=\"color: #ff0000;\"><span style=\"font-family: Times,serif;\"><span style=\"font-size: large;\"><em>***<\/em><\/span><\/span><\/span><\/p>\n<p align=\"CENTER\"><span style=\"color: #ff0000;\"><span style=\"font-family: Times,serif;\"><span style=\"font-size: large;\"><strong>Malaise dans la civilisation europ\u00e9enne<\/strong><\/span><\/span><\/span><\/p>\n<p align=\"CENTER\"><span style=\"color: #ff0000;\"><span style=\"font-family: Times,serif;\"><span style=\"font-size: large;\"><strong>Le 5 novembre au th\u00e9\u00e2tre de l\u2019Atelier, avec Bernard-Henri L\u00e9vy<\/strong><\/span><\/span><\/span><\/p>\n<p align=\"CENTER\"><span style=\"color: #0024f5;\"><span style=\"font-family: Times,serif;\"><span style=\"font-size: large;\"><strong>par Philippe Benichou<\/strong><\/span><\/span><\/span><\/p>\n<p align=\"CENTER\"><span style=\"color: #e22922;\"><span style=\"font-family: Times,serif;\"><span style=\"font-size: large;\"><em>***<\/em><\/span><\/span><\/span><\/p>\n<p align=\"CENTER\"><span style=\"color: #ff0000;\"><span style=\"font-family: Times,serif;\"><span style=\"font-size: large;\"><strong>La rencontre dans le fil de la langue<\/strong><\/span><\/span><\/span><\/p>\n<p align=\"CENTER\"><span style=\"color: #ff0000;\"><span style=\"font-family: Times,serif;\"><span style=\"font-size: large;\"><strong>\u00c0<\/strong> <strong>propos de <\/strong><em><strong>Ce qui de la rencontre s\u2019\u00e9crit<\/strong><\/em><strong> de Pierre Naveau<\/strong><\/span><\/span><\/span><\/p>\n<p align=\"CENTER\"><span style=\"font-family: Times,serif;\"><span style=\"font-size: large;\"><span style=\"color: #0024f5;\"><strong>par Laura Sokolowsky<\/strong><\/span><\/span><\/span><\/p>\n","protected":false},"excerpt":{"rendered":"<p><a href=\"http:\/\/www.lacanquotidien.fr\/blog\/wp-content\/uploads\/2014\/10\/LQ-432.pdf\">LQ\u00a0432<\/a>\u2190Pour consulter le num\u00e9ro, veuillez cliquer sur ce lien<\/p>\n","protected":false},"author":15,"featured_media":14469,"comment_status":"closed","ping_status":"closed","sticky":false,"template":"","format":"standard","meta":{"_monsterinsights_skip_tracking":false,"_monsterinsights_sitenote_active":false,"_monsterinsights_sitenote_note":"","_monsterinsights_sitenote_category":0,"footnotes":""},"categories":[78,103,79,27,568],"tags":[48,70,626,452,2970,247,2967,1861,2966,2588,2968,517,63,2969,1433,645],"class_list":["post-14448","post","type-post","status-publish","format-standard","has-post-thumbnail","hentry","category-alire","category-alaune","category-allonsy","category-lq-lacanquotidien","category-vientdeparaitre","tag-agnes-aflalo","tag-anaelle-lebovits-quenehen","tag-bernard-henri-levy","tag-carole-dewambrechies-la-sagna","tag-ce-qui-de-la-rencontre-secrit","tag-christiane-alberti","tag-editions-navarin-le-champ-freudien","tag-esthela-solano-suarez","tag-etre-mere","tag-francesca-biagi-chai","tag-hotel-europe-la-piece","tag-laura-sokolowsky","tag-marie-helene-brousse","tag-philippe-benichou","tag-pierre-naveau","tag-rose-paule-vinciguerra"],"_links":{"self":[{"href":"https:\/\/lacanquotidien.fr\/blog\/wp-json\/wp\/v2\/posts\/14448","targetHints":{"allow":["GET"]}}],"collection":[{"href":"https:\/\/lacanquotidien.fr\/blog\/wp-json\/wp\/v2\/posts"}],"about":[{"href":"https:\/\/lacanquotidien.fr\/blog\/wp-json\/wp\/v2\/types\/post"}],"author":[{"embeddable":true,"href":"https:\/\/lacanquotidien.fr\/blog\/wp-json\/wp\/v2\/users\/15"}],"replies":[{"embeddable":true,"href":"https:\/\/lacanquotidien.fr\/blog\/wp-json\/wp\/v2\/comments?post=14448"}],"version-history":[{"count":14,"href":"https:\/\/lacanquotidien.fr\/blog\/wp-json\/wp\/v2\/posts\/14448\/revisions"}],"predecessor-version":[{"id":14457,"href":"https:\/\/lacanquotidien.fr\/blog\/wp-json\/wp\/v2\/posts\/14448\/revisions\/14457"}],"wp:featuredmedia":[{"embeddable":true,"href":"https:\/\/lacanquotidien.fr\/blog\/wp-json\/wp\/v2\/media\/14469"}],"wp:attachment":[{"href":"https:\/\/lacanquotidien.fr\/blog\/wp-json\/wp\/v2\/media?parent=14448"}],"wp:term":[{"taxonomy":"category","embeddable":true,"href":"https:\/\/lacanquotidien.fr\/blog\/wp-json\/wp\/v2\/categories?post=14448"},{"taxonomy":"post_tag","embeddable":true,"href":"https:\/\/lacanquotidien.fr\/blog\/wp-json\/wp\/v2\/tags?post=14448"}],"curies":[{"name":"wp","href":"https:\/\/api.w.org\/{rel}","templated":true}]}}