{"id":15019,"date":"2015-02-25T15:33:54","date_gmt":"2015-02-25T14:33:54","guid":{"rendered":"http:\/\/www.lacanquotidien.fr\/blog\/?p=15019"},"modified":"2015-04-10T00:50:26","modified_gmt":"2015-04-09T22:50:26","slug":"lacan-quotidien-n-482","status":"publish","type":"post","link":"https:\/\/lacanquotidien.fr\/blog\/2015\/02\/lacan-quotidien-n-482\/","title":{"rendered":"Lacan Quotidien n\u00b0 482 &#8211; Syriza par R. Blanchet &#8211; Face haineuse du harc\u00e8lement scolaire par H. Bonnaud &#8211; Insulte, chaos, violence aveugle par Philippe Lacad\u00e9e &#8211; Sacr\u00e9 et blasph\u00e8me par J. Fabrega"},"content":{"rendered":"<p><a href=\"http:\/\/www.lacanquotidien.fr\/blog\/wp-content\/uploads\/2015\/02\/LQ-482.pdf\">LQ\u00a0482<\/a>\u2190Pour consulter le num\u00e9ro, veuillez cliquer sur ce lien<!--more--><\/p>\n<p align=\"CENTER\"><span style=\"color: #ff0000;\"><span style=\"font-family: Times New Roman,serif;\"><span style=\"font-size: large;\"><strong>Syriza, l\u2019avenir d\u2019une illusion\u00a0<\/strong><\/span><\/span><\/span><\/p>\n<p align=\"CENTER\"><span style=\"color: #0024f5;\"><span style=\"font-family: Times New Roman,serif;\"><span style=\"font-size: large;\"><strong>par R\u00e9ginald Blanchet<\/strong><\/span><\/span><\/span><\/p>\n<p align=\"CENTER\">&#8212;<\/p>\n<p align=\"CENTER\"><span style=\"color: #ff0000;\"><span style=\"font-family: Times New Roman,serif;\"><span style=\"font-size: large;\"><strong>La face haineuse du harc\u00e8lement scolaire<\/strong><\/span><\/span><\/span><\/p>\n<p align=\"CENTER\"><span style=\"font-family: Times New Roman,serif;\"><span style=\"font-size: large;\"><span style=\"color: #0024f5;\"><strong>Une famille pour tou<\/strong><\/span><span style=\"color: #0024f5;\"><em><strong>s<\/strong><\/em><\/span><span style=\"color: #0024f5;\"><strong>\u2026, la chronique d\u2019H\u00e9l\u00e8ne Bonnaud<\/strong><\/span><\/span><\/span><\/p>\n<p align=\"CENTER\"><span style=\"color: #0024f5;\">\u00a0&#8212;<\/span><\/p>\n<p align=\"CENTER\"><span style=\"color: #ff0000;\"><span style=\"font-family: Times New Roman,serif;\"><span style=\"font-size: large;\"><strong>De l\u2019insulte au chaos de la violence aveugle<\/strong><\/span><\/span><\/span><\/p>\n<p align=\"CENTER\"><span style=\"color: #0024f5;\"><span style=\"font-family: Times New Roman,serif;\"><span style=\"font-size: large;\"><strong>par Philippe Lacad\u00e9e<\/strong><\/span><\/span><\/span><\/p>\n<p align=\"CENTER\">\u00a0&#8212;<\/p>\n<p align=\"CENTER\"><span style=\"color: #ff0000;\"><span style=\"font-family: Times New Roman,serif;\"><span style=\"font-size: large;\"><strong>Mon sacr\u00e9 ne craint pas le blasph\u00e8me<\/strong><\/span><\/span><\/span><\/p>\n<p align=\"CENTER\"><span style=\"color: #0024f5;\"><span style=\"font-family: Times New Roman,serif;\"><span style=\"font-size: large;\"><strong>par Jo\u00eblle Fabrega<\/strong><\/span><\/span><\/span><\/p>\n<p align=\"CENTER\"><span style=\"color: #0024f5;\">\u00a0&#8212;<\/span><\/p>\n<p align=\"CENTER\"><span style=\"color: #ff0000;\"><span style=\"font-family: Times New Roman,serif;\"><span style=\"font-size: large;\"><strong>COURRIER<\/strong><\/span><\/span><\/span><\/p>\n","protected":false},"excerpt":{"rendered":"<p><a href=\"http:\/\/www.lacanquotidien.fr\/blog\/wp-content\/uploads\/2015\/02\/LQ-482.pdf\">LQ\u00a0482<\/a>\u2190Pour consulter le num\u00e9ro, veuillez cliquer sur ce lien<\/p>\n","protected":false},"author":15,"featured_media":15020,"comment_status":"closed","ping_status":"closed","sticky":false,"template":"","format":"standard","meta":{"_monsterinsights_skip_tracking":false,"_monsterinsights_sitenote_active":false,"_monsterinsights_sitenote_note":"","_monsterinsights_sitenote_category":0,"footnotes":""},"categories":[103,19,17,6,2496,563,27,76],"tags":[2156,2564,2855,724,2540,2782],"class_list":["post-15019","post","type-post","status-publish","format-standard","has-post-thumbnail","hentry","category-alaune","category-chroniques","category-discretioncritique","category-courrier","category-echos-et-informations-courrier","category-grec","category-lq-lacanquotidien","category-pressemonde","tag-gilles-chateney","tag-helene-bonnaud","tag-joelle-fabrega","tag-philippe-lacadee","tag-reginald-blancher","tag-une-famille-pour-tous"],"_links":{"self":[{"href":"https:\/\/lacanquotidien.fr\/blog\/wp-json\/wp\/v2\/posts\/15019","targetHints":{"allow":["GET"]}}],"collection":[{"href":"https:\/\/lacanquotidien.fr\/blog\/wp-json\/wp\/v2\/posts"}],"about":[{"href":"https:\/\/lacanquotidien.fr\/blog\/wp-json\/wp\/v2\/types\/post"}],"author":[{"embeddable":true,"href":"https:\/\/lacanquotidien.fr\/blog\/wp-json\/wp\/v2\/users\/15"}],"replies":[{"embeddable":true,"href":"https:\/\/lacanquotidien.fr\/blog\/wp-json\/wp\/v2\/comments?post=15019"}],"version-history":[{"count":5,"href":"https:\/\/lacanquotidien.fr\/blog\/wp-json\/wp\/v2\/posts\/15019\/revisions"}],"predecessor-version":[{"id":15024,"href":"https:\/\/lacanquotidien.fr\/blog\/wp-json\/wp\/v2\/posts\/15019\/revisions\/15024"}],"wp:featuredmedia":[{"embeddable":true,"href":"https:\/\/lacanquotidien.fr\/blog\/wp-json\/wp\/v2\/media\/15020"}],"wp:attachment":[{"href":"https:\/\/lacanquotidien.fr\/blog\/wp-json\/wp\/v2\/media?parent=15019"}],"wp:term":[{"taxonomy":"category","embeddable":true,"href":"https:\/\/lacanquotidien.fr\/blog\/wp-json\/wp\/v2\/categories?post=15019"},{"taxonomy":"post_tag","embeddable":true,"href":"https:\/\/lacanquotidien.fr\/blog\/wp-json\/wp\/v2\/tags?post=15019"}],"curies":[{"name":"wp","href":"https:\/\/api.w.org\/{rel}","templated":true}]}}