{"id":15052,"date":"2015-03-08T08:40:09","date_gmt":"2015-03-08T07:40:09","guid":{"rendered":"http:\/\/www.lacanquotidien.fr\/blog\/?p=15052"},"modified":"2015-04-10T00:51:29","modified_gmt":"2015-04-09T22:51:29","slug":"lacan-quotidien-n-486","status":"publish","type":"post","link":"https:\/\/lacanquotidien.fr\/blog\/2015\/03\/lacan-quotidien-n-486\/","title":{"rendered":"Lacan Quotidien n\u00b0 486 &#8211; Plut\u00f4t un monde sans Dieu que sans fraternit\u00e9 par C. Charri\u00e8re-Bournazel &#8211; Internet, une nouvelle figure de l\u2019Autre ? par N. Charraud &#8211; Un autiste, son BFF Siri et sa m\u00e8re, par J.-D. Matet &#8211; L\u2019insidieuse protocolisation du champ psy par J.-N. Donnart"},"content":{"rendered":"<p style=\"text-align: left;\" align=\"CENTER\"><a href=\"http:\/\/www.lacanquotidien.fr\/blog\/wp-content\/uploads\/2015\/03\/LQ-486.pdf\">LQ\u00a0486<\/a>\u2190Pour consulter le num\u00e9ro, veuillez cliquer sur ce lien<!--more--><\/p>\n<p align=\"CENTER\"><span style=\"color: #ff0000;\"><span style=\"font-family: Times New Roman,serif;\"><span style=\"font-size: large;\"><strong>Plut\u00f4t un monde sans Dieu que sans fraternit\u00e9<\/strong><\/span><\/span><\/span><\/p>\n<p align=\"CENTER\"><span style=\"color: #0024f5;\"><span style=\"font-family: Times New Roman,serif;\"><span style=\"font-size: large;\"><strong>par Christian Charri\u00e8re-Bournazel<\/strong><\/span><\/span><\/span><\/p>\n<p align=\"CENTER\"><span style=\"color: #0024f5;\">&#8212;<br \/>\n<\/span><\/p>\n<p align=\"CENTER\"><span style=\"color: #ff0000;\"><span style=\"font-family: Times New Roman,serif;\"><span style=\"font-size: large;\"><strong>Internet, une nouvelle figure de l\u2019Autre\u00a0?<\/strong><\/span><\/span><\/span><\/p>\n<p align=\"CENTER\"><span style=\"color: #0024f5;\"><span style=\"font-family: Times New Roman,serif;\"><span style=\"font-size: large;\"><strong>par Nathalie Charraud<\/strong><\/span><\/span><\/span><\/p>\n<p align=\"CENTER\"><span style=\"color: #0024f5;\">\u00a0&#8212;<\/span><\/p>\n<p align=\"CENTER\"><span style=\"color: #ff0000;\"><span style=\"font-family: Times New Roman,serif;\"><span style=\"font-size: large;\"><strong>Un autiste, son BFF Siri et sa m\u00e8re<\/strong><\/span><\/span><\/span><\/p>\n<p align=\"CENTER\"><span style=\"color: #0024f5;\"><span style=\"font-family: Times New Roman,serif;\"><span style=\"font-size: large;\"><strong>par Jean-Daniel Matet<\/strong><\/span><\/span><\/span><\/p>\n<p align=\"CENTER\"><span style=\"color: #0024f5;\">&#8212;<br \/>\n<\/span><\/p>\n<p align=\"CENTER\"><span style=\"color: #ff0000;\"><span style=\"font-family: Times New Roman,serif;\"><span style=\"font-size: large;\"><strong>L\u2019insidieuse protocolisation du champ psy et le hors champ<\/strong><\/span><\/span><\/span><\/p>\n<p align=\"CENTER\"><span style=\"font-family: Times New Roman,serif;\"><span style=\"font-size: large;\"><span style=\"color: #0024f5;\"><strong>par Jean-No\u00ebl Donnart<\/strong><\/span><\/span><\/span><\/p>\n","protected":false},"excerpt":{"rendered":"<p style=\"text-align: left;\" align=\"CENTER\"><a href=\"http:\/\/www.lacanquotidien.fr\/blog\/wp-content\/uploads\/2015\/03\/LQ-486.pdf\">LQ\u00a0486<\/a>\u2190Pour consulter le num\u00e9ro, veuillez cliquer sur ce lien<\/p>\n","protected":false},"author":15,"featured_media":15053,"comment_status":"closed","ping_status":"closed","sticky":false,"template":"","format":"standard","meta":{"_monsterinsights_skip_tracking":false,"_monsterinsights_sitenote_active":false,"_monsterinsights_sitenote_note":"","_monsterinsights_sitenote_category":0,"footnotes":""},"categories":[272,103,79,14,27],"tags":[3092,3093,779,1737,3091,3089,3090,278,1451,339,761,1717],"class_list":["post-15052","post","type-post","status-publish","format-standard","has-post-thumbnail","hentry","category-actualites","category-alaune","category-allonsy","category-debatsdesautistes","category-lq-lacanquotidien","tag-apple","tag-christian-charriere-bournazel","tag-dieu","tag-haute-autorite-de-sante","tag-ipad","tag-iphone","tag-ipod","tag-jean-daniel-matet","tag-jean-noel-donnart","tag-nathalie-charraud","tag-siri","tag-therapies-cognitivo-comportementales"],"_links":{"self":[{"href":"https:\/\/lacanquotidien.fr\/blog\/wp-json\/wp\/v2\/posts\/15052","targetHints":{"allow":["GET"]}}],"collection":[{"href":"https:\/\/lacanquotidien.fr\/blog\/wp-json\/wp\/v2\/posts"}],"about":[{"href":"https:\/\/lacanquotidien.fr\/blog\/wp-json\/wp\/v2\/types\/post"}],"author":[{"embeddable":true,"href":"https:\/\/lacanquotidien.fr\/blog\/wp-json\/wp\/v2\/users\/15"}],"replies":[{"embeddable":true,"href":"https:\/\/lacanquotidien.fr\/blog\/wp-json\/wp\/v2\/comments?post=15052"}],"version-history":[{"count":7,"href":"https:\/\/lacanquotidien.fr\/blog\/wp-json\/wp\/v2\/posts\/15052\/revisions"}],"predecessor-version":[{"id":15060,"href":"https:\/\/lacanquotidien.fr\/blog\/wp-json\/wp\/v2\/posts\/15052\/revisions\/15060"}],"wp:featuredmedia":[{"embeddable":true,"href":"https:\/\/lacanquotidien.fr\/blog\/wp-json\/wp\/v2\/media\/15053"}],"wp:attachment":[{"href":"https:\/\/lacanquotidien.fr\/blog\/wp-json\/wp\/v2\/media?parent=15052"}],"wp:term":[{"taxonomy":"category","embeddable":true,"href":"https:\/\/lacanquotidien.fr\/blog\/wp-json\/wp\/v2\/categories?post=15052"},{"taxonomy":"post_tag","embeddable":true,"href":"https:\/\/lacanquotidien.fr\/blog\/wp-json\/wp\/v2\/tags?post=15052"}],"curies":[{"name":"wp","href":"https:\/\/api.w.org\/{rel}","templated":true}]}}