{"id":15192,"date":"2015-04-01T15:02:36","date_gmt":"2015-04-01T13:02:36","guid":{"rendered":"http:\/\/www.lacanquotidien.fr\/blog\/?p=15192"},"modified":"2015-09-27T23:42:57","modified_gmt":"2015-09-27T21:42:57","slug":"lacan-quotidien-n-497","status":"publish","type":"post","link":"https:\/\/lacanquotidien.fr\/blog\/2015\/04\/lacan-quotidien-n-497\/","title":{"rendered":"Lacan Quotidien n\u00b0 497 &#8211; L&rsquo;\u00e9mancipation par Jorge Alem\u00e0n &#8211; AMP\/ONU la femme du 21e si\u00e8cle par Maria Cristina Aguirre &#8211; Une issue \u00e0 la douleur des fous par \u00c9lisabeth Pontier"},"content":{"rendered":"<p><a href=\"http:\/\/www.lacanquotidien.fr\/blog\/wp-content\/uploads\/2015\/04\/LQ-497.pdf\">LQ\u00a0497<\/a>\u2190Pour consulter le num\u00e9ro, veuillez cliquer sur ce lien<!--more--><\/p>\n<p align=\"CENTER\"><span style=\"color: #ff0000;\"><span style=\"font-family: TimesNewRomanPSMT,serif;\"><span style=\"font-size: x-large;\"><strong>Notes sur l&rsquo;\u00e9mancipation<\/strong><\/span><\/span><\/span><\/p>\n<p align=\"CENTER\"><span style=\"color: #0024f5;\"><span style=\"font-family: TimesNewRomanPSMT,serif;\"><span style=\"font-size: x-large;\"><strong>par Jorge Alem\u00e0n<\/strong><\/span><\/span><\/span><\/p>\n<p align=\"CENTER\"><span style=\"color: #e22922;\">&#8212;<br \/>\n<\/span><\/p>\n<p align=\"CENTER\"><span style=\"color: #000000;\"><span style=\"font-family: TimesNewRomanPSMT,serif;\"><span style=\"font-size: x-large;\"><strong>AMP\/ONU<\/strong><\/span><\/span><\/span><\/p>\n<p align=\"CENTER\"><span style=\"color: #ff0000;\"><span style=\"font-size: x-large;\"><span style=\"font-family: TimesNewRomanPSMT,serif;\"><strong>Effets de la globalisation chez la femme du 21<\/strong><\/span><sup><span style=\"font-family: TimesNewRomanPSMT,serif;\"><strong>e<\/strong><\/span><\/sup><span style=\"font-family: TimesNewRomanPSMT,serif;\"><strong> si\u00e8cle<\/strong><\/span><\/span><\/span><\/p>\n<p align=\"CENTER\"><span style=\"color: #0024f5;\"><span style=\"font-family: TimesNewRomanPSMT,serif;\"><span style=\"font-size: x-large;\"><strong>par Maria Cristina Aguirre<\/strong><\/span><\/span><\/span><\/p>\n<p align=\"CENTER\"><span style=\"color: #e22922;\">\u00a0&#8212;<\/span><\/p>\n<p align=\"CENTER\"><span style=\"color: #ff0000;\"><span style=\"font-family: TimesNewRomanPSMT,serif;\"><span style=\"font-size: x-large;\"><strong>Une issue \u00e0 la douleur des fous<\/strong><\/span><\/span><\/span><\/p>\n<p align=\"CENTER\"><span style=\"color: #0024f5;\"><span style=\"font-family: TimesNewRomanPSMT,serif;\"><span style=\"font-size: x-large;\"><strong>par \u00c9lisabeth Pontier<\/strong><\/span><\/span><\/span><\/p>\n<p align=\"CENTER\">&#8212;<\/p>\n<p align=\"CENTER\"><span style=\"color: #ff0000;\"><span style=\"font-size: x-large;\"><span style=\"font-family: TimesNewRomanPSMT,serif;\"><strong>COURRIER<\/strong><\/span><\/span><\/span><\/p>\n","protected":false},"excerpt":{"rendered":"<p><a href=\"http:\/\/www.lacanquotidien.fr\/blog\/wp-content\/uploads\/2015\/04\/LQ-497.pdf\">LQ\u00a0497<\/a>\u2190Pour consulter le num\u00e9ro, veuillez cliquer sur ce lien<\/p>\n","protected":false},"author":15,"featured_media":15193,"comment_status":"closed","ping_status":"closed","sticky":false,"template":"","format":"standard","meta":{"_monsterinsights_skip_tracking":false,"_monsterinsights_sitenote_active":false,"_monsterinsights_sitenote_note":"","_monsterinsights_sitenote_category":0,"footnotes":""},"categories":[272,103,181,301,17,5,6,8,27,917],"tags":[1191,837,663,3125,109,3129],"class_list":["post-15192","post","type-post","status-publish","format-standard","has-post-thumbnail","hentry","category-actualites","category-alaune","category-arts","category-cinema","category-discretioncritique","category-constancepolitique","category-courrier","category-espanol","category-lq-lacanquotidien","category-programmes","tag-capitalisme","tag-consommation","tag-elisabeth-pontier","tag-gerard-depardieu","tag-jorge-aleman","tag-maria-cristina-aguirre"],"_links":{"self":[{"href":"https:\/\/lacanquotidien.fr\/blog\/wp-json\/wp\/v2\/posts\/15192","targetHints":{"allow":["GET"]}}],"collection":[{"href":"https:\/\/lacanquotidien.fr\/blog\/wp-json\/wp\/v2\/posts"}],"about":[{"href":"https:\/\/lacanquotidien.fr\/blog\/wp-json\/wp\/v2\/types\/post"}],"author":[{"embeddable":true,"href":"https:\/\/lacanquotidien.fr\/blog\/wp-json\/wp\/v2\/users\/15"}],"replies":[{"embeddable":true,"href":"https:\/\/lacanquotidien.fr\/blog\/wp-json\/wp\/v2\/comments?post=15192"}],"version-history":[{"count":5,"href":"https:\/\/lacanquotidien.fr\/blog\/wp-json\/wp\/v2\/posts\/15192\/revisions"}],"predecessor-version":[{"id":15198,"href":"https:\/\/lacanquotidien.fr\/blog\/wp-json\/wp\/v2\/posts\/15192\/revisions\/15198"}],"wp:featuredmedia":[{"embeddable":true,"href":"https:\/\/lacanquotidien.fr\/blog\/wp-json\/wp\/v2\/media\/15193"}],"wp:attachment":[{"href":"https:\/\/lacanquotidien.fr\/blog\/wp-json\/wp\/v2\/media?parent=15192"}],"wp:term":[{"taxonomy":"category","embeddable":true,"href":"https:\/\/lacanquotidien.fr\/blog\/wp-json\/wp\/v2\/categories?post=15192"},{"taxonomy":"post_tag","embeddable":true,"href":"https:\/\/lacanquotidien.fr\/blog\/wp-json\/wp\/v2\/tags?post=15192"}],"curies":[{"name":"wp","href":"https:\/\/api.w.org\/{rel}","templated":true}]}}