{"id":15762,"date":"2015-10-14T20:24:21","date_gmt":"2015-10-14T18:24:21","guid":{"rendered":"http:\/\/www.lacanquotidien.fr\/blog\/?p=15762"},"modified":"2016-04-08T22:17:54","modified_gmt":"2016-04-08T20:17:54","slug":"lacan-quotidien-n-535-la-catalogne-par-miquel-bassols-ouverture-en-israeldun-cpc-par-khalil-sbeit-scilicet-le-corps-parlant-par-marie-helene-roch","status":"publish","type":"post","link":"https:\/\/lacanquotidien.fr\/blog\/2015\/10\/lacan-quotidien-n-535-la-catalogne-par-miquel-bassols-ouverture-en-israeldun-cpc-par-khalil-sbeit-scilicet-le-corps-parlant-par-marie-helene-roch\/","title":{"rendered":"Lacan Quotidien n\u00b0 535 &#8211; La Catalogne, [&#8230;] par Miquel Bassols -Ouverture  en Isra\u00ebld&rsquo;un CPC [&#8230;] par Khalil Sbeit &#8211; Scilicet Le Corps parlant [&#8230;] par Marie-H\u00e9l\u00e8ne Roch"},"content":{"rendered":"<p><a href=\"http:\/\/www.lacanquotidien.fr\/blog\/wp-content\/uploads\/2015\/09\/LQ-5351.pdf\" target=\"_blank\">LQ 535<\/a>\u2190Pour consulter le num\u00e9ro, veuillez cliquer sur ce lien<!--more--><\/p>\n<p style=\"text-align: center;\"><span style=\"color: #ff0000;\"><strong>La Catalogne, du souffl\u00e9 \u00e0 l&rsquo;\u00e9pid\u00e9mie<\/strong><\/span><\/p>\n<p style=\"text-align: center;\"><span style=\"color: #0000ff;\"><strong>par Miquel Bassols<\/strong><\/span><\/p>\n<p style=\"text-align: center;\"><span style=\"color: #ff0000;\"><strong>\u00a0<\/strong><strong>Le petit Hans \u2014 Ouverture en Isra\u00ebl <\/strong><\/span><\/p>\n<p style=\"text-align: center;\"><span style=\"color: #ff0000;\"><strong>d&rsquo;un centre psychanalytique de consultation et de traitement <\/strong><\/span><\/p>\n<p style=\"text-align: center;\"><span style=\"color: #ff0000;\"><strong>en langues h\u00e9breu et arabe pour enfants et adolescents<\/strong><\/span><\/p>\n<p style=\"text-align: center;\"><span style=\"color: #0000ff;\"><strong>par Khalil Sbeit<\/strong><\/span><\/p>\n<p style=\"text-align: center;\"><span style=\"color: #ff0000;\"><strong>\u00a0<\/strong><strong>Scilicet<em> Le Corps parlant. Sur l\u2019inconscient au XXI<sup>e<\/sup> si\u00e8cle <\/em>(II)<\/strong><\/span><\/p>\n<p style=\"text-align: center;\"><span style=\"color: #0000ff;\"><strong>par Marie-H\u00e9l\u00e8ne Roch <\/strong><\/span><\/p>\n","protected":false},"excerpt":{"rendered":"<p><a href=\"http:\/\/www.lacanquotidien.fr\/blog\/wp-content\/uploads\/2015\/09\/LQ-5351.pdf\" target=\"_blank\">LQ 535<\/a>\u2190Pour consulter le num\u00e9ro, veuillez cliquer sur ce lien<\/p>\n","protected":false},"author":13,"featured_media":15763,"comment_status":"closed","ping_status":"closed","sticky":false,"template":"","format":"standard","meta":{"_monsterinsights_skip_tracking":false,"_monsterinsights_sitenote_active":false,"_monsterinsights_sitenote_note":"","_monsterinsights_sitenote_category":0,"footnotes":""},"categories":[78,272,103,79,27,3262],"tags":[1834,942,3269,3264,1423,1157],"class_list":["post-15762","post","type-post","status-publish","format-standard","has-post-thumbnail","hentry","category-alire","category-actualites","category-alaune","category-allonsy","category-lq-lacanquotidien","category-le-corps-parlant-sur-linconscient-au-xxie-siecle","tag-catalogne","tag-cpct","tag-khalil-sbeit","tag-marie-helene-roch","tag-miquel-bassols","tag-scilicet"],"_links":{"self":[{"href":"https:\/\/lacanquotidien.fr\/blog\/wp-json\/wp\/v2\/posts\/15762","targetHints":{"allow":["GET"]}}],"collection":[{"href":"https:\/\/lacanquotidien.fr\/blog\/wp-json\/wp\/v2\/posts"}],"about":[{"href":"https:\/\/lacanquotidien.fr\/blog\/wp-json\/wp\/v2\/types\/post"}],"author":[{"embeddable":true,"href":"https:\/\/lacanquotidien.fr\/blog\/wp-json\/wp\/v2\/users\/13"}],"replies":[{"embeddable":true,"href":"https:\/\/lacanquotidien.fr\/blog\/wp-json\/wp\/v2\/comments?post=15762"}],"version-history":[{"count":5,"href":"https:\/\/lacanquotidien.fr\/blog\/wp-json\/wp\/v2\/posts\/15762\/revisions"}],"predecessor-version":[{"id":15779,"href":"https:\/\/lacanquotidien.fr\/blog\/wp-json\/wp\/v2\/posts\/15762\/revisions\/15779"}],"wp:featuredmedia":[{"embeddable":true,"href":"https:\/\/lacanquotidien.fr\/blog\/wp-json\/wp\/v2\/media\/15763"}],"wp:attachment":[{"href":"https:\/\/lacanquotidien.fr\/blog\/wp-json\/wp\/v2\/media?parent=15762"}],"wp:term":[{"taxonomy":"category","embeddable":true,"href":"https:\/\/lacanquotidien.fr\/blog\/wp-json\/wp\/v2\/categories?post=15762"},{"taxonomy":"post_tag","embeddable":true,"href":"https:\/\/lacanquotidien.fr\/blog\/wp-json\/wp\/v2\/tags?post=15762"}],"curies":[{"name":"wp","href":"https:\/\/api.w.org\/{rel}","templated":true}]}}