{"id":15900,"date":"2015-12-11T22:40:01","date_gmt":"2015-12-11T21:40:01","guid":{"rendered":"http:\/\/www.lacanquotidien.fr\/blog\/?p=15900"},"modified":"2016-04-08T22:16:21","modified_gmt":"2016-04-08T20:16:21","slug":"lacan-quotidien-n-551","status":"publish","type":"post","link":"https:\/\/lacanquotidien.fr\/blog\/2015\/12\/lacan-quotidien-n-551\/","title":{"rendered":"Lacan Quotidien n\u00b0 551 &#8211; Les enrag\u00e9s du symbolique par N. Jaudel &#8211; N\u00e9o-lib\u00e9ralisme\u00a0: les exp\u00e9riences populaires et les gauches par J. Alem\u00e0n &#8211; Des Bouts de r\u00e9el\u2026 aux Pi\u00e8ces d\u00e9tach\u00e9es Vers Rio \u2013 AMP 2016 par C. Leduc"},"content":{"rendered":"<p><a href=\"http:\/\/www.lacanquotidien.fr\/blog\/wp-content\/uploads\/2015\/11\/LQ-551-2.pdf\">LQ 551<\/a>\u2190Pour consulter le num\u00e9ro, veuillez cliquer sur ce lien<!--more--><\/p>\n<p align=\"CENTER\"><span style=\"font-family: Times,serif;\"><span style=\"font-size: x-large;\"><span style=\"color: #ff0000;\"><b>Les enrag\u00e9s du symbolique<\/b><\/span><\/span><\/span><\/p>\n<p align=\"CENTER\"><span style=\"font-family: Times,serif;\"><span style=\"font-size: x-large;\"><span style=\"color: #0000ff;\"><b>par Nathalie Jaudel<\/b><\/span><\/span><\/span><\/p>\n<p align=\"CENTER\">&#8212;<\/p>\n<p align=\"CENTER\"><span style=\"font-family: Times,serif;\"><span style=\"font-size: x-large;\"><span style=\"color: #ff0000;\"><b>N\u00e9o-lib\u00e9ralisme\u00a0: les exp\u00e9riences populaires et les gauches<\/b><\/span><\/span><\/span><\/p>\n<p align=\"CENTER\"><span style=\"font-family: Times,serif;\"><span style=\"font-size: x-large;\"><span style=\"color: #0000ff;\"><b>par Jorge Alem\u00e0n<\/b><\/span><\/span><\/span><\/p>\n<p align=\"CENTER\">&#8212;<\/p>\n<p align=\"CENTER\"><span style=\"color: #000000;\"><span style=\"font-family: Times,serif;\"><span style=\"font-size: x-large;\"><span style=\"color: #ff0000;\"><b>Des Bouts de r\u00e9el\u2026 aux Pi\u00e8ces d\u00e9tach\u00e9es<\/b><\/span><\/span><\/span><\/span><\/p>\n<p align=\"CENTER\"><span style=\"color: #000000;\"><span style=\"font-family: Times,serif;\"><span style=\"font-size: x-large;\"><span style=\"color: #ff0000;\">Vers Rio \u2013 AMP 2016<\/span><\/span><\/span><\/span><\/p>\n<p align=\"CENTER\"><span style=\"color: #000000;\"><span style=\"font-family: Times,serif;\"><span style=\"font-size: x-large;\"><span style=\"color: #0000ff;\"><b>par Caroline Leduc<\/b><\/span><\/span><\/span><\/span><\/p>\n","protected":false},"excerpt":{"rendered":"<p><a href=\"http:\/\/www.lacanquotidien.fr\/blog\/wp-content\/uploads\/2015\/11\/LQ-551-2.pdf\">LQ 551<\/a>\u2190Pour consulter le num\u00e9ro, veuillez cliquer sur ce lien<\/p>\n","protected":false},"author":15,"featured_media":15901,"comment_status":"closed","ping_status":"closed","sticky":false,"template":"","format":"standard","meta":{"_monsterinsights_skip_tracking":false,"_monsterinsights_sitenote_active":false,"_monsterinsights_sitenote_note":"","_monsterinsights_sitenote_category":0,"footnotes":""},"categories":[78,272,103,17,5,27,3262,537,400,75,76,7],"tags":[1191,2792,3152,109,588],"class_list":["post-15900","post","type-post","status-publish","format-standard","has-post-thumbnail","hentry","category-alire","category-actualites","category-alaune","category-discretioncritique","category-constancepolitique","category-lq-lacanquotidien","category-le-corps-parlant-sur-linconscient-au-xxie-siecle","category-moments","category-positions","category-pressefrance","category-pressemonde","category-worldwideweb","tag-capitalisme","tag-caroline-leduc","tag-djihadisme","tag-jorge-aleman","tag-nathalie-jaudel"],"_links":{"self":[{"href":"https:\/\/lacanquotidien.fr\/blog\/wp-json\/wp\/v2\/posts\/15900","targetHints":{"allow":["GET"]}}],"collection":[{"href":"https:\/\/lacanquotidien.fr\/blog\/wp-json\/wp\/v2\/posts"}],"about":[{"href":"https:\/\/lacanquotidien.fr\/blog\/wp-json\/wp\/v2\/types\/post"}],"author":[{"embeddable":true,"href":"https:\/\/lacanquotidien.fr\/blog\/wp-json\/wp\/v2\/users\/15"}],"replies":[{"embeddable":true,"href":"https:\/\/lacanquotidien.fr\/blog\/wp-json\/wp\/v2\/comments?post=15900"}],"version-history":[{"count":6,"href":"https:\/\/lacanquotidien.fr\/blog\/wp-json\/wp\/v2\/posts\/15900\/revisions"}],"predecessor-version":[{"id":15910,"href":"https:\/\/lacanquotidien.fr\/blog\/wp-json\/wp\/v2\/posts\/15900\/revisions\/15910"}],"wp:featuredmedia":[{"embeddable":true,"href":"https:\/\/lacanquotidien.fr\/blog\/wp-json\/wp\/v2\/media\/15901"}],"wp:attachment":[{"href":"https:\/\/lacanquotidien.fr\/blog\/wp-json\/wp\/v2\/media?parent=15900"}],"wp:term":[{"taxonomy":"category","embeddable":true,"href":"https:\/\/lacanquotidien.fr\/blog\/wp-json\/wp\/v2\/categories?post=15900"},{"taxonomy":"post_tag","embeddable":true,"href":"https:\/\/lacanquotidien.fr\/blog\/wp-json\/wp\/v2\/tags?post=15900"}],"curies":[{"name":"wp","href":"https:\/\/api.w.org\/{rel}","templated":true}]}}