{"id":15912,"date":"2015-12-13T17:35:36","date_gmt":"2015-12-13T16:35:36","guid":{"rendered":"http:\/\/www.lacanquotidien.fr\/blog\/?p=15912"},"modified":"2016-04-08T22:16:15","modified_gmt":"2016-04-08T20:16:15","slug":"lacan-quotidien-n-552","status":"publish","type":"post","link":"https:\/\/lacanquotidien.fr\/blog\/2015\/12\/lacan-quotidien-n-552\/","title":{"rendered":"Lacan Quotidien n\u00b0 552 &#8211; D\u2019une peur existentielle : Entretien avec David Grossman par Ch. Alberti et G. Caroz &#8211; \u00ab\u00a0Choses lues\u00a0\u00bb (In)actualit\u00e9 br\u00fblante, la chronique de N. Georges-Lambrichs &#8211; Creuser dans le r\u00e9el, Le fils de Saul de L\u00e1szl\u00f3 Nemes par M. Schmouchkovitch"},"content":{"rendered":"<p><a href=\"http:\/\/www.lacanquotidien.fr\/blog\/wp-content\/uploads\/2015\/12\/LQ-552.pdf\">LQ 552<\/a>\u2190Pour consulter le num\u00e9ro, veuillez cliquer sur ce lien<!--more--><\/p>\n<p align=\"CENTER\"><span style=\"color: #000000;\"><span style=\"font-family: Times,serif;\"><span style=\"font-size: x-large;\"><span style=\"color: #ff0000;\"><b>D\u2019une peur existentielle<\/b><\/span><\/span><\/span><\/span><\/p>\n<p align=\"CENTER\"><span style=\"color: #000000;\"><span style=\"font-family: Times,serif;\"><span style=\"font-size: x-large;\"><span style=\"color: #ff0000;\"><b>Entretien avec David Grossman<\/b><\/span><\/span><\/span><\/span><\/p>\n<p align=\"CENTER\"><span style=\"color: #000000;\"><span style=\"font-family: Times,serif;\"><span style=\"font-size: x-large;\"><span style=\"color: #0000ff;\"><b>par Christiane Alberti et Gil Caroz<\/b><\/span><\/span><\/span><\/span><\/p>\n<p align=\"CENTER\">&#8212;<\/p>\n<p align=\"CENTER\"><span style=\"font-family: Times,serif;\"><span style=\"font-size: x-large;\"><span style=\"color: #ff0000;\"><b>\u00ab\u00a0Choses lues\u00a0\u00bb<\/b><\/span><\/span><\/span><\/p>\n<p align=\"CENTER\"><span style=\"color: #0000ff;\"><span style=\"font-family: Times,serif;\"><span style=\"font-size: x-large;\"><b>(In)actualit\u00e9 br\u00fblante,<\/b><\/span><\/span><\/span><\/p>\n<p align=\"CENTER\"><span style=\"color: #0000ff;\"><span style=\"font-family: Times,serif;\"><span style=\"font-size: x-large;\"><b>la chronique de Nathalie Georges-Lambrichs<\/b><\/span><\/span><\/span><\/p>\n<p align=\"CENTER\">&#8212;<\/p>\n<p align=\"CENTER\"><span style=\"font-family: Times,serif;\"><span style=\"font-size: x-large;\"><span style=\"color: #ff0000;\"><b>Creuser dans le r\u00e9el\u00a0<\/b><\/span><\/span><\/span><\/p>\n<p align=\"CENTER\"><span style=\"color: #ff0000;\"> <span style=\"font-family: Times,serif;\"><span style=\"font-size: x-large;\"><b>Le fils de Saul de L\u00e1szl\u00f3 Nemes<\/b><\/span><\/span><\/span><\/p>\n<p align=\"CENTER\"><span style=\"font-family: Times,serif;\"><span style=\"font-size: x-large;\"><span style=\"color: #0000ff;\"><b>par Michel Schmouchkovitch<\/b><\/span><\/span><\/span><\/p>\n","protected":false},"excerpt":{"rendered":"<p><a href=\"http:\/\/www.lacanquotidien.fr\/blog\/wp-content\/uploads\/2015\/12\/LQ-552.pdf\">LQ 552<\/a>\u2190Pour consulter le num\u00e9ro, veuillez cliquer sur ce lien<\/p>\n","protected":false},"author":15,"featured_media":15913,"comment_status":"closed","ping_status":"closed","sticky":false,"template":"","format":"standard","meta":{"_monsterinsights_skip_tracking":false,"_monsterinsights_sitenote_active":false,"_monsterinsights_sitenote_note":"","_monsterinsights_sitenote_category":0,"footnotes":""},"categories":[78,272,103,181,19,301,27,537,400,75,76,568],"tags":[3173,247,3308,448,3311,3310,3299,3309,359],"class_list":["post-15912","post","type-post","status-publish","format-standard","has-post-thumbnail","hentry","category-alire","category-actualites","category-alaune","category-arts","category-chroniques","category-cinema","category-lq-lacanquotidien","category-moments","category-positions","category-pressefrance","category-pressemonde","category-vientdeparaitre","tag-inactualite-brulante-la-chronique-de-nathalie-georges","tag-christiane-alberti","tag-david-grossman","tag-gil-caroz","tag-laszlo-nemes","tag-le-fils-de-saul","tag-le-fils-de-saul-le-film","tag-michel-schmouchkovitch","tag-nathalie-georges-lambrichs"],"_links":{"self":[{"href":"https:\/\/lacanquotidien.fr\/blog\/wp-json\/wp\/v2\/posts\/15912","targetHints":{"allow":["GET"]}}],"collection":[{"href":"https:\/\/lacanquotidien.fr\/blog\/wp-json\/wp\/v2\/posts"}],"about":[{"href":"https:\/\/lacanquotidien.fr\/blog\/wp-json\/wp\/v2\/types\/post"}],"author":[{"embeddable":true,"href":"https:\/\/lacanquotidien.fr\/blog\/wp-json\/wp\/v2\/users\/15"}],"replies":[{"embeddable":true,"href":"https:\/\/lacanquotidien.fr\/blog\/wp-json\/wp\/v2\/comments?post=15912"}],"version-history":[{"count":4,"href":"https:\/\/lacanquotidien.fr\/blog\/wp-json\/wp\/v2\/posts\/15912\/revisions"}],"predecessor-version":[{"id":15931,"href":"https:\/\/lacanquotidien.fr\/blog\/wp-json\/wp\/v2\/posts\/15912\/revisions\/15931"}],"wp:featuredmedia":[{"embeddable":true,"href":"https:\/\/lacanquotidien.fr\/blog\/wp-json\/wp\/v2\/media\/15913"}],"wp:attachment":[{"href":"https:\/\/lacanquotidien.fr\/blog\/wp-json\/wp\/v2\/media?parent=15912"}],"wp:term":[{"taxonomy":"category","embeddable":true,"href":"https:\/\/lacanquotidien.fr\/blog\/wp-json\/wp\/v2\/categories?post=15912"},{"taxonomy":"post_tag","embeddable":true,"href":"https:\/\/lacanquotidien.fr\/blog\/wp-json\/wp\/v2\/tags?post=15912"}],"curies":[{"name":"wp","href":"https:\/\/api.w.org\/{rel}","templated":true}]}}