{"id":16481,"date":"2016-12-05T21:51:00","date_gmt":"2016-12-05T20:51:00","guid":{"rendered":"http:\/\/www.lacanquotidien.fr\/blog\/?p=16481"},"modified":"2017-06-12T01:12:50","modified_gmt":"2017-06-11T23:12:50","slug":"lacan-quotidien-n-614","status":"publish","type":"post","link":"https:\/\/lacanquotidien.fr\/blog\/2016\/12\/lacan-quotidien-n-614\/","title":{"rendered":"Lacan Quotidien n\u00b0 614 &#8211; \u00ab\u00a0Hors d\u2019atteinte, \u00e0 port\u00e9e de main\u00a0\u00bb L\u2019art \u00e0 l\u2019\u00e9poque de l\u2019inconscient r\u00e9el par Marie-H\u00e9l\u00e8ne Brousse &#8211; Relire la R\u00e9volution de Jean-Claude Milner par J. P. Lucchelli &#8211; P\u00c9TITION\u00a0: LA CAUSE DE L\u2019AUTISME"},"content":{"rendered":"<p><a href=\"http:\/\/www.lacanquotidien.fr\/blog\/wp-content\/uploads\/2016\/12\/LQ-614.pdf\">LQ 614<\/a>\u2190Pour consulter le num\u00e9ro, veuillez cliquer sur ce lien<\/p>\n<p><!--more--><\/p>\n<p align=\"CENTER\"><span style=\"font-family: Times New Roman,serif;\"><span style=\"font-size: x-large;\"><span style=\"color: #ff0000;\"><b>\u00ab\u00a0Hors d\u2019atteinte, \u00e0 port\u00e9e de main\u00a0\u00bb<\/b><\/span><\/span><\/span><\/p>\n<p align=\"CENTER\"><span style=\"font-family: Times New Roman,serif;\"><span style=\"font-size: x-large;\"><span style=\"color: #ff0000;\"><b>L\u2019art \u00e0 l\u2019\u00e9poque de l\u2019inconscient r\u00e9el<\/b><\/span><\/span><\/span><\/p>\n<p align=\"CENTER\"><span style=\"color: #0000ff;\"><span style=\"font-family: Times New Roman,serif;\"><span style=\"font-size: x-large;\"><b>par Marie-H\u00e9l\u00e8ne Brousse<\/b><\/span><\/span><\/span><\/p>\n<p align=\"CENTER\"><span style=\"color: #0000ff;\"><span style=\"font-family: Times New Roman,serif;\"><span style=\"font-size: x-large;\"><b>&#8212;<\/b><\/span><\/span><\/span><\/p>\n<p align=\"CENTER\"><span style=\"font-family: Times New Roman,serif;\"><span style=\"font-size: x-large;\"><span style=\"color: #ff0000;\"><i><b>Relire la R\u00e9volution<\/b><\/i><\/span><span style=\"color: #ff0000;\"><b> de Jean-Claude Milner<\/b><\/span><\/span><\/span><\/p>\n<p align=\"CENTER\"><span style=\"color: #0000ff;\"><span style=\"font-family: Times New Roman,serif;\"><span style=\"font-size: x-large;\"><b>par Juan Pablo Lucchelli<\/b><\/span><\/span><\/span><\/p>\n<p align=\"CENTER\"><span style=\"color: #0000ff;\"><span style=\"font-family: Times New Roman,serif;\"><span style=\"font-size: x-large;\"><b>&#8212;<\/b><\/span><\/span><\/span><\/p>\n<p align=\"CENTER\"><span style=\"font-family: Times New Roman,serif;\"><span style=\"font-size: x-large;\"><span style=\"color: #ff0000;\"><b>P\u00c9TITION\u00a0: LA CAUSE DE L\u2019AUTISME<\/b><\/span><\/span><\/span><\/p>\n","protected":false},"excerpt":{"rendered":"<p><a href=\"http:\/\/www.lacanquotidien.fr\/blog\/wp-content\/uploads\/2016\/12\/LQ-614.pdf\">LQ 614<\/a>\u2190Pour consulter le num\u00e9ro, veuillez cliquer sur ce lien<\/p>\n","protected":false},"author":15,"featured_media":16482,"comment_status":"closed","ping_status":"closed","sticky":false,"template":"","format":"standard","meta":{"_monsterinsights_skip_tracking":false,"_monsterinsights_sitenote_active":false,"_monsterinsights_sitenote_note":"","_monsterinsights_sitenote_category":0,"footnotes":""},"categories":[78,272,103,181,3282,15,365,14,27,75,568],"tags":[1506,420,3456,63,3455,3438],"class_list":["post-16481","post","type-post","status-publish","format-standard","has-post-thumbnail","hentry","category-alire","category-actualites","category-alaune","category-arts","category-chine","category-clinique","category-combats","category-debatsdesautistes","category-lq-lacanquotidien","category-pressefrance","category-vientdeparaitre","tag-jean-claude-milner","tag-juan-pablo-lucchelli","tag-la-cause-de-lautisme","tag-marie-helene-brousse","tag-relire-la-revolution-le-livre","tag-sophie-calle"],"_links":{"self":[{"href":"https:\/\/lacanquotidien.fr\/blog\/wp-json\/wp\/v2\/posts\/16481","targetHints":{"allow":["GET"]}}],"collection":[{"href":"https:\/\/lacanquotidien.fr\/blog\/wp-json\/wp\/v2\/posts"}],"about":[{"href":"https:\/\/lacanquotidien.fr\/blog\/wp-json\/wp\/v2\/types\/post"}],"author":[{"embeddable":true,"href":"https:\/\/lacanquotidien.fr\/blog\/wp-json\/wp\/v2\/users\/15"}],"replies":[{"embeddable":true,"href":"https:\/\/lacanquotidien.fr\/blog\/wp-json\/wp\/v2\/comments?post=16481"}],"version-history":[{"count":4,"href":"https:\/\/lacanquotidien.fr\/blog\/wp-json\/wp\/v2\/posts\/16481\/revisions"}],"predecessor-version":[{"id":16488,"href":"https:\/\/lacanquotidien.fr\/blog\/wp-json\/wp\/v2\/posts\/16481\/revisions\/16488"}],"wp:featuredmedia":[{"embeddable":true,"href":"https:\/\/lacanquotidien.fr\/blog\/wp-json\/wp\/v2\/media\/16482"}],"wp:attachment":[{"href":"https:\/\/lacanquotidien.fr\/blog\/wp-json\/wp\/v2\/media?parent=16481"}],"wp:term":[{"taxonomy":"category","embeddable":true,"href":"https:\/\/lacanquotidien.fr\/blog\/wp-json\/wp\/v2\/categories?post=16481"},{"taxonomy":"post_tag","embeddable":true,"href":"https:\/\/lacanquotidien.fr\/blog\/wp-json\/wp\/v2\/tags?post=16481"}],"curies":[{"name":"wp","href":"https:\/\/api.w.org\/{rel}","templated":true}]}}