{"id":1661,"date":"2011-09-28T20:46:24","date_gmt":"2011-09-28T18:46:24","guid":{"rendered":"http:\/\/www.lacanquotidien.fr\/blogx16y\/?p=1661"},"modified":"2011-10-01T20:35:18","modified_gmt":"2011-10-01T18:35:18","slug":"guy-briole-allocution-a-shanghai","status":"publish","type":"post","link":"https:\/\/lacanquotidien.fr\/blog\/2011\/09\/guy-briole-allocution-a-shanghai\/","title":{"rendered":"GUY BRIOLE,  Allocution \u00e0 Shanghai &#8211; LQ 42"},"content":{"rendered":"<p style=\"text-align: justify;\"><em>Le samedi 24 septembre, veille du Colloque Lacan, avait lieu l&rsquo;inauguration de l&rsquo;Institute for Advanced Study in European Culture de Shanghai. Nous \u00e9tions invit\u00e9s et aussi convi\u00e9s \u00e0 prononcer une Allocution, comme l&rsquo;\u00e9taient les diverses autorit\u00e9s universitaires pr\u00e9sentes et venues de diff\u00e9rentes r\u00e9gions de Chine, ainsi que les repr\u00e9sentants des D\u00e9l\u00e9gations consulaires. Rien ne manquait aux semblants protocolaires de ce d\u00e9corum, jusqu&rsquo;\u00e0 la fleur d&rsquo;hibiscus fix\u00e9e \u00e0 la boutonni\u00e8re. A la demande des autres membres de la d\u00e9l\u00e9gation et en leur nom, j\u2019ai improvis\u00e9 cette courte Allocution. <\/em><\/p>\n<p style=\"text-align: justify;\">Monsieur le Pr\u00e9sident de l&rsquo;Universit\u00e9 Jiao Tong de Shanghai,<\/p>\n<p style=\"text-align: justify;\">Monsieur le Directeur du D\u00e9partement des Sciences Humaines,<\/p>\n<p style=\"text-align: justify;\">Monsieur le Directeur de l&rsquo;Institut,<\/p>\n<p style=\"text-align: justify;\">Mesdames et messieurs les repr\u00e9sentants Consulaires,<\/p>\n<p style=\"text-align: justify;\">Mesdames et messieurs,<\/p>\n<p style=\"text-align: justify;\">Je suis tr\u00e8s honor\u00e9 de prendre la parole, ici, devant vous, pour l&rsquo;inauguration de cet Institute for Advanced Study in European Culture. Je m&rsquo;exprime au nom de mes coll\u00e8gues psychanalystes ici pr\u00e9sents mais aussi de l&rsquo;\u00c9cole de la Cause freudienne dont nous sommes membres. C&rsquo;est l&rsquo;\u00c9cole que Jacques Lacan a cr\u00e9e avant sa mort, survenue le 9 septembre 1981.<\/p>\n<p style=\"text-align: justify;\">Je voudrais faire pr\u00e9sents parmi nous Judith Miller \u2014 la fille du docteur Lacan \u2014 pr\u00e9sidente de la Fondation du Champ freudien qui se d\u00e9pense sans compter pour la diffusion de la pens\u00e9e de Lacan et Jacques-Alain Miller qui, par un travail inlassable, met en forme l&rsquo;\u0153uvre de ce psychanalyste unique en \u00e9tablissant et diffusant ses S\u00e9minaires. C&rsquo;est aussi Jacques-Alain Miller qui, par son enseignement, donne l&rsquo;orientation \u00e0 notre Champ dans le monde.<\/p>\n<p style=\"text-align: justify;\">Vous avez mis au c\u0153ur de l&rsquo;intitul\u00e9 de votre Institut le mot culture. Votre culture est mill\u00e9naire et nous sommes sensibles au fait que vous portiez un tel int\u00e9r\u00eat \u00e0 nos cultures europ\u00e9ennes. Je sais que vous, professeur Gao Xuan Yang, vous avez particuli\u00e8rement \u00e9tudi\u00e9 Foucault, D\u00e9rida, L\u00e9vi-Strauss et Lacan et que vous enseignez \u00e0 partir de leurs travaux.<\/p>\n<p style=\"text-align: justify;\">Les philosophes, les humanistes, d&rsquo;autres aussi, ont soulign\u00e9 la relation qui noue la culture et la civilisation. Freud a insist\u00e9 sur ce lien \u00e9troit entre culture et civilisation et fait remarquer que plus, dans une soci\u00e9t\u00e9, la culture \u00e9tait forte et pr\u00e9sente et plus \u00e9lev\u00e9 \u00e9tait son degr\u00e9 de civilisation. Et pourtant, dans sa lettre \u00e0 Einstein \u00ab Pourquoi la guerre \u00bb, Freud se d\u00e9sesp\u00e9rait de ce que, malgr\u00e9 les apports de la culture et leur effet civilisateur, les hommes ne continuent \u00e0 se faire la guerre.<\/p>\n<p style=\"text-align: justify;\">Lacan a repris cette question, non seulement dans son rapport \u00e0 la culture mais, aussi et surtout, sur le versant de la responsabilit\u00e9 de chacun dans la soci\u00e9t\u00e9 dans laquelle il vit. Lacan s&rsquo;interroge de savoir comment des masses humaines oblig\u00e9es \u00e0 vivre dans un territoire contraint peuvent coexister ? C&rsquo;est l\u00e0 qu&rsquo;il nous d\u00e9montre comment, quand on raisonne des hommes comme des masses, cela conduit \u00e0 l&rsquo;exclusion et \u00e0 la barbarie. Quand, dans une soci\u00e9t\u00e9 la culture est sacrifi\u00e9e, quelque chose revient du c\u00f4t\u00e9 de la violence, de la tentation de d\u00e9truire les autres, ceux marqu\u00e9s d&rsquo;une diff\u00e9rence.<\/p>\n<p style=\"text-align: justify;\">Lacan \u00e9tait un homme de d\u00e9sir et c&rsquo;est ce d\u00e9sir qui, maintenant vive la pulsion de vie, fait barrage \u00e0 la pulsion de destruction. Pour Lacan, les hommes sont \u00e0 consid\u00e9rer au un par un de leur implication dans la soci\u00e9t\u00e9 o\u00f9 se d\u00e9ploient leurs actes. Il n&rsquo;est pas possible de s&rsquo;abriter derri\u00e8re le collectif.<\/p>\n<p style=\"text-align: justify;\">C&rsquo;est ainsi que nous comprenons le sens de la cr\u00e9ation d&rsquo;un Institut centr\u00e9 par la culture.<\/p>\n<p style=\"text-align: justify;\">Demain se tiendra le tout premier \u00ab Colloque Lacan \u00bb en Chine, dans cette Universit\u00e9. Je voudrais, \u00e0 ce point de mon intervention, \u00e9voquer en plus de l&rsquo;\u00c9cole de la Cause freudienne, l&rsquo;Association Mondiale de Psychanalyse \u2014 fond\u00e9e \u00e0 Paris par Jacques-Alain Miller \u2014 qui r\u00e9unit de par le monde tous ceux qui se r\u00e9clament de l&rsquo;enseignement de Jacques Lacan. Nous l&rsquo;appelons aussi l&rsquo;\u00c9cole Une. Nous formons le v\u0153u que ce Colloque soit le premier pas de la Chine vers cette \u00c9cole Une. Vous y serez les bienvenus.<\/p>\n<p style=\"text-align: justify;\">Enfin, nous souhaitons un plein succ\u00e8s \u00e0 cet Institut de recherche sur les cultures que nous inaugurons aujourd&rsquo;hui avec vous. Je vous remercie de votre attention.<\/p>\n<p><a href=\"http:\/\/www.lacanquotidien.fr\/blog\/wp-content\/uploads\/2011\/09\/20110930-204839.jpg\"><img decoding=\"async\" class=\"size-full aligncenter\" src=\"http:\/\/www.lacanquotidien.fr\/blog\/wp-content\/uploads\/2011\/09\/20110930-204839.jpg\" alt=\"20110930-204839.jpg\" \/><\/a><\/p>\n","protected":false},"excerpt":{"rendered":"<p style=\"text-align: justify;\">Le samedi 24 septembre, veille du Colloque Lacan, avait lieu l&rsquo;inauguration de l&rsquo;Institute for Advanced Study in European Culture de Shanghai. Nous \u00e9tions invit\u00e9s et aussi convi\u00e9s \u00e0 prononcer une Allocution, comme l&rsquo;\u00e9taient les diverses autorit\u00e9s universitaires pr\u00e9sentes et venues de diff\u00e9rentes r\u00e9gions de Chine, ainsi que les repr\u00e9sentants des D\u00e9l\u00e9gations consulaires. Rien [&#8230;]<\/p>\n","protected":false},"author":4,"featured_media":0,"comment_status":"closed","ping_status":"closed","sticky":false,"template":"","format":"standard","meta":{"_monsterinsights_skip_tracking":false,"_monsterinsights_sitenote_active":false,"_monsterinsights_sitenote_note":"","_monsterinsights_sitenote_category":0,"footnotes":""},"categories":[11],"tags":[249,245],"class_list":["post-1661","post","type-post","status-publish","format-standard","hentry","category-lacanasia","tag-guy-briole","tag-shanghai"],"_links":{"self":[{"href":"https:\/\/lacanquotidien.fr\/blog\/wp-json\/wp\/v2\/posts\/1661","targetHints":{"allow":["GET"]}}],"collection":[{"href":"https:\/\/lacanquotidien.fr\/blog\/wp-json\/wp\/v2\/posts"}],"about":[{"href":"https:\/\/lacanquotidien.fr\/blog\/wp-json\/wp\/v2\/types\/post"}],"author":[{"embeddable":true,"href":"https:\/\/lacanquotidien.fr\/blog\/wp-json\/wp\/v2\/users\/4"}],"replies":[{"embeddable":true,"href":"https:\/\/lacanquotidien.fr\/blog\/wp-json\/wp\/v2\/comments?post=1661"}],"version-history":[{"count":6,"href":"https:\/\/lacanquotidien.fr\/blog\/wp-json\/wp\/v2\/posts\/1661\/revisions"}],"predecessor-version":[{"id":1874,"href":"https:\/\/lacanquotidien.fr\/blog\/wp-json\/wp\/v2\/posts\/1661\/revisions\/1874"}],"wp:attachment":[{"href":"https:\/\/lacanquotidien.fr\/blog\/wp-json\/wp\/v2\/media?parent=1661"}],"wp:term":[{"taxonomy":"category","embeddable":true,"href":"https:\/\/lacanquotidien.fr\/blog\/wp-json\/wp\/v2\/categories?post=1661"},{"taxonomy":"post_tag","embeddable":true,"href":"https:\/\/lacanquotidien.fr\/blog\/wp-json\/wp\/v2\/tags?post=1661"}],"curies":[{"name":"wp","href":"https:\/\/api.w.org\/{rel}","templated":true}]}}