{"id":16853,"date":"2017-04-10T23:11:57","date_gmt":"2017-04-10T21:11:57","guid":{"rendered":"http:\/\/www.lacanquotidien.fr\/blog\/?p=16853"},"modified":"2017-07-01T13:55:49","modified_gmt":"2017-07-01T11:55:49","slug":"lacan-quotidien-n-655","status":"publish","type":"post","link":"https:\/\/lacanquotidien.fr\/blog\/2017\/04\/lacan-quotidien-n-655\/","title":{"rendered":"Lacan Quotidien n\u00b0 655 &#8211; De quoi Macron est-il le oui ? par Bernard-Henri L\u00e9vy  &#8211;  M. Fillon n\u2019est pas un homosexuel par Jacques-Alain Miller  &#8211;  Pour vivre heureux vivons cach\u00e9s par J.-P. Deffieux  &#8211; Grandeur et d\u00e9cadence des amiti\u00e9s particuli\u00e8res par D. Gutermann-Jacquet"},"content":{"rendered":"<p><a href=\"http:\/\/www.lacanquotidien.fr\/blog\/wp-content\/uploads\/2017\/04\/LQ-655.pdf\">LQ 655<\/a>\u2190Pour consulter le num\u00e9ro, veuillez cliquer sur ce lien<!--more--><\/p>\n<h1 class=\"western\" align=\"CENTER\"><strong><span style=\"font-family: Times New Roman,serif;\"><span style=\"font-size: x-large;\"><span style=\"color: #ff0000;\">De quoi Macron est-il le oui\u00a0?<\/span><\/span><\/span><\/strong><\/h1>\n<h1 class=\"western\" align=\"CENTER\"><strong><span style=\"color: #0000ff;\"><span style=\"font-family: Times New Roman,serif;\"><span style=\"font-size: x-large;\">par Bernard-Henri L\u00e9vy<\/span><\/span><\/span><\/strong><\/h1>\n<p align=\"CENTER\"><strong><span style=\"font-family: Times New Roman,serif;\"><span style=\"font-size: x-large;\"><span style=\"color: #0000cb;\">&#8212;<\/span><\/span><\/span><\/strong><\/p>\n<p align=\"CENTER\"><strong><span style=\"font-family: Times New Roman,serif;\"><span style=\"font-size: x-large;\"><span style=\"color: #ff0000;\">M. Fillon n\u2019est pas un homosexuel<\/span><\/span><\/span><\/strong><\/p>\n<h1 class=\"western\" align=\"CENTER\"><strong><span style=\"color: #0000ff;\"><span style=\"font-family: Times New Roman,serif;\"><span style=\"font-size: x-large;\">par Jacques-Alain Miller<\/span><\/span><\/span><\/strong><\/h1>\n<p align=\"CENTER\"><strong><span style=\"color: #0000cb;\"><span style=\"font-family: Times New Roman,serif;\"><span style=\"font-size: x-large;\">&#8212;<\/span><\/span><\/span><\/strong><\/p>\n<p align=\"CENTER\"><strong><span style=\"font-family: Times New Roman,serif;\"><span style=\"font-size: x-large;\"><span style=\"color: #ff0000;\">Pour vivre heureux vivons cach\u00e9s<\/span><\/span><\/span><\/strong><\/p>\n<h1 class=\"western\" align=\"CENTER\"><strong><span style=\"color: #0000ff;\"><span style=\"font-family: Times New Roman,serif;\"><span style=\"font-size: x-large;\">par Jean-Pierre Deffieux<\/span><\/span><\/span><\/strong><\/h1>\n<p align=\"CENTER\"><strong><span style=\"color: #0000ff;\"><span style=\"font-family: Times New Roman,serif;\"><span style=\"font-size: x-large;\">&#8212;<\/span><\/span><\/span><\/strong><\/p>\n<p align=\"CENTER\"><strong><span style=\"font-family: Times New Roman,serif;\"><span style=\"font-size: x-large;\"><span style=\"color: #ff0000;\">Grandeur et d\u00e9cadence des amiti\u00e9s particuli\u00e8res<\/span><\/span><\/span><\/strong><\/p>\n<h1 class=\"western\" align=\"CENTER\"><strong><span style=\"color: #0000ff;\"><span style=\"font-family: Times New Roman,serif;\"><span style=\"font-size: x-large;\">par Deborah Gutermann-Jacquet<\/span><\/span><\/span><\/strong><\/h1>\n","protected":false},"excerpt":{"rendered":"<p><a href=\"http:\/\/www.lacanquotidien.fr\/blog\/wp-content\/uploads\/2017\/04\/LQ-655.pdf\">LQ 655<\/a>\u2190Pour consulter le num\u00e9ro, veuillez cliquer sur ce lien<\/p>\n","protected":false},"author":15,"featured_media":16856,"comment_status":"closed","ping_status":"closed","sticky":false,"template":"","format":"standard","meta":{"_monsterinsights_skip_tracking":false,"_monsterinsights_sitenote_active":false,"_monsterinsights_sitenote_note":"","_monsterinsights_sitenote_category":0,"footnotes":""},"categories":[78,272,103,365,5,33,222,27,400,75],"tags":[626,1398,37,39],"class_list":["post-16853","post","type-post","status-publish","format-standard","has-post-thumbnail","hentry","category-alire","category-actualites","category-alaune","category-combats","category-constancepolitique","category-jam","category-limmediat","category-lq-lacanquotidien","category-positions","category-pressefrance","tag-bernard-henri-levy","tag-deborah-gutermann-jacquet","tag-jacques-alain-miller","tag-jean-pierre-deffieux"],"_links":{"self":[{"href":"https:\/\/lacanquotidien.fr\/blog\/wp-json\/wp\/v2\/posts\/16853","targetHints":{"allow":["GET"]}}],"collection":[{"href":"https:\/\/lacanquotidien.fr\/blog\/wp-json\/wp\/v2\/posts"}],"about":[{"href":"https:\/\/lacanquotidien.fr\/blog\/wp-json\/wp\/v2\/types\/post"}],"author":[{"embeddable":true,"href":"https:\/\/lacanquotidien.fr\/blog\/wp-json\/wp\/v2\/users\/15"}],"replies":[{"embeddable":true,"href":"https:\/\/lacanquotidien.fr\/blog\/wp-json\/wp\/v2\/comments?post=16853"}],"version-history":[{"count":2,"href":"https:\/\/lacanquotidien.fr\/blog\/wp-json\/wp\/v2\/posts\/16853\/revisions"}],"predecessor-version":[{"id":16857,"href":"https:\/\/lacanquotidien.fr\/blog\/wp-json\/wp\/v2\/posts\/16853\/revisions\/16857"}],"wp:featuredmedia":[{"embeddable":true,"href":"https:\/\/lacanquotidien.fr\/blog\/wp-json\/wp\/v2\/media\/16856"}],"wp:attachment":[{"href":"https:\/\/lacanquotidien.fr\/blog\/wp-json\/wp\/v2\/media?parent=16853"}],"wp:term":[{"taxonomy":"category","embeddable":true,"href":"https:\/\/lacanquotidien.fr\/blog\/wp-json\/wp\/v2\/categories?post=16853"},{"taxonomy":"post_tag","embeddable":true,"href":"https:\/\/lacanquotidien.fr\/blog\/wp-json\/wp\/v2\/tags?post=16853"}],"curies":[{"name":"wp","href":"https:\/\/api.w.org\/{rel}","templated":true}]}}