{"id":17217,"date":"2017-05-16T00:59:28","date_gmt":"2017-05-15T22:59:28","guid":{"rendered":"http:\/\/www.lacanquotidien.fr\/blog\/?p=17217"},"modified":"2017-05-16T01:13:25","modified_gmt":"2017-05-15T23:13:25","slug":"heretic","status":"publish","type":"post","link":"https:\/\/lacanquotidien.fr\/blog\/2017\/05\/heretic\/","title":{"rendered":"HERETIC"},"content":{"rendered":"<p><a href=\"http:\/\/www.lacanquotidien.fr\/blog\/wp-content\/uploads\/2017\/05\/HERETIC-Global.jpeg\"><img loading=\"lazy\" decoding=\"async\" class=\"wp-image-17218 size-large aligncenter\" src=\"http:\/\/www.lacanquotidien.fr\/blog\/wp-content\/uploads\/2017\/05\/HERETIC-Global-1024x315.jpeg\" alt=\"\" width=\"627\" height=\"193\" srcset=\"https:\/\/lacanquotidien.fr\/blog\/wp-content\/uploads\/2017\/05\/HERETIC-Global-1024x315.jpeg 1024w, https:\/\/lacanquotidien.fr\/blog\/wp-content\/uploads\/2017\/05\/HERETIC-Global-300x92.jpeg 300w, https:\/\/lacanquotidien.fr\/blog\/wp-content\/uploads\/2017\/05\/HERETIC-Global-768x237.jpeg 768w\" sizes=\"auto, (max-width: 627px) 100vw, 627px\" \/><\/a><\/p>\n<p>&nbsp;<\/p>\n<p class=\"western\" lang=\"fr-FR\" align=\"CENTER\"><span style=\"color: #ff0000;\"><span style=\"font-family: Times New Roman,serif;\"><span style=\"font-size: x-large;\"><b>LETTRE SUR LA NOUVELLE REVUE <\/b><\/span><\/span><\/span><\/p>\n<p class=\"western\" lang=\"fr-FR\" align=\"CENTER\"><span style=\"font-family: Times New Roman,serif;\"><span style=\"font-size: x-large;\"><b>par Jacques-Alain Miller<\/b><\/span><\/span><\/p>\n<p class=\"western\" lang=\"fr-FR\" align=\"RIGHT\"><span style=\"font-family: Baskerville;\"><span style=\"font-size: medium;\"><i>Madrid, le 13 mai 2017<\/i><\/span><\/span><\/p>\n<p class=\"western\" lang=\"fr-FR\" align=\"JUSTIFY\"><span style=\"font-family: Baskerville;\"><span style=\"font-size: medium;\">C\u2019est en lisant cette lettre que j\u2019ai appris au public de ma Conf\u00e9rence-d\u00e9bat le titre de la revue internationale de politique lacanienne qui para\u00eetra prochainement en tant que suppl\u00e9ment <i>online<\/i> de <i>Lacan Quotidien<\/i>. <\/span><\/span><\/p>\n<p class=\"western\" lang=\"fr-FR\" align=\"JUSTIFY\"><span style=\"font-family: Baskerville;\"><span style=\"font-size: medium;\">Elle publiera sans les traduire des textes. Elle aura un vaste r\u00e9seau de correspondants en Europe et en Am\u00e9rique Latine, de l\u2019Australie jusqu\u2019en Sib\u00e9rie, avec des repr\u00e9sentations aux \u00c9tats-Unis et en Chine. Toutes les nuances de la r\u00e9f\u00e9rence lacanienne dans le champ politique seront pr\u00e9sentes, de <i>La<\/i> <i>R\u00e8gle du jeu<\/i> de BHL jusqu\u2019\u00e0 la <i>Izquierda lacaniana<\/i> de Jorge Alem\u00e1n et l\u2019option m\u00e9lenchoniste de G\u00e9rard Miller. Nous souhaitons aussi nous entretenir avec des penseurs, chercheurs, \u00e9conomistes, historiens, sociologues, confirm\u00e9s ou jeunes, tels que, en France, \u00c9tienne Balibar, \u00c9loi Laurent, David Spector, etc. <\/span><\/span><\/p>\n<p class=\"western\" lang=\"fr-FR\" align=\"JUSTIFY\"><span style=\"font-family: Baskerville;\"><span style=\"font-size: medium;\">Ce sera une publication qui \u00e0 la fois fera r\u00e9f\u00e9rence \u00e0 Lacan et sera sans dogmatisme aucun, une sorte de conversation infinie pour s\u2019orienter dans le monde \u2013 \u00ab\u00a0l\u2019im-monde\u00a0\u00bb, disait parfois Lacan quand il lui arrivait d\u2019\u00eatre un peu nostalgique. Toujours avec la maxime\u00a0: <i>Le ma\u00eetre de demain, c\u2019est d\u00e8s aujourd\u2019hui qu\u2019il commande<\/i>. Mais, quel est ce ma\u00eetre qui gouverne cach\u00e9 d\u00e8s aujourd\u2019hui\u00a0? Question de pur style h\u00e9raclit\u00e9en, mais la r\u00e9ponse ne peut pas \u00eatre h\u00e9raclit\u00e9enne\u00a0: \u00ab\u00a0la foudre\u00a0\u00bb ou \u00ab\u00a0le combat\u00a0\u00bb ou \u00ab\u00a0l\u2019enfant\u00a0\u00bb. Au XXI<sup>e<\/sup> si\u00e8cle, il faut une r\u00e9ponse en termes de structure.<\/span><\/span><\/p>\n<p class=\"western\" lang=\"fr-FR\" align=\"JUSTIFY\"><a name=\"_GoBack1\"><\/a> <span style=\"font-family: Baskerville;\"><span style=\"font-size: medium;\">\u00ab\u00a0Et Freud\u00a0? Tu ne dis rien de Freud\u00a0? \u2014\u00a0Freud est la base de tout cela, en tant qu\u2019il a dit\u00a0que <span lang=\"de-DE\"><i>die Individualpsychologie ist daher von Anfang an auch gleichzeitig Sozialpsychologie<\/i><\/span> \u2014\u00a0Et quel est le nom de la revue ? \u2014\u00a0<span style=\"color: #ff0000;\"><b>HERETIC<\/b><\/span>.\u00a0\u00bb <\/span><\/span><\/p>\n<p class=\"western\" lang=\"fr-FR\" align=\"RIGHT\"><span style=\"font-family: Baskerville;\"><span style=\"font-size: medium;\"><i>Traduction Valeria Sommer<\/i><\/span><\/span><\/p>\n<p style=\"text-align: center;\">&#8212;-<\/p>\n<p>&nbsp;<\/p>\n<p class=\"western\" align=\"CENTER\"><span style=\"color: #ff0000;\"><span style=\"font-family: Times New Roman,serif;\"><span style=\"font-size: x-large;\"><b>CARTA SOBRE LA NUEVA REVISTA<\/b><\/span><\/span><\/span><\/p>\n<p class=\"western\" align=\"CENTER\"><span style=\"font-family: Times New Roman,serif;\"><span style=\"font-size: x-large;\"><b>por Jacques-Alain Miller<\/b><\/span><\/span><\/p>\n<p class=\"western\" align=\"RIGHT\"><span style=\"font-family: Baskerville,sans-serif;\"><span style=\"font-size: medium;\"><i>Madrid, el 13 de Mayo 2017<\/i><\/span><\/span><\/p>\n<p class=\"western\" align=\"JUSTIFY\"><span style=\"font-family: Baskerville,sans-serif;\"><span style=\"font-size: medium;\"><span style=\"color: #000000;\">Leyendo esa carta, \u00e9 anunciado el titulo <\/span>de la revista internacional de politica lacaniana qu\u00e9 esta de proxima aparicion como supplemento <i>online<\/i> de <i>Lacan Quotidien<\/i>. Publicara textos en varias lenguas sin traducirlos. Tendra una amplia red de corresponsales a traves Europa e America latina, desde Australia hasta Siberia, con representaciones en Estados-Unidos y China. Todas las matices de la referencia lacaniana en el campo politico estaran presentes, desde <i>La R\u00e8gle du jeu <\/i>de BHL hasta la<i> Izquierda lacaniana<\/i> de Jorge Aleman y la opcion melenchonista de G\u00e9rard Miller. Vamos a querer tambien entretenernos con pensadores, investigadores, economistas, historiadores, sociologos, confirmados o jovenes, tal como, en Francia, Etienne Balibar, Eloi Laurent, David Spector, etc. Sera una publicacion a la vez <i>con<\/i> referencia a Lacan y <i>sin<\/i> dogmatismo ninguno, una suerte de conversacion infinita para orientarnos en el mundo \u2014 \u00ab\u00a0el im-mundo\u00a0\u00bb decia Lacan, poniendose por una vez un poco nostalgico. Siempre con la maxima\u00a0: \u00ab\u00a0le ma\u00eetre de demain, c\u2019est d\u00e8s aujourd\u2019hui qu\u2019il commande\u00a0\u00bb. Pero cual es ese amo qu\u00e9 desde ahora gobierna a escondidas\u00a0? Pregunta de puro estilo heracliteo, pero la respuesta no puede ser heraclitea\u00a0: \u00ab\u00a0el rayo\u00a0\u00bb o \u00ab\u00a0el combate\u00a0\u00bb o \u00ab\u00a0el ni\u00f1o.\u00a0\u00bb En el siglo XXI hace falta una respuesta en terminos de estructura.<\/span><\/span><\/p>\n<p class=\"western\" align=\"JUSTIFY\"><span style=\"font-family: Baskerville,sans-serif;\"><span style=\"font-size: medium;\"> \u00ab\u00a0Y Freud\u00a0? No dices nada de Freud\u00a0? \u2014 Freud es la base de todo eso, en tanto qu\u00e9 ha dicho qu\u00e9 <\/span><\/span><span style=\"font-family: Baskerville,sans-serif;\"><span style=\"font-size: medium;\"><i>die Individual-psychologieist daher von Anfang an auch gleichzeitig Sozial-psychologie<\/i><\/span><\/span><span style=\"font-family: Baskerville,sans-serif;\"><span style=\"font-size: medium;\">.\u00a0\u2014 Y el titulo de la revista, cual es\u00a0? \u2014 <\/span><\/span><span style=\"color: #ff0000;\"><span style=\"font-family: Times New Roman,serif;\"><span style=\"font-size: medium;\"><b>HERETIC<\/b><\/span><\/span><\/span><span style=\"font-family: Baskerville,sans-serif;\"><span style=\"font-size: medium;\">.\u00a0\u00bb<\/span><\/span><\/p>\n<p class=\"western\" style=\"text-align: center;\" align=\"JUSTIFY\">&#8212;-<\/p>\n<p class=\"western\" style=\"text-align: center;\" align=\"JUSTIFY\">\n<style type=\"text\/css\">\n\t<!-- @page { margin: 2cm } P { margin-bottom: 0.21cm; widows: 0; orphans: 0 } P.western { font-family: \"Times New Roman\", serif } P.cjk { so-language: zh-CN } P.ctl { font-family: \"Mangal\" } --><br \/>\t<\/style>\n<\/p>\n<p class=\"western\" align=\"CENTER\"><span style=\"color: #ff0000;\"><span style=\"font-family: Times New Roman,serif;\"><span style=\"font-size: x-large;\"><span lang=\"fr-FR\"><b>LETTER ABOUT THE NEW JOURNAL<\/b><\/span><\/span><\/span><\/span><\/p>\n<p class=\"western\" lang=\"fr-FR\" align=\"CENTER\"><span style=\"font-family: Times New Roman,serif;\"><span style=\"font-size: x-large;\"><b>by Jacques-Alain Miller<\/b><\/span><\/span><\/p>\n<p class=\"western\" lang=\"en-GB\" align=\"RIGHT\"><span style=\"color: #000000;\"><span style=\"font-family: Baskerville;\"><span style=\"font-size: medium;\"><i>Madrid, 13 May 2017 <\/i><\/span><\/span><\/span><\/p>\n<p class=\"western\" align=\"JUSTIFY\"><span style=\"font-family: Baskerville;\"><span style=\"font-size: medium;\"><span style=\"color: #000000;\"><span lang=\"en-GB\">By reading this letter, I announced to the audience of my Conference-debate the title of the international journal of Lacanian politics, which will soon appear as an online supplement to <\/span><\/span><span style=\"color: #000000;\"><span lang=\"en-GB\"><i>Lacan Quotidien<\/i><\/span><\/span><span style=\"color: #000000;\"><span lang=\"en-GB\">. <\/span><\/span><\/span><\/span><\/p>\n<p class=\"western\" align=\"JUSTIFY\"><span style=\"font-family: Baskerville;\"><span style=\"font-size: medium;\"><span style=\"color: #000000;\"><span lang=\"en-GB\">It will publish texts without translation. It will have a wide network of correspondents throughout Europe and Latin America, from Australia to Siberia, with representatives in the United States and in China. All aspects of Lacanian reference in the political field will be present: from BHL\u2019s <\/span><\/span><span style=\"color: #000000;\"><span lang=\"en-GB\"><i>La r\u00e8gle du jeu<\/i><\/span><\/span><span style=\"color: #000000;\"><span lang=\"en-GB\">, to Jorge Aleman\u2019s <\/span><\/span><span style=\"color: #000000;\"><span lang=\"en-GB\"><i>Izquierda lacaniana<\/i><\/span><\/span><span style=\"color: #000000;\"><span lang=\"en-GB\"> and G\u00e9rard Miller\u2019s M\u00e9lenchonist option. We will also attempt to maintain discussion with philosophers, researchers, economists, historians, sociologists, whether established or young such as, in France, \u00c9tienne Balibar, \u00c9loi Laurent, David Spector, etc. <\/span><\/span><\/span><\/span><\/p>\n<p class=\"western\" align=\"JUSTIFY\"><a name=\"_GoBack3\"><\/a> <span style=\"font-family: Baskerville;\"><span style=\"font-size: medium;\"><span style=\"color: #000000;\"><span lang=\"en-GB\">It will be a publication at once with reference to Lacan and without any dogmatism, a sort of infinite conversation with which to orient ourselves in the world \u2013 \u201c<\/span><\/span><span style=\"color: #000000;\"><span lang=\"en-GB\"><i>l\u2019im-monde<\/i><\/span><\/span><span style=\"color: #000000;\"><span lang=\"en-GB\">\u201d, as Lacan said on occasion when he would be a bit nostalgic. And always with the maxim, \u201c<\/span><\/span><span style=\"color: #000000;\"><span lang=\"en-GB\"><i>le ma\u00eetre de demain, c\u2019est d\u00e8s aujourd\u2019hui qu\u2019il commande<\/i><\/span><\/span><span style=\"color: #000000;\"><span lang=\"en-GB\">\u201d. But what is this master that is already secretly governing? This question is of pure Heraclitean style, but its response cannot be Heraclitean: \u201cthe lightning bolt\u201d or \u201cthe combat\u201d or \u201cthe child\u201d. In the 21<\/span><\/span><span style=\"color: #000000;\"><sup><span lang=\"en-GB\">st<\/span><\/sup><\/span><span style=\"color: #000000;\"><span lang=\"en-GB\"> century, we need a response in terms of structure.<\/span><\/span><\/span><\/span><\/p>\n<p class=\"western\" align=\"JUSTIFY\"><span style=\"color: #000000;\">\u201c<span style=\"font-family: Baskerville;\"><span style=\"font-size: medium;\"><span lang=\"en-GB\">And Freud? You are not saying anything about Freud? \u2013 Freud forms the basis of all this, in as much as he said that <\/span><span lang=\"en-GB\"><i>die Individualpsychologie ist daher von Anfang an auch gleichzeitig Sozialpsychologie. <\/i><\/span><span lang=\"en-GB\">And what is the name of the journal? \u2013 <\/span><span style=\"color: #ff0000;\"><span lang=\"en-GB\"><b>HERETIC<\/b><\/span><\/span><span lang=\"en-GB\">.\u201d<\/span><\/span><\/span><\/span><\/p>\n","protected":false},"excerpt":{"rendered":"<p><a href=\"http:\/\/www.lacanquotidien.fr\/blog\/wp-content\/uploads\/2017\/05\/HERETIC-Global.jpeg\"><\/a><\/p>\n<p>&nbsp;<\/p>\n<p class=\"western\" lang=\"fr-FR\" align=\"CENTER\">LETTRE SUR LA NOUVELLE REVUE <\/p>\n<p class=\"western\" lang=\"fr-FR\" align=\"CENTER\">par Jacques-Alain Miller<\/p>\n<p class=\"western\" lang=\"fr-FR\" align=\"RIGHT\">Madrid, le 13 mai 2017<\/p>\n<p class=\"western\" lang=\"fr-FR\" align=\"JUSTIFY\">C\u2019est en lisant cette lettre que j\u2019ai appris au public de ma Conf\u00e9rence-d\u00e9bat le titre de la revue internationale de politique lacanienne qui para\u00eetra prochainement en [&#8230;]<\/p>\n","protected":false},"author":15,"featured_media":0,"comment_status":"closed","ping_status":"closed","sticky":false,"template":"","format":"standard","meta":{"_monsterinsights_skip_tracking":false,"_monsterinsights_sitenote_active":false,"_monsterinsights_sitenote_note":"","_monsterinsights_sitenote_category":0,"footnotes":""},"categories":[1],"tags":[],"class_list":["post-17217","post","type-post","status-publish","format-standard","hentry","category-autres"],"_links":{"self":[{"href":"https:\/\/lacanquotidien.fr\/blog\/wp-json\/wp\/v2\/posts\/17217","targetHints":{"allow":["GET"]}}],"collection":[{"href":"https:\/\/lacanquotidien.fr\/blog\/wp-json\/wp\/v2\/posts"}],"about":[{"href":"https:\/\/lacanquotidien.fr\/blog\/wp-json\/wp\/v2\/types\/post"}],"author":[{"embeddable":true,"href":"https:\/\/lacanquotidien.fr\/blog\/wp-json\/wp\/v2\/users\/15"}],"replies":[{"embeddable":true,"href":"https:\/\/lacanquotidien.fr\/blog\/wp-json\/wp\/v2\/comments?post=17217"}],"version-history":[{"count":3,"href":"https:\/\/lacanquotidien.fr\/blog\/wp-json\/wp\/v2\/posts\/17217\/revisions"}],"predecessor-version":[{"id":17221,"href":"https:\/\/lacanquotidien.fr\/blog\/wp-json\/wp\/v2\/posts\/17217\/revisions\/17221"}],"wp:attachment":[{"href":"https:\/\/lacanquotidien.fr\/blog\/wp-json\/wp\/v2\/media?parent=17217"}],"wp:term":[{"taxonomy":"category","embeddable":true,"href":"https:\/\/lacanquotidien.fr\/blog\/wp-json\/wp\/v2\/categories?post=17217"},{"taxonomy":"post_tag","embeddable":true,"href":"https:\/\/lacanquotidien.fr\/blog\/wp-json\/wp\/v2\/tags?post=17217"}],"curies":[{"name":"wp","href":"https:\/\/api.w.org\/{rel}","templated":true}]}}