{"id":17751,"date":"2017-10-06T23:07:46","date_gmt":"2017-10-06T21:07:46","guid":{"rendered":"https:\/\/www.lacanquotidien.fr\/blog\/?p=17751"},"modified":"2018-05-08T12:53:07","modified_gmt":"2018-05-08T10:53:07","slug":"lacan-quotidien-n-743","status":"publish","type":"post","link":"https:\/\/lacanquotidien.fr\/blog\/2017\/10\/lacan-quotidien-n-743\/","title":{"rendered":"Lacan Quotidien n\u00b0 743 &#8211; D\u00e9sir de psychanalyse par Ch. Alberti &#8211; S\u00e9minaire europ\u00e9en sur l\u2019autisme par D. Holvoet &#8211; \u00ab\u00a0D\u00e9sirs d\u00e9cid\u00e9s pour la d\u00e9mocratie en Europe\u00a0\u00bb par R. E. Manzetti &#8211; Au the\u0301a\u0302tre de la Bastille par Ph. Benichou"},"content":{"rendered":"<p><a href=\"https:\/\/lacanquotidien.fr\/blog\/wp-content\/uploads\/2017\/10\/LQ-743.pdf\">LQ 743<\/a> \u2190Pour consulter le num\u00e9ro, veuillez cliquer sur ce lien<!--more--><\/p>\n<p><a href=\"https:\/\/lacanquotidien.fr\/blog\/wp-content\/uploads\/2017\/10\/LQ-743.pdf\"><img loading=\"lazy\" decoding=\"async\" class=\"aligncenter wp-image-17755\" src=\"https:\/\/lacanquotidien.fr\/blog\/wp-content\/uploads\/2017\/10\/Sans-titreSite.jpeg\" alt=\"\" width=\"650\" height=\"740\" srcset=\"https:\/\/lacanquotidien.fr\/blog\/wp-content\/uploads\/2017\/10\/Sans-titreSite.jpeg 998w, https:\/\/lacanquotidien.fr\/blog\/wp-content\/uploads\/2017\/10\/Sans-titreSite-264x300.jpeg 264w, https:\/\/lacanquotidien.fr\/blog\/wp-content\/uploads\/2017\/10\/Sans-titreSite-768x874.jpeg 768w, https:\/\/lacanquotidien.fr\/blog\/wp-content\/uploads\/2017\/10\/Sans-titreSite-900x1024.jpeg 900w\" sizes=\"auto, (max-width: 650px) 100vw, 650px\" \/><\/a><\/p>\n","protected":false},"excerpt":{"rendered":"<p><a href=\"https:\/\/lacanquotidien.fr\/blog\/wp-content\/uploads\/2017\/10\/LQ-743.pdf\">LQ 743<\/a> \u2190Pour consulter le num\u00e9ro, veuillez cliquer sur ce lien<\/p>\n","protected":false},"author":15,"featured_media":17754,"comment_status":"closed","ping_status":"closed","sticky":false,"template":"","format":"standard","meta":{"_monsterinsights_skip_tracking":false,"_monsterinsights_sitenote_active":false,"_monsterinsights_sitenote_note":"","_monsterinsights_sitenote_category":0,"footnotes":""},"categories":[78,272,103,181,3746,8,562,27,3714,300],"tags":[412,3841,247,1374,3697,3842,3737,3620,3596,3843,3710,3729,3268],"class_list":["post-17751","post","type-post","status-publish","format-standard","has-post-thumbnail","hentry","category-alire","category-actualites","category-alaune","category-arts","category-champ-freudien-annee-zero","category-espanol","category-italiano","category-lq-lacanquotidien","category-reseau-zadig","category-spectacles","tag-autisme","tag-cera","tag-christiane-alberti","tag-dominique-holvoet","tag-editorial-christiane-alberti","tag-forum-desirs-decides-pour-la-democratie-en-europe","tag-gustavo-stiglitz","tag-jessica-jara","tag-lacan-cotidiano","tag-logique-du-pire-la-piece","tag-raquel-cors","tag-rosa-elena-manzetti","tag-vicente-palomera"],"_links":{"self":[{"href":"https:\/\/lacanquotidien.fr\/blog\/wp-json\/wp\/v2\/posts\/17751","targetHints":{"allow":["GET"]}}],"collection":[{"href":"https:\/\/lacanquotidien.fr\/blog\/wp-json\/wp\/v2\/posts"}],"about":[{"href":"https:\/\/lacanquotidien.fr\/blog\/wp-json\/wp\/v2\/types\/post"}],"author":[{"embeddable":true,"href":"https:\/\/lacanquotidien.fr\/blog\/wp-json\/wp\/v2\/users\/15"}],"replies":[{"embeddable":true,"href":"https:\/\/lacanquotidien.fr\/blog\/wp-json\/wp\/v2\/comments?post=17751"}],"version-history":[{"count":5,"href":"https:\/\/lacanquotidien.fr\/blog\/wp-json\/wp\/v2\/posts\/17751\/revisions"}],"predecessor-version":[{"id":17761,"href":"https:\/\/lacanquotidien.fr\/blog\/wp-json\/wp\/v2\/posts\/17751\/revisions\/17761"}],"wp:featuredmedia":[{"embeddable":true,"href":"https:\/\/lacanquotidien.fr\/blog\/wp-json\/wp\/v2\/media\/17754"}],"wp:attachment":[{"href":"https:\/\/lacanquotidien.fr\/blog\/wp-json\/wp\/v2\/media?parent=17751"}],"wp:term":[{"taxonomy":"category","embeddable":true,"href":"https:\/\/lacanquotidien.fr\/blog\/wp-json\/wp\/v2\/categories?post=17751"},{"taxonomy":"post_tag","embeddable":true,"href":"https:\/\/lacanquotidien.fr\/blog\/wp-json\/wp\/v2\/tags?post=17751"}],"curies":[{"name":"wp","href":"https:\/\/api.w.org\/{rel}","templated":true}]}}