{"id":17788,"date":"2017-10-27T17:39:43","date_gmt":"2017-10-27T15:39:43","guid":{"rendered":"https:\/\/www.lacanquotidien.fr\/blog\/?p=17788"},"modified":"2018-05-08T12:54:01","modified_gmt":"2018-05-08T10:54:01","slug":"lacan-quotidien-n-747","status":"publish","type":"post","link":"https:\/\/lacanquotidien.fr\/blog\/2017\/10\/lacan-quotidien-n-747\/","title":{"rendered":"Lacan Quotidien n\u00b0 747 &#8211; Nouvelles incarnations du d\u00e9sir de d\u00e9mocratie en Europe (II) par \u00c9. Laurent &#8211; La Catalogne par Antoni Vicens &#8211; Apr\u00e8s l\u2019enfance ?, avec Laurent Dupont"},"content":{"rendered":"<p><a href=\"https:\/\/lacanquotidien.fr\/blog\/wp-content\/uploads\/2017\/10\/LQ-747.pdf\">LQ 747<\/a> \u2190Pour consulter le num\u00e9ro, veuillez cliquer sur ce lien<!--more--><\/p>\n<p><a href=\"https:\/\/lacanquotidien.fr\/blog\/wp-content\/uploads\/2017\/10\/LQ-747.pdf\"><img loading=\"lazy\" decoding=\"async\" class=\"aligncenter wp-image-17793\" src=\"https:\/\/lacanquotidien.fr\/blog\/wp-content\/uploads\/2017\/10\/Sans-site.jpeg\" alt=\"\" width=\"639\" height=\"718\" srcset=\"https:\/\/lacanquotidien.fr\/blog\/wp-content\/uploads\/2017\/10\/Sans-site.jpeg 1074w, https:\/\/lacanquotidien.fr\/blog\/wp-content\/uploads\/2017\/10\/Sans-site-267x300.jpeg 267w, https:\/\/lacanquotidien.fr\/blog\/wp-content\/uploads\/2017\/10\/Sans-site-768x862.jpeg 768w, https:\/\/lacanquotidien.fr\/blog\/wp-content\/uploads\/2017\/10\/Sans-site-912x1024.jpeg 912w\" sizes=\"auto, (max-width: 639px) 100vw, 639px\" \/><\/a><\/p>\n","protected":false},"excerpt":{"rendered":"<p><a href=\"https:\/\/lacanquotidien.fr\/blog\/wp-content\/uploads\/2017\/10\/LQ-747.pdf\">LQ 747<\/a> \u2190Pour consulter le num\u00e9ro, veuillez cliquer sur ce lien<\/p>\n","protected":false},"author":15,"featured_media":17792,"comment_status":"closed","ping_status":"closed","sticky":false,"template":"","format":"standard","meta":{"_monsterinsights_skip_tracking":false,"_monsterinsights_sitenote_active":false,"_monsterinsights_sitenote_note":"","_monsterinsights_sitenote_category":0,"footnotes":""},"categories":[78,272,103,79,17,567,8,562,27,75,76,568],"tags":[3635,3864,166,3863,3141,1506,3862,3124,1701,73,3861,3860,3859],"class_list":["post-17788","post","type-post","status-publish","format-standard","has-post-thumbnail","hentry","category-alire","category-actualites","category-alaune","category-allonsy","category-discretioncritique","category-deutsch","category-espanol","category-italiano","category-lq-lacanquotidien","category-pressefrance","category-pressemonde","category-vientdeparaitre","tag-antoni-vicens","tag-apres-lenfance-le-livre","tag-eric-laurent","tag-independance-catalogne","tag-jacques-ranciere","tag-jean-claude-milner","tag-la-catalogne","tag-laurent-dupont","tag-marcel-gauchet","tag-navarin-editeur","tag-nouvelles-incarnations-du-desir-de-democratie-en-europe","tag-paul-ricoeur","tag-raphael-glucksmann"],"_links":{"self":[{"href":"https:\/\/lacanquotidien.fr\/blog\/wp-json\/wp\/v2\/posts\/17788","targetHints":{"allow":["GET"]}}],"collection":[{"href":"https:\/\/lacanquotidien.fr\/blog\/wp-json\/wp\/v2\/posts"}],"about":[{"href":"https:\/\/lacanquotidien.fr\/blog\/wp-json\/wp\/v2\/types\/post"}],"author":[{"embeddable":true,"href":"https:\/\/lacanquotidien.fr\/blog\/wp-json\/wp\/v2\/users\/15"}],"replies":[{"embeddable":true,"href":"https:\/\/lacanquotidien.fr\/blog\/wp-json\/wp\/v2\/comments?post=17788"}],"version-history":[{"count":4,"href":"https:\/\/lacanquotidien.fr\/blog\/wp-json\/wp\/v2\/posts\/17788\/revisions"}],"predecessor-version":[{"id":17797,"href":"https:\/\/lacanquotidien.fr\/blog\/wp-json\/wp\/v2\/posts\/17788\/revisions\/17797"}],"wp:featuredmedia":[{"embeddable":true,"href":"https:\/\/lacanquotidien.fr\/blog\/wp-json\/wp\/v2\/media\/17792"}],"wp:attachment":[{"href":"https:\/\/lacanquotidien.fr\/blog\/wp-json\/wp\/v2\/media?parent=17788"}],"wp:term":[{"taxonomy":"category","embeddable":true,"href":"https:\/\/lacanquotidien.fr\/blog\/wp-json\/wp\/v2\/categories?post=17788"},{"taxonomy":"post_tag","embeddable":true,"href":"https:\/\/lacanquotidien.fr\/blog\/wp-json\/wp\/v2\/tags?post=17788"}],"curies":[{"name":"wp","href":"https:\/\/api.w.org\/{rel}","templated":true}]}}