{"id":18032,"date":"2018-03-09T10:47:18","date_gmt":"2018-03-09T09:47:18","guid":{"rendered":"https:\/\/www.lacanquotidien.fr\/blog\/?p=18032"},"modified":"2018-03-09T10:47:18","modified_gmt":"2018-03-09T09:47:18","slug":"lacan-quotidien-n-768","status":"publish","type":"post","link":"https:\/\/lacanquotidien.fr\/blog\/2018\/03\/lacan-quotidien-n-768\/","title":{"rendered":"Lacan Quotidien n\u00b0 768 &#8211; Ce que l\u2019\u00e9valuation passe sous silence, par Judith Miller &#8211; \u00ab\u00a0D\u00e9chainement de la v\u00e9rit\u00e9\u00a0\u00bb et mondialisation de la parole f\u00e9minine,  par Clotilde Leguil &#8211; Lacan Cotidiano n\u00b035"},"content":{"rendered":"<p><a href=\"https:\/\/lacanquotidien.fr\/blog\/wp-content\/uploads\/2018\/03\/LQ-768.pdf\">LQ 768<\/a> \u2190Pour consulter le num\u00e9ro, veuillez cliquer sur ce lien<!--more--><\/p>\n<p><a href=\"https:\/\/lacanquotidien.fr\/blog\/wp-content\/uploads\/2018\/03\/LQ-768.pdf\"><img loading=\"lazy\" decoding=\"async\" class=\"aligncenter wp-image-18036\" src=\"https:\/\/lacanquotidien.fr\/blog\/wp-content\/uploads\/2018\/03\/Sans-titreUne.jpeg\" alt=\"\" width=\"531\" height=\"625\" srcset=\"https:\/\/lacanquotidien.fr\/blog\/wp-content\/uploads\/2018\/03\/Sans-titreUne.jpeg 852w, https:\/\/lacanquotidien.fr\/blog\/wp-content\/uploads\/2018\/03\/Sans-titreUne-255x300.jpeg 255w, https:\/\/lacanquotidien.fr\/blog\/wp-content\/uploads\/2018\/03\/Sans-titreUne-768x903.jpeg 768w\" sizes=\"auto, (max-width: 531px) 100vw, 531px\" \/><\/a><\/p>\n","protected":false},"excerpt":{"rendered":"<p><a href=\"https:\/\/lacanquotidien.fr\/blog\/wp-content\/uploads\/2018\/03\/LQ-768.pdf\">LQ 768<\/a> \u2190Pour consulter le num\u00e9ro, veuillez cliquer sur ce lien<\/p>\n","protected":false},"author":15,"featured_media":18034,"comment_status":"closed","ping_status":"closed","sticky":true,"template":"","format":"standard","meta":{"_monsterinsights_skip_tracking":false,"_monsterinsights_sitenote_active":false,"_monsterinsights_sitenote_note":"","_monsterinsights_sitenote_category":0,"footnotes":""},"categories":[78,272,103,365,5,14,3917,27,75,76,568],"tags":[412,1907,3841,3918,36,3919],"class_list":["post-18032","post","type-post","status-publish","format-standard","has-post-thumbnail","hentry","category-alire","category-actualites","category-alaune","category-combats","category-constancepolitique","category-debatsdesautistes","category-judith-miller","category-lq-lacanquotidien","category-pressefrance","category-pressemonde","category-vientdeparaitre","tag-autisme","tag-autistes","tag-cera","tag-clotilde","tag-judith-miller","tag-meetoo"],"_links":{"self":[{"href":"https:\/\/lacanquotidien.fr\/blog\/wp-json\/wp\/v2\/posts\/18032","targetHints":{"allow":["GET"]}}],"collection":[{"href":"https:\/\/lacanquotidien.fr\/blog\/wp-json\/wp\/v2\/posts"}],"about":[{"href":"https:\/\/lacanquotidien.fr\/blog\/wp-json\/wp\/v2\/types\/post"}],"author":[{"embeddable":true,"href":"https:\/\/lacanquotidien.fr\/blog\/wp-json\/wp\/v2\/users\/15"}],"replies":[{"embeddable":true,"href":"https:\/\/lacanquotidien.fr\/blog\/wp-json\/wp\/v2\/comments?post=18032"}],"version-history":[{"count":4,"href":"https:\/\/lacanquotidien.fr\/blog\/wp-json\/wp\/v2\/posts\/18032\/revisions"}],"predecessor-version":[{"id":18039,"href":"https:\/\/lacanquotidien.fr\/blog\/wp-json\/wp\/v2\/posts\/18032\/revisions\/18039"}],"wp:featuredmedia":[{"embeddable":true,"href":"https:\/\/lacanquotidien.fr\/blog\/wp-json\/wp\/v2\/media\/18034"}],"wp:attachment":[{"href":"https:\/\/lacanquotidien.fr\/blog\/wp-json\/wp\/v2\/media?parent=18032"}],"wp:term":[{"taxonomy":"category","embeddable":true,"href":"https:\/\/lacanquotidien.fr\/blog\/wp-json\/wp\/v2\/categories?post=18032"},{"taxonomy":"post_tag","embeddable":true,"href":"https:\/\/lacanquotidien.fr\/blog\/wp-json\/wp\/v2\/tags?post=18032"}],"curies":[{"name":"wp","href":"https:\/\/api.w.org\/{rel}","templated":true}]}}