{"id":18821,"date":"2019-05-13T20:17:38","date_gmt":"2019-05-13T18:17:38","guid":{"rendered":"https:\/\/www.lacanquotidien.fr\/blog\/?p=18821"},"modified":"2019-05-13T20:23:58","modified_gmt":"2019-05-13T18:23:58","slug":"lacan-quotidien-n-838","status":"publish","type":"post","link":"https:\/\/lacanquotidien.fr\/blog\/2019\/05\/lacan-quotidien-n-838\/","title":{"rendered":"Lacan Quotidien n\u00b0 838 &#8211; Des songes et des mythes &#8211; (In)actualit\u00e9 br\u00fblante, la chronique de Nathalie Georges-Lambrichs &#8211; XIIe Congr\u00e8s de l\u2019AMP &#8211; Tribune de Clotilde Leguil publi\u00e9e par Le Monde &#8211; Temp\u00eate par Vanessa Sudreau"},"content":{"rendered":"\n<p><a href=\"https:\/\/lacanquotidien.fr\/blog\/wp-content\/uploads\/2019\/05\/LQ-838-a.pdf\">LQ 838<\/a> \u2190Pour consulter le num\u00e9ro, veuillez cliquer sur ce lien<\/p>\n\n\n\n<div class=\"wp-block-image\"><figure class=\"aligncenter is-resized\"><a href=\"https:\/\/lacanquotidien.fr\/blog\/wp-content\/uploads\/2019\/05\/LQ-838-a.pdf\"><img loading=\"lazy\" decoding=\"async\" src=\"https:\/\/lacanquotidien.fr\/blog\/wp-content\/uploads\/2019\/05\/Sans-titreSite-1-794x1024.jpeg\" alt=\"\" class=\"wp-image-18826\" width=\"522\" height=\"672\" srcset=\"https:\/\/lacanquotidien.fr\/blog\/wp-content\/uploads\/2019\/05\/Sans-titreSite-1-794x1024.jpeg 794w, https:\/\/lacanquotidien.fr\/blog\/wp-content\/uploads\/2019\/05\/Sans-titreSite-1-233x300.jpeg 233w, https:\/\/lacanquotidien.fr\/blog\/wp-content\/uploads\/2019\/05\/Sans-titreSite-1.jpeg 848w\" sizes=\"auto, (max-width: 522px) 100vw, 522px\" \/><\/a><\/figure><\/div>\n","protected":false},"excerpt":{"rendered":"<p><a href=\"https:\/\/lacanquotidien.fr\/blog\/wp-content\/uploads\/2019\/05\/LQ-838-a.pdf\">LQ 838<\/a> \u2190Pour consulter le num\u00e9ro, veuillez cliquer sur ce lien<\/p>\n<p> <a href=\"https:\/\/lacanquotidien.fr\/blog\/wp-content\/uploads\/2019\/05\/LQ-838-a.pdf\"><\/a><\/p>\n","protected":false},"author":15,"featured_media":18822,"comment_status":"closed","ping_status":"closed","sticky":true,"template":"","format":"standard","meta":{"_monsterinsights_skip_tracking":false,"_monsterinsights_sitenote_active":false,"_monsterinsights_sitenote_note":"","_monsterinsights_sitenote_category":0,"footnotes":""},"categories":[78,272,103,79,19,5,27,4108,568],"tags":[3173,4112,46,359,4109,4111,2675,4110],"class_list":["post-18821","post","type-post","status-publish","format-standard","has-post-thumbnail","hentry","category-alire","category-actualites","category-alaune","category-allonsy","category-chroniques","category-constancepolitique","category-lq-lacanquotidien","category-le-reve-son-interpretation-et-son-usage-dans-la-cure-lacanienne-xiie-congres-de-lamp","category-vientdeparaitre","tag-inactualite-brulante-la-chronique-de-nathalie-georges","tag-ca-raconte-sarah","tag-clotilde-leguil","tag-nathalie-georges-lambrichs","tag-olympe","tag-pauline-delabroy-allard","tag-vanessa-sudreau","tag-xiie-congres-de-lamp"],"_links":{"self":[{"href":"https:\/\/lacanquotidien.fr\/blog\/wp-json\/wp\/v2\/posts\/18821","targetHints":{"allow":["GET"]}}],"collection":[{"href":"https:\/\/lacanquotidien.fr\/blog\/wp-json\/wp\/v2\/posts"}],"about":[{"href":"https:\/\/lacanquotidien.fr\/blog\/wp-json\/wp\/v2\/types\/post"}],"author":[{"embeddable":true,"href":"https:\/\/lacanquotidien.fr\/blog\/wp-json\/wp\/v2\/users\/15"}],"replies":[{"embeddable":true,"href":"https:\/\/lacanquotidien.fr\/blog\/wp-json\/wp\/v2\/comments?post=18821"}],"version-history":[{"count":5,"href":"https:\/\/lacanquotidien.fr\/blog\/wp-json\/wp\/v2\/posts\/18821\/revisions"}],"predecessor-version":[{"id":18831,"href":"https:\/\/lacanquotidien.fr\/blog\/wp-json\/wp\/v2\/posts\/18821\/revisions\/18831"}],"wp:featuredmedia":[{"embeddable":true,"href":"https:\/\/lacanquotidien.fr\/blog\/wp-json\/wp\/v2\/media\/18822"}],"wp:attachment":[{"href":"https:\/\/lacanquotidien.fr\/blog\/wp-json\/wp\/v2\/media?parent=18821"}],"wp:term":[{"taxonomy":"category","embeddable":true,"href":"https:\/\/lacanquotidien.fr\/blog\/wp-json\/wp\/v2\/categories?post=18821"},{"taxonomy":"post_tag","embeddable":true,"href":"https:\/\/lacanquotidien.fr\/blog\/wp-json\/wp\/v2\/tags?post=18821"}],"curies":[{"name":"wp","href":"https:\/\/api.w.org\/{rel}","templated":true}]}}