{"id":2243,"date":"2011-10-02T10:15:57","date_gmt":"2011-10-02T08:15:57","guid":{"rendered":"http:\/\/www.lacanquotidien.fr\/blog\/?p=2243"},"modified":"2011-10-20T00:44:55","modified_gmt":"2011-10-19T22:44:55","slug":"communique-de-jacques-alain-miller-a-07h-00-ce-matin-a-buenos-aires-l%e2%80%99amp-avec-le-concours-de-l%e2%80%99eol-met-en-ligne-el-cincolenguasblog-%c2%ab-du-raffut-pour-rafah-%c2%bb-liberez","status":"publish","type":"post","link":"https:\/\/lacanquotidien.fr\/blog\/2011\/10\/communique-de-jacques-alain-miller-a-07h-00-ce-matin-a-buenos-aires-l%e2%80%99amp-avec-le-concours-de-l%e2%80%99eol-met-en-ligne-el-cincolenguasblog-%c2%ab-du-raffut-pour-rafah-%c2%bb-liberez\/","title":{"rendered":"Communiqu\u00e9 de Jacques-Alain Miller \u00e0 07h 00 ce matin : \u00e0 Buenos Aires, l\u2019AMP, avec le concours de l\u2019EOL, met en ligne EL CINCOLENGUASBLOG \u00ab DU RAFFUT POUR RAFAH ! \u00bb"},"content":{"rendered":"<p align=\"CENTER\"><strong><span style=\"color: #ff0000;\"><!--more--><\/span><\/strong><\/p>\n<p align=\"CENTER\"><strong><span style=\"color: #ff0000;\">Le Site-Blog de LACAN QUOTIDIEN<\/span><br \/>\n<\/strong>mis au point artisanalement par la famille Francboizel, Mina, Mark, Viktor et William,<br \/>\nest ouvert ce 2 octobre \u00e0 l\u2019adresse :<\/p>\n<p align=\"CENTER\"><strong><a href=\"http:\/\/www.lacanquotidien.fr\/\" target=\"_blank\">www.lacanquotidien.fr<\/a><\/strong><strong> &lt;<a href=\"http:\/\/www.lacanquotidien.fr\/\" target=\"_blank\">http:\/\/www.lacanquotidien.fr<\/a>&gt;<br \/>\n<\/strong><\/p>\n<p align=\"CENTER\">Administration : Kristell Jeannot, LQ Secr\u00e9taire \u00e9ditoriale <a href=\"http:\/\/kristell%2Ejeannot@gmail.com\/\" target=\"_blank\">kristell.jeannot@gmail.com<\/a><br \/>\navec Anne Poumellec <a href=\"http:\/\/annedg@wanadoo.fr\/\" target=\"_blank\">annedg@wanadoo.fr<\/a> et Eve Miller-Rose <a href=\"http:\/\/eve%2Enavarin@gmail.com\/\" target=\"_blank\">eve.navarin@gmail.com<\/a><\/p>\n<p>Ch\u00e8re Kristell, cher Mark,<br \/>\nNotre site <em>Lacan Quotidien<\/em> est en ligne. Ce sera annonc\u00e9 par un communiqu\u00e9 Jam. Un peu de trac, beaucoup de joie de ce RDV \u00e0 l&rsquo;adresse <a href=\"http:\/\/www.lacanquotidien.fr\/\" target=\"_blank\">www.lacanquotidien.fr<\/a> &lt;<a href=\"http:\/\/www.lacanquotidien.fr\/\" target=\"_blank\">http:\/\/www.lacanquotidien.fr<\/a>&gt; enfin ouverte au public, gr\u00e2ce \u00e0 vous ! Un grand bravo ! Et un immense merci !<br \/>\nBon courage \u00e0 Kristell pour la suite ! Nous serons tjs \u00e0 l&rsquo;\u00e9coute pour trouver les astuces de wordpress, et aider \u00e0 une bonne organisation au fur et a mesure.<br \/>\nBien \u00e0 vous,<br \/>\nEve<\/p>\n<p align=\"CENTER\">Simultan\u00e9ment, \u00e0 Buenos Aires, l\u2019AMP, Association mondiale de Psychanalyse,<br \/>\navec le concours de l\u2019EOL, Escuela de la Orientacion lacaniana, met en ligne<br \/>\n<span style=\"color: #ff0000;\"><strong>EL CINCOLENGUASBLOG <\/strong><\/span>\u00ab <strong><span style=\"color: #ff0000;\">DU RAFFUT POUR RAFAH !<\/span> \u00bb :<br \/>\n<\/strong><strong> <\/strong><\/p>\n<p align=\"CENTER\"><strong><a href=\"http:\/\/liberezrafah.blogspot.com\/\" target=\"_blank\">liberezrafah.blogspot.com<\/a><br \/>\n<\/strong><\/p>\n<p align=\"CENTER\">Administration<strong> :<\/strong> Mauricio Tarrab, Presidente de la EOL <a href=\"http:\/\/mauricio%2Etarrab@gmail.com\/\" target=\"_blank\">mauricio.tarrab@gmail.com<\/a><\/p>\n<p style=\"text-align: center;\"><span style=\"color: #ff0000;\"><strong>BLOGS DE TOUS LES PAYS<\/strong><\/span><strong><br \/>\n<\/strong><strong>pour la lib\u00e9ration de Rafah !<br \/>\ncontre la dictature, pour la d\u00e9mocratie,<br \/>\npour les libert\u00e9s d\u2019expression et d\u2019association,<br \/>\n<span style=\"color: #0000ff;\">REJOIGNEZ<\/span><br \/>\n<\/strong><strong><br \/>\n<span style=\"color: #0000ff;\"><em>InterBlogs World Connection for Freedom<\/em><\/span><em><br \/>\n<\/em>Connectors<br \/>\n<\/strong>Jacques-Alain Miller <a href=\"http:\/\/ja%2Emiller@orange.fr\/\" target=\"_blank\">ja.miller@orange.fr<\/a><br \/>\nMauricio Tarrab <a href=\"http:\/\/mauricio%2Etarrab@gmail.com\/\" target=\"_blank\">mauricio.tarrab@gmail.com<\/a><\/p>\n<p><a href=\"http:\/\/www.lacanquotidien.fr\/blog\/wp-content\/uploads\/2011\/10\/20111002-102130.jpg\"><img decoding=\"async\" class=\"size-full aligncenter\" src=\"http:\/\/www.lacanquotidien.fr\/blog\/wp-content\/uploads\/2011\/10\/20111002-102130.jpg\" alt=\"20111002-102130.jpg\" \/><\/a><\/p>\n","protected":false},"excerpt":{"rendered":"<p align=\"CENTER\">\n","protected":false},"author":4,"featured_media":2272,"comment_status":"closed","ping_status":"closed","sticky":false,"template":"","format":"standard","meta":{"_monsterinsights_skip_tracking":false,"_monsterinsights_sitenote_active":false,"_monsterinsights_sitenote_note":"","_monsterinsights_sitenote_category":0,"footnotes":""},"categories":[114],"tags":[],"class_list":["post-2243","post","type-post","status-publish","format-standard","has-post-thumbnail","hentry","category-communiques"],"_links":{"self":[{"href":"https:\/\/lacanquotidien.fr\/blog\/wp-json\/wp\/v2\/posts\/2243","targetHints":{"allow":["GET"]}}],"collection":[{"href":"https:\/\/lacanquotidien.fr\/blog\/wp-json\/wp\/v2\/posts"}],"about":[{"href":"https:\/\/lacanquotidien.fr\/blog\/wp-json\/wp\/v2\/types\/post"}],"author":[{"embeddable":true,"href":"https:\/\/lacanquotidien.fr\/blog\/wp-json\/wp\/v2\/users\/4"}],"replies":[{"embeddable":true,"href":"https:\/\/lacanquotidien.fr\/blog\/wp-json\/wp\/v2\/comments?post=2243"}],"version-history":[{"count":18,"href":"https:\/\/lacanquotidien.fr\/blog\/wp-json\/wp\/v2\/posts\/2243\/revisions"}],"predecessor-version":[{"id":3460,"href":"https:\/\/lacanquotidien.fr\/blog\/wp-json\/wp\/v2\/posts\/2243\/revisions\/3460"}],"wp:featuredmedia":[{"embeddable":true,"href":"https:\/\/lacanquotidien.fr\/blog\/wp-json\/wp\/v2\/media\/2272"}],"wp:attachment":[{"href":"https:\/\/lacanquotidien.fr\/blog\/wp-json\/wp\/v2\/media?parent=2243"}],"wp:term":[{"taxonomy":"category","embeddable":true,"href":"https:\/\/lacanquotidien.fr\/blog\/wp-json\/wp\/v2\/categories?post=2243"},{"taxonomy":"post_tag","embeddable":true,"href":"https:\/\/lacanquotidien.fr\/blog\/wp-json\/wp\/v2\/tags?post=2243"}],"curies":[{"name":"wp","href":"https:\/\/api.w.org\/{rel}","templated":true}]}}