{"id":2259,"date":"2011-10-02T11:09:51","date_gmt":"2011-10-02T09:09:51","guid":{"rendered":"http:\/\/www.lacanquotidien.fr\/blog\/?p=2259"},"modified":"2011-10-13T18:51:32","modified_gmt":"2011-10-13T16:51:32","slug":"lacan-quotidien-n%c2%b047-dimanche-2-octobre","status":"publish","type":"post","link":"https:\/\/lacanquotidien.fr\/blog\/2011\/10\/lacan-quotidien-n%c2%b047-dimanche-2-octobre\/","title":{"rendered":"LACAN QUOTIDIEN N\u00b047 &#8211; Dimanche 2 octobre 2011. A la Une : Carla Bruni \u00e9crit au mari de Rafah"},"content":{"rendered":"<p style=\"text-align: center;\"><strong><a href=\"http:\/\/www.lacanquotidien.fr\/blog\/wp-content\/uploads\/2011\/10\/LQ-47-BAT-CARLALETTRE.pdf\">LQ 47<\/a><span style=\"color: #888888;\">\u2190<strong>Pour consulter le num\u00e9ro, veuillez cliquer sur ce lien.<\/strong><\/span><\/strong><\/p>\n<p><!--more--><\/p>\n<p style=\"text-align: center;\"><img decoding=\"async\" title=\"Lire la suite\u2026\" src=\"http:\/\/www.lacanquotidien.fr\/blog\/wp-includes\/js\/tinymce\/plugins\/wordpress\/img\/trans.gif\" alt=\"\" \/><\/p>\n<p style=\"text-align: center;\"><strong><em>Je n\u2019aurais manqu\u00e9 un S\u00e9minaire pour rien au monde<\/em>\u2014 Philippe Sollers<br \/>\n<em>Nous gagnerons parce que nous n\u2019avons pas d\u2019autre choix \u2014 <\/em><\/strong><strong><em><\/em>Agn\u00e8s Aflalo<\/strong><a href=\"http:\/\/www.lacanquotidien.fr\/blog\/wp-content\/uploads\/2011\/10\/20111002-111038.jpg\"><img decoding=\"async\" class=\"size-full\" src=\"http:\/\/www.lacanquotidien.fr\/blog\/wp-content\/uploads\/2011\/10\/20111002-111038.jpg\" alt=\"20111002-111038.jpg\" \/><\/a><\/p>\n<h3 style=\"text-align: center;\"><strong>&#8211; SOMMAIRE &#8211;<\/strong><\/h3>\n<p>&nbsp;<\/p>\n<p style=\"text-align: center;\"><strong><span style=\"color: blue; font-family: Calibri; font-size: large;\">CARLA ECRIT AU MARI DE RAFAH<\/span><\/strong><\/p>\n<p style=\"text-align: center;\"><strong><span style=\"color: blue; font-family: Calibri; font-size: large;\">JUDITH REPOND A L\u2019INTERVIEW DE LIBERATION<\/span><\/strong><\/p>\n<p align=\"center\"><strong><span style=\"color: red; font-family: Calibri; font-size: medium;\">PASCALE FARI<\/span><\/strong><strong><\/strong><\/p>\n<p align=\"center\"><strong><span style=\"color: blue; font-family: Calibri; font-size: medium;\">Sous l\u2019inconsistance, la haine<\/span><\/strong><\/p>\n<p align=\"center\"><strong><span style=\"color: red; font-family: Times New Roman; font-size: medium;\">MIDITE<\/span><\/strong><\/p>\n<p align=\"center\"><strong><span style=\"color: blue; font-family: Times New Roman; font-size: medium;\">TweetParty samedi apr\u00e8s-midi<\/span><\/strong><\/p>\n<p align=\"center\"><strong><span style=\"color: red; font-family: Calibri; font-size: medium;\">Nathalie Georges-Lambrichs<\/span><\/strong><\/p>\n<p align=\"center\"><strong><span style=\"color: blue; font-family: Calibri; font-size: medium;\">Le mythe d\u2019ER (reprise)<\/span><\/strong><\/p>\n<p align=\"center\"><strong><span style=\"color: red; font-family: Calibri; font-size: medium;\">MARIE-CLAUDE SUREAU<\/span><\/strong><\/p>\n<p align=\"center\"><strong><span style=\"color: blue; font-family: Calibri; font-size: medium;\">Equilibr\u00e9\u00a0! \u00c9quilibr\u00e9\u00a0!<\/span><\/strong><\/p>\n<p align=\"center\"><strong><span style=\"color: blue; font-family: Calibri; font-size: medium;\">Est-ce que j&rsquo;ai une t\u00eate d&rsquo;\u00e9quilibr\u00e9\u00a0?<\/span><\/strong><\/p>\n<p align=\"center\"><strong><span style=\"color: red; font-family: Calibri; font-size: small;\">YVES VANDERVEKEN<\/span><\/strong><\/p>\n<p align=\"center\"><strong><span style=\"color: red; font-family: Calibri; font-size: medium;\">LUC MILLER<\/span><\/strong><\/p>\n<p align=\"center\"><strong><span style=\"color: blue; font-family: Calibri; font-size: medium;\">Du journalisme mauvais<\/span><\/strong><\/p>\n<p align=\"center\"><strong><span style=\"color: blue; font-family: Cambria; font-size: small;\">COMMUNIQUE DE JACQUES-ALAIN MILLER<\/span><\/strong><\/p>\n<p align=\"center\"><strong><span style=\"color: blue; font-family: Cambria; font-size: small;\">A 07H 00 CE MATIN<\/span><\/strong><\/p>\n<p style=\"text-align: center;\"><strong><a href=\"http:\/\/www.lacanquotidien.fr\/blog\/wp-content\/uploads\/2011\/10\/LQ-47-BAT-CARLALETTRE.pdf\">LQ 47<\/a>\u2190<strong>Pour consulter le num\u00e9ro, veuillez cliquer sur ce lien.<\/strong><\/strong><\/p>\n<p>&nbsp;<\/p>\n<p>&nbsp;<\/p>\n<p>&nbsp;<\/p>\n","protected":false},"excerpt":{"rendered":"<p style=\"text-align: center;\"><a href=\"http:\/\/www.lacanquotidien.fr\/blog\/wp-content\/uploads\/2011\/10\/LQ-47-BAT-CARLALETTRE.pdf\">LQ 47<\/a>\u2190Pour consulter le num\u00e9ro, veuillez cliquer sur ce lien.<\/p>\n","protected":false},"author":4,"featured_media":2270,"comment_status":"closed","ping_status":"closed","sticky":false,"template":"","format":"standard","meta":{"_monsterinsights_skip_tracking":false,"_monsterinsights_sitenote_active":false,"_monsterinsights_sitenote_note":"","_monsterinsights_sitenote_category":0,"footnotes":""},"categories":[27],"tags":[253],"class_list":["post-2259","post","type-post","status-publish","format-standard","has-post-thumbnail","hentry","category-lq-lacanquotidien","tag-carla-bruni"],"_links":{"self":[{"href":"https:\/\/lacanquotidien.fr\/blog\/wp-json\/wp\/v2\/posts\/2259","targetHints":{"allow":["GET"]}}],"collection":[{"href":"https:\/\/lacanquotidien.fr\/blog\/wp-json\/wp\/v2\/posts"}],"about":[{"href":"https:\/\/lacanquotidien.fr\/blog\/wp-json\/wp\/v2\/types\/post"}],"author":[{"embeddable":true,"href":"https:\/\/lacanquotidien.fr\/blog\/wp-json\/wp\/v2\/users\/4"}],"replies":[{"embeddable":true,"href":"https:\/\/lacanquotidien.fr\/blog\/wp-json\/wp\/v2\/comments?post=2259"}],"version-history":[{"count":17,"href":"https:\/\/lacanquotidien.fr\/blog\/wp-json\/wp\/v2\/posts\/2259\/revisions"}],"predecessor-version":[{"id":3075,"href":"https:\/\/lacanquotidien.fr\/blog\/wp-json\/wp\/v2\/posts\/2259\/revisions\/3075"}],"wp:featuredmedia":[{"embeddable":true,"href":"https:\/\/lacanquotidien.fr\/blog\/wp-json\/wp\/v2\/media\/2270"}],"wp:attachment":[{"href":"https:\/\/lacanquotidien.fr\/blog\/wp-json\/wp\/v2\/media?parent=2259"}],"wp:term":[{"taxonomy":"category","embeddable":true,"href":"https:\/\/lacanquotidien.fr\/blog\/wp-json\/wp\/v2\/categories?post=2259"},{"taxonomy":"post_tag","embeddable":true,"href":"https:\/\/lacanquotidien.fr\/blog\/wp-json\/wp\/v2\/tags?post=2259"}],"curies":[{"name":"wp","href":"https:\/\/api.w.org\/{rel}","templated":true}]}}