{"id":2326,"date":"2011-10-03T19:00:43","date_gmt":"2011-10-03T17:00:43","guid":{"rendered":"http:\/\/www.lacanquotidien.fr\/blog\/?p=2326"},"modified":"2011-10-11T20:33:12","modified_gmt":"2011-10-11T18:33:12","slug":"lacan-quotidien-n%c2%b048-lundi-3-octobre-2011-a-la-une-roudinesco-enflamme-le-champ-freudien","status":"publish","type":"post","link":"https:\/\/lacanquotidien.fr\/blog\/2011\/10\/lacan-quotidien-n%c2%b048-lundi-3-octobre-2011-a-la-une-roudinesco-enflamme-le-champ-freudien\/","title":{"rendered":"LACAN QUOTIDIEN N\u00b048 &#8211; Lundi 3 octobre 2011. A la Une : ROUDINESCO ENFLAMME LE CHAMP FREUDIEN !"},"content":{"rendered":"<p style=\"text-align: center;\"><strong><a href=\"http:\/\/www.lacanquotidien.fr\/blog\/wp-content\/uploads\/2011\/10\/LQ-48.pdf\">LQ 48<\/a>\u2190 Pour d\u00e9couvrir le dernier Lacan Quotidien, cliquez sur ce lien.<!--more--><\/strong><\/p>\n<p style=\"text-align: center;\"><img decoding=\"async\" title=\"More...\" src=\"http:\/\/www.lacanquotidien.fr\/blog\/wp-includes\/js\/tinymce\/plugins\/wordpress\/img\/trans.gif\" alt=\"\" \/><\/p>\n<p style=\"text-align: center;\"><img decoding=\"async\" title=\"Lire la suite\u2026\" src=\"http:\/\/www.lacanquotidien.fr\/blog\/wp-includes\/js\/tinymce\/plugins\/wordpress\/img\/trans.gif\" alt=\"\" \/><\/p>\n<p style=\"text-align: center;\"><strong><em>Je n\u2019aurais manqu\u00e9 un S\u00e9minaire pour rien au monde<\/em>\u2014 Philippe Sollers<br \/>\n<em>Nous gagnerons parce que nous n\u2019avons pas d\u2019autre choix \u2014 <\/em><\/strong><strong><em><\/em>Agn\u00e8s Aflalo<\/strong><\/p>\n<p><a href=\"http:\/\/www.lacanquotidien.fr\/blog\/wp-content\/uploads\/2011\/10\/20111003-212530.jpg\"><img decoding=\"async\" class=\"size-full aligncenter\" src=\"http:\/\/www.lacanquotidien.fr\/blog\/wp-content\/uploads\/2011\/10\/20111003-212530.jpg\" alt=\"20111003-212530.jpg\" \/><\/a><\/p>\n<p>&nbsp;<\/p>\n<p align=\"center\"><strong><span style=\"color: red; font-family: Calibri; font-size: large;\">ROUDINESCO ENFLAMME LE CHAMP FREUDIEN\u00a0!<\/span><\/strong><\/p>\n<p align=\"center\"><strong><span style=\"color: blue; font-family: Calibri; font-size: small;\">\u00ab\u00a0<em>Une \u00e9tincelle peut mettre le feu \u00e0 toute la plaine<\/em>.\u00a0\u00bb <em>&#8211; Le<\/em> <em>Pr\u00e9sident Mao<\/em><\/span><\/strong><\/p>\n<p align=\"center\"><strong><span style=\"color: red; font-family: Calibri; font-size: large;\">\u00a0<\/span><\/strong><\/p>\n<p align=\"center\"><strong><span style=\"color: red; font-family: Calibri; font-size: large;\">avec les contributions de\u00a0:<\/span><\/strong><\/p>\n<p align=\"center\"><strong><em><span style=\"color: blue; font-family: Calibri; font-size: large;\">Philippe Hellebois, Elfi Lefeuvre, Mich\u00e8le Manceaux, Luc Miller, Ad\u00e9la\u00efde Ortega, Victor Rodriguez, Herbert Wachsberger, <\/span><\/em><\/strong><\/p>\n<p align=\"center\"><strong><em><span style=\"color: blue; font-family: Calibri; font-size: large;\">et Victoria Woolard<\/span><\/em><\/strong><\/p>\n<p align=\"center\"><strong><span style=\"color: red; font-family: Calibri; font-size: large;\">et aussi une r\u00e9ponse \u00e0 Nathalie Georges-Lambrichs par<\/span><\/strong><\/p>\n<p align=\"center\"><strong><em><span style=\"color: blue; font-family: Calibri; font-size: large;\">Yann Diener<\/span><\/em><\/strong><\/p>\n<p align=\"center\">\n<p align=\"center\">\n<p align=\"center\"><strong><a href=\"http:\/\/www.lacanquotidien.fr\/blog\/wp-content\/uploads\/2011\/10\/LQ-48.pdf\">LQ 48<\/a>\u2190 Pour d\u00e9couvrir le dernier Lacan Quotidien, cliquez sur ce lien.<\/strong><\/p>\n<p align=\"center\">\n","protected":false},"excerpt":{"rendered":"<p style=\"text-align: center;\"><a href=\"http:\/\/www.lacanquotidien.fr\/blog\/wp-content\/uploads\/2011\/10\/LQ-48.pdf\">LQ 48<\/a>\u2190 Pour d\u00e9couvrir le dernier Lacan Quotidien, cliquez sur ce lien.<\/p>\n","protected":false},"author":4,"featured_media":2332,"comment_status":"closed","ping_status":"closed","sticky":false,"template":"","format":"standard","meta":{"_monsterinsights_skip_tracking":false,"_monsterinsights_sitenote_active":false,"_monsterinsights_sitenote_note":"","_monsterinsights_sitenote_category":0,"footnotes":""},"categories":[27],"tags":[429,427,431,57,426,428,176,430,432,414],"class_list":["post-2326","post","type-post","status-publish","format-standard","has-post-thumbnail","hentry","category-lq-lacanquotidien","tag-adelaide-ortega","tag-elfi-lefeuvre","tag-herbert-wachsberger","tag-luc-miller","tag-mao","tag-michele-manceaux","tag-philippe-hellebois","tag-victor-rodriguez","tag-victoria-woolard","tag-yann-diener"],"_links":{"self":[{"href":"https:\/\/lacanquotidien.fr\/blog\/wp-json\/wp\/v2\/posts\/2326","targetHints":{"allow":["GET"]}}],"collection":[{"href":"https:\/\/lacanquotidien.fr\/blog\/wp-json\/wp\/v2\/posts"}],"about":[{"href":"https:\/\/lacanquotidien.fr\/blog\/wp-json\/wp\/v2\/types\/post"}],"author":[{"embeddable":true,"href":"https:\/\/lacanquotidien.fr\/blog\/wp-json\/wp\/v2\/users\/4"}],"replies":[{"embeddable":true,"href":"https:\/\/lacanquotidien.fr\/blog\/wp-json\/wp\/v2\/comments?post=2326"}],"version-history":[{"count":10,"href":"https:\/\/lacanquotidien.fr\/blog\/wp-json\/wp\/v2\/posts\/2326\/revisions"}],"predecessor-version":[{"id":2968,"href":"https:\/\/lacanquotidien.fr\/blog\/wp-json\/wp\/v2\/posts\/2326\/revisions\/2968"}],"wp:featuredmedia":[{"embeddable":true,"href":"https:\/\/lacanquotidien.fr\/blog\/wp-json\/wp\/v2\/media\/2332"}],"wp:attachment":[{"href":"https:\/\/lacanquotidien.fr\/blog\/wp-json\/wp\/v2\/media?parent=2326"}],"wp:term":[{"taxonomy":"category","embeddable":true,"href":"https:\/\/lacanquotidien.fr\/blog\/wp-json\/wp\/v2\/categories?post=2326"},{"taxonomy":"post_tag","embeddable":true,"href":"https:\/\/lacanquotidien.fr\/blog\/wp-json\/wp\/v2\/tags?post=2326"}],"curies":[{"name":"wp","href":"https:\/\/api.w.org\/{rel}","templated":true}]}}