{"id":2357,"date":"2011-10-02T15:25:47","date_gmt":"2011-10-02T13:25:47","guid":{"rendered":"http:\/\/www.lacanquotidien.fr\/blog\/?p=2357"},"modified":"2011-10-04T09:43:18","modified_gmt":"2011-10-04T07:43:18","slug":"catherine-stef-l%e2%80%99amour-de-la-langue-%e2%80%a6","status":"publish","type":"post","link":"https:\/\/lacanquotidien.fr\/blog\/2011\/10\/catherine-stef-l%e2%80%99amour-de-la-langue-%e2%80%a6\/","title":{"rendered":"CATHERINE STEF, L\u2019amour de la langue \u2026 ?"},"content":{"rendered":"<p style=\"text-align: justify;\"><span style=\"font-family: Verdana,Helvetica,Arial;\"><strong>Message :<\/strong><br \/>\n<strong> \u00ab\u00a0D\u2019un entretien \u00e0 l\u2019autre, l\u2019amour de la langue ne brille pas du m\u00eame brillant ! De l\u2019historienne au linguiste et du journaliste au psychanalyste \u2026R\u00e9action\u00a0\u00bb<\/strong><br \/>\n<!--more--><br \/>\n<\/span><\/p>\n<p style=\"text-align: justify;\">Mme Roudinesco s\u2019expose \u00e0 nouveau de fa\u00e7on consternante dans le journal Lib\u00e9ration, qui aurait sans doute mieux \u00e0 faire ces temps-ci !<\/p>\n<p style=\"text-align: justify;\">Usage raval\u00e9 de la langue, vulgarit\u00e9, technique de communication tellement cousue de fil blanc que c\u2019en est \u00e9coeurant ; cela rappelle en effet  les accents et le style des plus farouches d\u00e9tracteurs de la psychanalyse.<\/p>\n<p style=\"text-align: justify;\">Mais les temps changent, et l\u2019on peut maintenant <em>dans la cit\u00e9<\/em>, <em>avoir<\/em> <em>un autre rapport \u00e0 la fonction de la parole et au champ du  langage<\/em> \u2026. Ce n\u2019est pas trop t\u00f4t !<\/p>\n<p style=\"text-align: justify;\">Dans un (autre) entretien publi\u00e9 r\u00e9cemment, Jean-Claude Milner* s\u2019entretient avec deux psychanalystes : Juan-Pablo Luchelli et Fabian Fanjwaks.<\/p>\n<p style=\"text-align: justify;\">Jean-Claude Milner est un linguiste, et un chercheur. Il explique comment il a rencontr\u00e9  les textes de Lacan, avant, dit-il, de rencontrer l\u2019homme.<\/p>\n<p style=\"text-align: justify;\"> <em>J\u2019ai eu le sentiment de rencontrer quelque chose qui ne ressemblait \u00e0 rien de ce que j\u2019avais connu auparavant<\/em>, dit Jean-Claude Milner.<\/p>\n<p style=\"text-align: justify;\">S\u2019en sont suivis de nombreux ouvrages, dont deux livres, centr\u00e9s sur l\u2019\u0153uvre de Lacan : <em>L\u2019amour de la langue<\/em>, et <em>L\u2019\u0153uvre claire<\/em>, s\u00e9par\u00e9s par 20 ans.<\/p>\n<p style=\"text-align: justify;\">Jean-Claude Milner le chercheur infatigable, avoue que <em>pour \u00eatre s\u00fbr de d\u00e9couvrir un paysage nouveau, le meilleur parti est de refaire le m\u00eame chemin, mais en sens inverse.<\/em><\/p>\n<p style=\"text-align: justify;\"><em> <\/em><\/p>\n<p style=\"text-align: justify;\"><em>Cerner l\u2019impens\u00e9<\/em>, en faire l\u2019objet au c\u0153ur du dispositif de <em>lalangue<\/em>, n\u2019est-ce pas la pratique la plus offensive, la plus percutante, la plus d\u00e9cisive, qui ait vu le jour dans le si\u00e8cle dernier ?<\/p>\n<p style=\"text-align: justify;\">Nous sommes loin de cela avec le navrant \u00e9talage du quotidien Lib\u00e9ration, et loin de cela aussi avec l\u2019insulte adress\u00e9e \u00e0 Judith Miller, qui en l\u2019occurrence retourne \u00e0 l\u2019envoyeur de fa\u00e7on \u00e9clatante.<\/p>\n<p style=\"text-align: justify;\">Depuis plus de 30 ans, en \u00e9tablissant le texte de Lacan, Jacques-Alain Miller refait d\u2019une certaine mani\u00e8re en sens inverse le chemin parcouru par Lacan tout au long de son enseignement. Je ne sais pas s\u2019il <em>trouve des paysages nouveaux<\/em>, mais il ne cesse pas de pr\u00e9senter les trouvailles, les inventions les architectures de Lacan, d\u2019une fa\u00e7on propre \u00e0 maintenir vivant cet incroyable discours, auquel se voue chacun de nous, qui nous nous formons \u00e0 cette pratique exigeante qu\u2019est la psychanalyse d\u2019orientation lacanienne. Un amour de la langue qui ne se rencontre nulle part ailleurs.<\/p>\n<p style=\"text-align: justify;\">*Milner Jean-Claude, <em>Clart\u00e9s de tout<\/em>, <em>de Lacan \u00e0 Marx, d\u2019Aristote \u00e0 Mao<\/em>, \u00c9ditions Verdier, 2011.<\/p>\n","protected":false},"excerpt":{"rendered":"<p style=\"text-align: justify;\">Message :<br \/> \u00ab\u00a0D\u2019un entretien \u00e0 l\u2019autre, l\u2019amour de la langue ne brille pas du m\u00eame brillant ! De l\u2019historienne au linguiste et du journaliste au psychanalyste \u2026R\u00e9action\u00a0\u00bb <\/p>\n","protected":false},"author":4,"featured_media":2358,"comment_status":"closed","ping_status":"closed","sticky":false,"template":"","format":"standard","meta":{"_monsterinsights_skip_tracking":false,"_monsterinsights_sitenote_active":false,"_monsterinsights_sitenote_note":"","_monsterinsights_sitenote_category":0,"footnotes":""},"categories":[6],"tags":[435,433],"class_list":["post-2357","post","type-post","status-publish","format-standard","has-post-thumbnail","hentry","category-courrier","tag-catherine-stef","tag-lamour-de-la-langue"],"_links":{"self":[{"href":"https:\/\/lacanquotidien.fr\/blog\/wp-json\/wp\/v2\/posts\/2357","targetHints":{"allow":["GET"]}}],"collection":[{"href":"https:\/\/lacanquotidien.fr\/blog\/wp-json\/wp\/v2\/posts"}],"about":[{"href":"https:\/\/lacanquotidien.fr\/blog\/wp-json\/wp\/v2\/types\/post"}],"author":[{"embeddable":true,"href":"https:\/\/lacanquotidien.fr\/blog\/wp-json\/wp\/v2\/users\/4"}],"replies":[{"embeddable":true,"href":"https:\/\/lacanquotidien.fr\/blog\/wp-json\/wp\/v2\/comments?post=2357"}],"version-history":[{"count":4,"href":"https:\/\/lacanquotidien.fr\/blog\/wp-json\/wp\/v2\/posts\/2357\/revisions"}],"predecessor-version":[{"id":2379,"href":"https:\/\/lacanquotidien.fr\/blog\/wp-json\/wp\/v2\/posts\/2357\/revisions\/2379"}],"wp:featuredmedia":[{"embeddable":true,"href":"https:\/\/lacanquotidien.fr\/blog\/wp-json\/wp\/v2\/media\/2358"}],"wp:attachment":[{"href":"https:\/\/lacanquotidien.fr\/blog\/wp-json\/wp\/v2\/media?parent=2357"}],"wp:term":[{"taxonomy":"category","embeddable":true,"href":"https:\/\/lacanquotidien.fr\/blog\/wp-json\/wp\/v2\/categories?post=2357"},{"taxonomy":"post_tag","embeddable":true,"href":"https:\/\/lacanquotidien.fr\/blog\/wp-json\/wp\/v2\/tags?post=2357"}],"curies":[{"name":"wp","href":"https:\/\/api.w.org\/{rel}","templated":true}]}}