{"id":2479,"date":"2011-10-05T08:47:20","date_gmt":"2011-10-05T06:47:20","guid":{"rendered":"http:\/\/www.lacanquotidien.fr\/blog\/2011\/10\/41emes-journees-de-lecf-journees-lacan\/"},"modified":"2011-11-25T11:01:23","modified_gmt":"2011-11-25T10:01:23","slug":"41emes-journees-de-lecf-journees-lacan","status":"publish","type":"post","link":"https:\/\/lacanquotidien.fr\/blog\/2011\/10\/41emes-journees-de-lecf-journees-lacan\/","title":{"rendered":"Ecf-messager &#8211; 41\u00e8mes Journ\u00e9es de l&rsquo;ECF &#8211; Journ\u00e9es LACAN"},"content":{"rendered":"<p style=\"text-align: center;\"><strong><!--more-->Le moment est exceptionnel.<\/strong><br \/>\n<strong> Le moment d&rsquo;un Lacan ni \u00e9sot\u00e9rique ni consensuel<\/strong><br \/>\n<strong> mais plus que jamais vivant et n\u00e9cessaire .<\/strong><br \/>\n<strong> Jacques-Alain Miller ne l&rsquo;a pas rendu lisible pour que<\/strong><br \/>\n<strong> nous puissions le tenir comme lu une fois pour toutes<\/strong><br \/>\n<strong> mais pour que nous le lisions bien \u00e9veill\u00e9s par le devoir<\/strong><br \/>\n<strong> de tirer les cons\u00e9quences de notre lecture.<\/strong><br \/>\n<strong> C&rsquo;est de cela qu&rsquo;il sera question lors des prochaines journ\u00e9es de l&rsquo;ECF.<\/strong><br \/>\n<strong> Ne les ratez surtout pas!<\/strong><br \/>\n<span style=\"color: #ff6600;\"><strong>Philippe Bouillot<\/strong><\/span><br \/>\n<span style=\"color: #ff6600;\"><strong> pr\u00e9sident de l&rsquo;ACF-Belgique<\/strong><\/span><\/p>\n<p style=\"text-align: justify;\"><strong>Venir \u00e0 Paris aux 41es Journ\u00e9es de l\u2019\u00c9cole de la Cause freudienne \u2014 les Journ\u00e9es Lacan \u2014 pour comm\u00e9morer l\u2019anniversaire de la mort de Lacan ? Certainement pas. Venir par devoir de m\u00e9moire pour lutter contre la pression de l\u2019oubli ? Certainement pas. Le temps de comm\u00e9morer la mort de Lacan n\u2019est pas encore venu. L\u2019enseignement de Lacan n\u2019est pas pr\u00eat \u00e0 \u00eatre embaum\u00e9 et expos\u00e9 dans la vitrine de l\u2019histoire ou archiv\u00e9 dans la biblioth\u00e8que de la culture. Il n\u2019est pas encore fait pour entrer dans les encyclop\u00e9dies et les dictionnaires, d\u2019ailleurs le discours universitaire ne lui rend pas l\u2019hommage de le mettre en th\u00e8ses, ce sera pour plus tard, quand il ne r\u00e9pondra plus.<\/strong><br \/>\n<strong> Aujourd\u2019hui, il r\u00e9pond encore. Il suffit pour cela de l\u2019interroger, de la bonne mani\u00e8re. Sans doute faut-il y engager un peu de son d\u00e9sir, ce que n\u2019arrivent pas \u00e0 faire les journalistes, les historiens de la psychanalyse, les universitaires, tous les embaumeurs du d\u00e9sir. Si on l\u2019interroge vraiment, il r\u00e9pond. Il r\u00e9pond parce qu\u2019il a toujours une longueur d\u2019avance sur nous. Par exemple, qui s\u2019apercevait dans les ann\u00e9es soixante-dix du s\u00e9minaire que, derri\u00e8re la fameuse linguistique structurale saussurienne, Lacan \u00e9laborait une seconde th\u00e9orie du langage qui donnait \u00e0 la lettre une place aussi importante que celle du signifiant ? Il aura fallu environ vingt ans et l\u2019\u00e9clairage de la lecture de Jacques-Alain Miller pour s\u2019en rendre compte. Lacan avait alors vingt ans d\u2019avance sur ses \u00e9l\u00e8ves. Beaucoup d\u2019autres choses nous sont encore obscures et restent \u00e0 d\u00e9couvrir. Lacan n\u2019est pas derri\u00e8re mais devant nous. Il est encore en avance sur nos questions.<\/strong><br \/>\n<strong> Le psalmodier ou le passer au fil de l\u2019ex\u00e9g\u00e8se, laissons cela au discours universitaire qui le guette en embuscade dans l\u2019espoir d\u2019en finir avec ce qu\u2019il a de vivant, continuons, nous, au contraire, \u00e0 l\u2019interroger ensemble \u00e0 Paris les 8 et 9 octobre. Ce seront alors des Journ\u00e9es avec Lacan.<\/strong><br \/>\n<span style=\"color: #ff6600;\"><strong>\u00c9ric Blumel<\/strong><\/span><br \/>\n<span style=\"color: #ff6600;\"><strong> D\u00e9l\u00e9gu\u00e9 r\u00e9gional ACF-Normandie<\/strong><\/span><\/p>\n<p style=\"text-align: justify;\"><strong><span style=\"color: #0000ff;\">LE PLAISIR DE S\u2019INSCRIRE EN TROIS CLICS NE SERA PLUS ACCESSIBLE \u00c0 PARTIR DE MERCREDI 5 OCTOBRE 2011 MINUIT. JUSQU\u2019\u00c0 24H DONC : <\/span><\/strong><\/p>\n<p style=\"text-align: justify;\"><a title=\"Cause freudienne : Lien vers le site.\" href=\"http:\/\/www.causefreudienne.net\/\" target=\"_blank\"><strong><span style=\"color: #0000ff;\">http:\/\/www.causefreudienne.net\/<\/span><\/strong><\/a><\/p>\n","protected":false},"excerpt":{"rendered":"<p style=\"text-align: center;\">\n","protected":false},"author":4,"featured_media":2502,"comment_status":"closed","ping_status":"closed","sticky":false,"template":"","format":"standard","meta":{"_monsterinsights_skip_tracking":false,"_monsterinsights_sitenote_active":false,"_monsterinsights_sitenote_note":"","_monsterinsights_sitenote_category":0,"footnotes":""},"categories":[917],"tags":[441],"class_list":["post-2479","post","type-post","status-publish","format-standard","has-post-thumbnail","hentry","category-programmes","tag-journees-lacan"],"_links":{"self":[{"href":"https:\/\/lacanquotidien.fr\/blog\/wp-json\/wp\/v2\/posts\/2479","targetHints":{"allow":["GET"]}}],"collection":[{"href":"https:\/\/lacanquotidien.fr\/blog\/wp-json\/wp\/v2\/posts"}],"about":[{"href":"https:\/\/lacanquotidien.fr\/blog\/wp-json\/wp\/v2\/types\/post"}],"author":[{"embeddable":true,"href":"https:\/\/lacanquotidien.fr\/blog\/wp-json\/wp\/v2\/users\/4"}],"replies":[{"embeddable":true,"href":"https:\/\/lacanquotidien.fr\/blog\/wp-json\/wp\/v2\/comments?post=2479"}],"version-history":[{"count":5,"href":"https:\/\/lacanquotidien.fr\/blog\/wp-json\/wp\/v2\/posts\/2479\/revisions"}],"predecessor-version":[{"id":2501,"href":"https:\/\/lacanquotidien.fr\/blog\/wp-json\/wp\/v2\/posts\/2479\/revisions\/2501"}],"wp:featuredmedia":[{"embeddable":true,"href":"https:\/\/lacanquotidien.fr\/blog\/wp-json\/wp\/v2\/media\/2502"}],"wp:attachment":[{"href":"https:\/\/lacanquotidien.fr\/blog\/wp-json\/wp\/v2\/media?parent=2479"}],"wp:term":[{"taxonomy":"category","embeddable":true,"href":"https:\/\/lacanquotidien.fr\/blog\/wp-json\/wp\/v2\/categories?post=2479"},{"taxonomy":"post_tag","embeddable":true,"href":"https:\/\/lacanquotidien.fr\/blog\/wp-json\/wp\/v2\/tags?post=2479"}],"curies":[{"name":"wp","href":"https:\/\/api.w.org\/{rel}","templated":true}]}}