{"id":2787,"date":"2011-10-09T21:09:17","date_gmt":"2011-10-09T19:09:17","guid":{"rendered":"http:\/\/www.lacanquotidien.fr\/blog\/?p=2787"},"modified":"2011-10-14T16:43:43","modified_gmt":"2011-10-14T14:43:43","slug":"communique-de-jacques-alain-miller-suite-au-forum-pour-rafah","status":"publish","type":"post","link":"https:\/\/lacanquotidien.fr\/blog\/2011\/10\/communique-de-jacques-alain-miller-suite-au-forum-pour-rafah\/","title":{"rendered":"Communiqu\u00e9 de Jacques-Alain Miller suite au Forum pour Rafah"},"content":{"rendered":"<p><strong>Communiqu\u00e9 de Jacques-Alain Miller, dimanche soir le 9 octobre 2011,<br \/>\n<\/strong><em>mis \u00e0 jour \u00e0 22:53<\/em><span style=\"color: #0000fd;\"><br \/>\n<\/span><br \/>\n<span style=\"color: #fd0000;\">Le forum pour Rafah! a \u00e9t\u00e9 un plein succ\u00e8s.<br \/>\nLe clou:<\/span>\u00a0la pr\u00e9sence et le discours de\u00a0<span style=\"color: #fd0000;\">Martine Aubry<\/span>, le jour m\u00eame du premier tour des primaires socialistes.<br \/>\n<span style=\"color: #fd0000;\">Sont intervenues<\/span>: Julia Kristeva, avec un expos\u00e9 th\u00e9orique original;<br \/>\nFabienne Servan-Schreiber nous montra comment une fiction pouvait toucher au r\u00e9el;<br \/>\nBlandine Kriegel, la c\u00e9l\u00e8bre philosophe du droit et de la politique;<br \/>\nCynthia Fleury, d\u2019une g\u00e9n\u00e9ration ant\u00e9rieure, et d\u00e9j\u00e0 c\u00e9l\u00e8bre philosophe;<br \/>\nSihem Habchi, qui anime, apr\u00e8s Fadela Amara, la fameuse association Ni putes ni soumises;<br \/>\nVal\u00e9rie Filipetti fit une halte au forum des femmes au cours d\u2019une campagne men\u00e9e tambour battant;<br \/>\net Val\u00e9rie Toranian, de Elle, qui donna au public un aper\u00e7u des vues citoyennes de la r\u00e9daction du magazine universellement r\u00e9put\u00e9;<br \/>\nle Docteur Boubakeur, recteur de la Grande Mosqu\u00e9e de Paris, envoya un message;<br \/>\nAlexandre Adler vint et pr\u00e9senta la Syrie sous un jour in\u00e9dit.<br \/>\n<span style=\"color: #fd0000;\">Isabelle Durant<\/span>\u00a0assura la pr\u00e9sidence du forum avec\u00a0<span style=\"color: #fd0000;\">Jacques-Alain Miller<br \/>\n<\/span><br \/>\n<span style=\"color: #fd0000;\">Du champ freudien<\/span>, on entendit, apr\u00e8s\u00a0<span style=\"color: #fd0000;\">Judith Miller<\/span>: Clotilde Leguil, Flory Kruger, Lilia Mahjoub, Dominique Miller, Carole Dewambrechies La Sagna, Agn\u00e8s Aflalo, Fouzia Liget, Aur\u00e9lie Pfauwadel, Deborah Gutermann.<br \/>\nLa conclusion fut apport\u00e9e par L\u00e9onard Gorostiza, Graciela Brodsky, Eric Laurent, et Jean-Daniel Matet.<\/p>\n<p><span class=\"Apple-style-span\" style=\"color: #fd0000;\"><span style=\"color: #000000;\">Les<\/span>\u00a0\u00a0Journ\u00e9es Lacan <span style=\"color: #000000;\">, 41\u00e8mes journ\u00e9es de l&rsquo;ECF,\u00a0ont accueilli le <span style=\"color: #ff0000;\">Forum des femmes pour Rafah<\/span>\u00a0le 9 octobre \u00e0 Paris dans le grand auditorium du\u00a0Palais des Congr\u00e8s<\/span>.\u00a0<\/span><\/p>\n<p>Les 41\u00e8mes Journ\u00e9es de l&rsquo;Ecole de la Cause freudienne, les 8 et 9 octobre, \u00e9taient consacr\u00e9es \u00e0 la praxis lacanienne de la psychanalyse.\u00a0Le Forum des femmes pour Rafah est organis\u00e9 par\u00a0<em>Lacan Quotidien<\/em>,\u00a0avec\u00a0<em>La R\u00e8gle du Jeu\u00a0<\/em>et l\u2019<em>\u00c9cole de\u00a0<\/em><em>la Cause freudienne, sous la p<\/em>r\u00e9sidence de :\u00a0Isabelle DURANT, vice-pr\u00e9sidente du Parlement europ\u00e9en ;\u00a0Jacques-Alain MILLER, ancien pr\u00e9sident de l\u2019Association mondiale de Psychanalyse.<\/p>\n<p><span class=\"Apple-style-span\" style=\"color: #fd0000;\">Nouvelle communiqu\u00e9e par Mauricio Tarrab:<\/span><\/p>\n<p>le gouvernement argentin serait dispos\u00e9 \u00e0 s\u2019entremettre pour obtenir la lib\u00e9ration de Rafah.<\/p>\n<p>&nbsp;<\/p>\n","protected":false},"excerpt":{"rendered":"<p>Communiqu\u00e9 de Jacques-Alain Miller, dimanche soir le 9 octobre 2011,<br \/> mis \u00e0 jour \u00e0 22:53<\/p>\n<p> Le forum pour Rafah! a \u00e9t\u00e9 un plein succ\u00e8s.<br \/> Le clou:\u00a0la pr\u00e9sence et le discours de\u00a0Martine Aubry, le jour m\u00eame du premier tour des primaires socialistes.<br \/> Sont intervenues: Julia Kristeva, avec un expos\u00e9 th\u00e9orique [&#8230;]<\/p>\n","protected":false},"author":1,"featured_media":2817,"comment_status":"closed","ping_status":"closed","sticky":false,"template":"","format":"standard","meta":{"_monsterinsights_skip_tracking":false,"_monsterinsights_sitenote_active":false,"_monsterinsights_sitenote_note":"","_monsterinsights_sitenote_category":0,"footnotes":""},"categories":[114],"tags":[477,446,122,37,478,3241,34],"class_list":["post-2787","post","type-post","status-publish","format-standard","has-post-thumbnail","hentry","category-communiques","tag-aubry","tag-forum-des-femmes","tag-isabelle-durant","tag-jacques-alain-miller","tag-kristeva","tag-rafah","tag-rafah-nached"],"_links":{"self":[{"href":"https:\/\/lacanquotidien.fr\/blog\/wp-json\/wp\/v2\/posts\/2787","targetHints":{"allow":["GET"]}}],"collection":[{"href":"https:\/\/lacanquotidien.fr\/blog\/wp-json\/wp\/v2\/posts"}],"about":[{"href":"https:\/\/lacanquotidien.fr\/blog\/wp-json\/wp\/v2\/types\/post"}],"author":[{"embeddable":true,"href":"https:\/\/lacanquotidien.fr\/blog\/wp-json\/wp\/v2\/users\/1"}],"replies":[{"embeddable":true,"href":"https:\/\/lacanquotidien.fr\/blog\/wp-json\/wp\/v2\/comments?post=2787"}],"version-history":[{"count":13,"href":"https:\/\/lacanquotidien.fr\/blog\/wp-json\/wp\/v2\/posts\/2787\/revisions"}],"predecessor-version":[{"id":3112,"href":"https:\/\/lacanquotidien.fr\/blog\/wp-json\/wp\/v2\/posts\/2787\/revisions\/3112"}],"wp:featuredmedia":[{"embeddable":true,"href":"https:\/\/lacanquotidien.fr\/blog\/wp-json\/wp\/v2\/media\/2817"}],"wp:attachment":[{"href":"https:\/\/lacanquotidien.fr\/blog\/wp-json\/wp\/v2\/media?parent=2787"}],"wp:term":[{"taxonomy":"category","embeddable":true,"href":"https:\/\/lacanquotidien.fr\/blog\/wp-json\/wp\/v2\/categories?post=2787"},{"taxonomy":"post_tag","embeddable":true,"href":"https:\/\/lacanquotidien.fr\/blog\/wp-json\/wp\/v2\/tags?post=2787"}],"curies":[{"name":"wp","href":"https:\/\/api.w.org\/{rel}","templated":true}]}}