{"id":2875,"date":"2011-10-10T22:29:31","date_gmt":"2011-10-10T20:29:31","guid":{"rendered":"http:\/\/www.lacanquotidien.fr\/blog\/?p=2875"},"modified":"2011-10-17T01:22:36","modified_gmt":"2011-10-16T23:22:36","slug":"heidegger-hoy-coleccion-filosofia","status":"publish","type":"post","link":"https:\/\/lacanquotidien.fr\/blog\/2011\/10\/heidegger-hoy-coleccion-filosofia\/","title":{"rendered":"HEIDEGGER HOY &#8211; Colecci\u00f3n Filosof\u00eda"},"content":{"rendered":"<div><!--more--><\/div>\n<div>\n<table width=\"100%\" border=\"0\" cellspacing=\"0\" cellpadding=\"0\">\n<tbody>\n<tr>\n<td width=\"20\"><\/td>\n<td rowspan=\"2\" align=\"center\" width=\"200\"><a href=\"http:\/\/track.enviodemails.com\/?email=jam@lacanian.net&amp;ID=GRAMAEDICIONES&amp;Track=51861&amp;row=%29*ROW*%21&amp;cmd=C&amp;redirect=http:\/\/www.gramaediciones.com.ar\/index.php\" target=\"_blank\"><img loading=\"lazy\" decoding=\"async\" src=\"http:\/\/www.gramaediciones.com.ar\/images\/enc\/isologo.png\" alt=\"Grama Ediciones\" width=\"168\" height=\"38\" border=\"0\" vspace=\"10\" \/><\/a><\/td>\n<td height=\"24px\"><\/td>\n<\/tr>\n<tr>\n<td width=\"20\"><img loading=\"lazy\" decoding=\"async\" src=\"http:\/\/www.gramaediciones.com.ar\/images\/invisible.gif\" alt=\"\" width=\"5\" height=\"35\" \/><\/td>\n<td>\n<table width=\"95%\" border=\"0\" cellspacing=\"10\" cellpadding=\"0\">\n<tbody>\n<tr>\n<td align=\"right\"><strong>PSICOAN\u00c1LISIS &amp; FILOSOF\u00cdA<\/strong><\/td>\n<\/tr>\n<\/tbody>\n<\/table>\n<\/td>\n<\/tr>\n<\/tbody>\n<\/table>\n<table width=\"700\" border=\"0\" cellspacing=\"10\" cellpadding=\"0\" align=\"center\">\n<tbody>\n<tr>\n<td>\n<h3><strong>SERIE FILOSOFIA | Direcci\u00f3n: Glenda Satne<\/strong><\/h3>\n<div>\n<table width=\"100%\" border=\"0\" cellspacing=\"3\" cellpadding=\"0\">\n<tbody>\n<tr>\n<td>\n<table width=\"100%\" border=\"0\" cellspacing=\"0\" cellpadding=\"0\">\n<tbody>\n<tr>\n<td align=\"right\" valign=\"top\" width=\"250\"><img loading=\"lazy\" decoding=\"async\" src=\"http:\/\/www.gramaediciones.com.ar\/images\/tapasGrama\/serie_filosofia\/heidegger-hoy.jpg\" alt=\"Heidegger hoy\" width=\"250\" height=\"380\" border=\"0\" vspace=\"8\" \/><\/p>\n<table width=\"100%\" border=\"0\" cellspacing=\"0\" cellpadding=\"0\">\n<tbody>\n<tr>\n<td><strong>COMPRA<\/strong><\/td>\n<td align=\"right\" width=\"120\"><a href=\"http:\/\/track.enviodemails.com\/?email=jam@lacanian.net&amp;ID=GRAMAEDICIONES&amp;Track=51861&amp;row=%29*ROW*%21&amp;cmd=C&amp;redirect=http:\/\/www.gramaediciones.com.ar\/index.php\/compra-contrareembolso.html?Id=216\" target=\"_blank\">contrareembolso<\/a>\u00a0<img loading=\"lazy\" decoding=\"async\" src=\"http:\/\/www.gramaediciones.com.ar\/images\/traingulito.gif\" alt=\"\" width=\"10\" height=\"10\" \/><\/td>\n<\/tr>\n<\/tbody>\n<\/table>\n<\/td>\n<td width=\"20\"><\/td>\n<td valign=\"top\">\n<table width=\"100%\" border=\"0\" cellspacing=\"3\" cellpadding=\"0\">\n<tbody>\n<tr>\n<td>Heidegger hoy<br \/>\nEstudios y perspectivas<br \/>\nPrecio $90.00 &#8211; 480 p\u00e1ginas<br \/>\nCoedici\u00f3n con la Universidad de San Buenaventura &#8211; Sede Bogot\u00e1 (2011)<\/td>\n<\/tr>\n<tr>\n<td><\/td>\n<\/tr>\n<tr>\n<td><strong>Alfredo Rocha de la Torre (editor)<\/strong><\/p>\n<p>Escriben: Peter Sloterdijk \/ Jean-Fran\u00e7ois Courtine \/ Alejandro Vigo \/ Jean Grondin \/ Ram\u00f3n Rodr\u00edguez \/ Jes\u00fas Adri\u00e1n Escudero \/ Roberto Walton \/ Arturo Leyte \/ Carlos B. Guti\u00e9rrez \/ Carlos M\u00e1smela \/ Lourdes Flamarique \/ Luis Rossi \/ Francisco de Lara \/ Margarita Cepeda \/ BernardoAinbinder \/ Roberto Rubio \/ Andr\u00e9s Francisco Contreras \/ Luis Eduardo Gama \/ Mauricio Mancilla \/ L\u00e1zsl\u00f3 Tengelyi \/ R\u00f3bson Ramos dos Reis \/ Alfredo Rocha de la Torre<\/p>\n<p>Este libro es el fruto de recientes investigaciones realizadas por varios de los m\u00e1s reconocidos especialistas en la filosof\u00eda de Martin Heidegger, pertenecientes en su mayor\u00eda a la Sociedad Iberoamericana de Estudios Heideggerianos (SIEH). En la primera parte, el lector encontrar\u00e1 una serie de contribuciones que tienen como hilo conductor la relaci\u00f3n del fil\u00f3sofo alem\u00e1n con perspectivas o pensadores representativos de la historia de la filosof\u00eda occidental. M\u00e1s adelante, en la segunda parte, la reflexi\u00f3n se concentra en aspectos que resaltan al \u2018otro Heidegger\u2019, que ha sido eclipsado por la ya muy voluminosa e importante investigaci\u00f3n en torno a su obra fundamental. Posteriormente se re\u00fanen, en la tercera parte, valiosas reflexiones en torno a su obra maestra\u00a0<em>Ser y tiempo<\/em>, principalmente en lo que concierne a aclaraciones de car\u00e1cter met\u00f3dico y a sus connotaciones hermen\u00e9utico-filos\u00f3ficas. Finalmente, en la cuarta parte, un grupo de investigaciones acerca de tem\u00e1ticas tan diversas como el camino hacia la teolog\u00eda, el humanismo y la naturaleza en el pensamiento de Heidegger, reflexiones en torno a su filosof\u00eda de juventud y a su relaci\u00f3n con la meditaci\u00f3n\u00a0<em>zen<\/em>. La muy bien realizada integraci\u00f3n de algunos de los m\u00e1s renombrados fil\u00f3sofos con la nueva, pero muy productiva, generaci\u00f3n de acad\u00e9micos dedicados al pensamiento del m\u00e1s influyente fil\u00f3sofo de la \u00e9poca contempor\u00e1nea, convierte este escrito en un provechoso referente para posteriores investigaciones.<\/td>\n<\/tr>\n<tr>\n<td><\/td>\n<\/tr>\n<\/tbody>\n<\/table>\n<\/td>\n<\/tr>\n<\/tbody>\n<\/table>\n<\/td>\n<\/tr>\n<\/tbody>\n<\/table>\n<\/div>\n<p>&nbsp;<\/td>\n<\/tr>\n<tr>\n<td><\/td>\n<\/tr>\n<tr>\n<td><img loading=\"lazy\" decoding=\"async\" src=\"http:\/\/www.gramaediciones.com.ar\/images\/invisible.gif\" alt=\"\" width=\"5\" height=\"1\" \/><\/td>\n<\/tr>\n<tr>\n<td align=\"center\" height=\"25\"><a href=\"http:\/\/track.enviodemails.com\/?email=jam@lacanian.net&amp;ID=GRAMAEDICIONES&amp;Track=51861&amp;row=%29*ROW*%21&amp;cmd=C&amp;redirect=http:\/\/www.gramaediciones.com.ar\/\" target=\"_blank\"><strong>www.gramaediciones.com.ar<\/strong><\/a><\/td>\n<\/tr>\n<tr>\n<td><img loading=\"lazy\" decoding=\"async\" src=\"http:\/\/www.gramaediciones.com.ar\/images\/invisible.gif\" alt=\"\" width=\"5\" height=\"1\" \/><\/td>\n<\/tr>\n<tr>\n<td>\n<table width=\"100%\" border=\"0\" cellspacing=\"0\" cellpadding=\"0\">\n<tbody>\n<tr>\n<td align=\"center\" width=\"33%\"><a href=\"http:\/\/track.enviodemails.com\/?email=jam@lacanian.net&amp;ID=GRAMAEDICIONES&amp;Track=51861&amp;row=%29*ROW*%21&amp;cmd=C&amp;redirect=http:\/\/infograma.blogspot.com\/\" target=\"_blank\"><img loading=\"lazy\" decoding=\"async\" src=\"http:\/\/www.gramaediciones.com.ar\/images\/banners\/180x50_infograma.gif\" alt=\"\" width=\"180\" height=\"50\" border=\"0\" vspace=\"5\" \/><\/a><\/td>\n<td align=\"center\" width=\"33%\"><a href=\"http:\/\/track.enviodemails.com\/?email=jam@lacanian.net&amp;ID=GRAMAEDICIONES&amp;Track=51861&amp;row=%29*ROW*%21&amp;cmd=C&amp;redirect=http:\/\/www.facebook.com\/people\/Grama-Ediciones\/100002369803574\" target=\"_blank\"><img loading=\"lazy\" decoding=\"async\" src=\"http:\/\/www.gramaediciones.com.ar\/images\/banners\/Seguinos-en-Facebook.jpg\" alt=\"\" width=\"180\" height=\"50\" border=\"0\" vspace=\"5\" \/><\/a><\/td>\n<td width=\"33%\">\n<table border=\"0\" cellspacing=\"5\" cellpadding=\"0\" align=\"center\">\n<tbody>\n<tr>\n<td width=\"25\"><a href=\"http:\/\/track.enviodemails.com\/?email=jam@lacanian.net&amp;ID=GRAMAEDICIONES&amp;Track=51861&amp;row=%29*ROW*%21&amp;cmd=C&amp;redirect=http:\/\/twitter.com\/Gramaed\" target=\"_blank\"><img loading=\"lazy\" decoding=\"async\" src=\"http:\/\/www.gramaediciones.com.ar\/images\/twitter.gif\" alt=\"Twitter\" width=\"20\" height=\"26\" border=\"0\" \/><\/a><\/td>\n<td><a href=\"http:\/\/track.enviodemails.com\/?email=jam@lacanian.net&amp;ID=GRAMAEDICIONES&amp;Track=51861&amp;row=%29*ROW*%21&amp;cmd=C&amp;redirect=http:\/\/twitter.com\/Gramaed\" target=\"_blank\">Seguinos<br \/>\nen Twitter<\/a><\/td>\n<\/tr>\n<\/tbody>\n<\/table>\n<\/td>\n<\/tr>\n<\/tbody>\n<\/table>\n<\/td>\n<\/tr>\n<\/tbody>\n<\/table>\n<table width=\"100%\" border=\"0\" cellspacing=\"0\" cellpadding=\"0\">\n<tbody>\n<tr>\n<td width=\"20\"><\/td>\n<td align=\"center\" width=\"200\"><a href=\"http:\/\/track.enviodemails.com\/?email=jam@lacanian.net&amp;ID=GRAMAEDICIONES&amp;Track=51861&amp;row=%29*ROW*%21&amp;cmd=C&amp;redirect=http:\/\/www.gramaediciones.com.ar\/\" target=\"_blank\">www.gramaediciones.com.ar<\/a><\/td>\n<td>\n<table width=\"99%\" border=\"0\" cellspacing=\"2\" cellpadding=\"0\">\n<tbody>\n<tr>\n<td align=\"right\"><\/td>\n<\/tr>\n<\/tbody>\n<\/table>\n<\/td>\n<\/tr>\n<\/tbody>\n<\/table>\n<p>&nbsp;<\/p>\n<div align=\"center\"><span style=\"font-family: Arial; font-size: xx-small;\"><strong><a href=\"http:\/\/web.enviodemails.com\/remover.asp?il=gramaediciones&amp;email=jam@lacanian.net\" target=\"_blank\">Click aqu\u00ed para Removerse de forma\u00a0Autom\u00e1tica y Permanente<\/a><\/p>\n<p>El presente E-Mail ha sido enviado a trav\u00e9s del Sistema <\/strong><\/span><a href=\"http:\/\/track.enviodemails.com\/?email=jam@lacanian.net&amp;ID=GRAMAEDICIONES&amp;Track=51861&amp;row=%29*ROW*%21&amp;cmd=C&amp;redirect=http:\/\/www.enviodemails.com\" target=\"_blank\"><span style=\"font-family: Arial; font-size: xx-small;\">www . <strong>E n v i o D e M a i l s<\/strong> . com<\/span><\/a><br \/>\n<strong><span style=\"font-family: Arial; font-size: xx-small;\">La forma m\u00e1s sencilla de enviar miles de E-Mail en cuesti\u00f3n de minutos de forma segura y eficaz<\/span><\/strong><\/div>\n<\/div>\n","protected":false},"excerpt":{"rendered":"","protected":false},"author":9,"featured_media":2876,"comment_status":"closed","ping_status":"closed","sticky":false,"template":"","format":"standard","meta":{"_monsterinsights_skip_tracking":false,"_monsterinsights_sitenote_active":false,"_monsterinsights_sitenote_note":"","_monsterinsights_sitenote_category":0,"footnotes":""},"categories":[8],"tags":[],"class_list":["post-2875","post","type-post","status-publish","format-standard","has-post-thumbnail","hentry","category-espanol"],"_links":{"self":[{"href":"https:\/\/lacanquotidien.fr\/blog\/wp-json\/wp\/v2\/posts\/2875","targetHints":{"allow":["GET"]}}],"collection":[{"href":"https:\/\/lacanquotidien.fr\/blog\/wp-json\/wp\/v2\/posts"}],"about":[{"href":"https:\/\/lacanquotidien.fr\/blog\/wp-json\/wp\/v2\/types\/post"}],"author":[{"embeddable":true,"href":"https:\/\/lacanquotidien.fr\/blog\/wp-json\/wp\/v2\/users\/9"}],"replies":[{"embeddable":true,"href":"https:\/\/lacanquotidien.fr\/blog\/wp-json\/wp\/v2\/comments?post=2875"}],"version-history":[{"count":3,"href":"https:\/\/lacanquotidien.fr\/blog\/wp-json\/wp\/v2\/posts\/2875\/revisions"}],"predecessor-version":[{"id":2878,"href":"https:\/\/lacanquotidien.fr\/blog\/wp-json\/wp\/v2\/posts\/2875\/revisions\/2878"}],"wp:featuredmedia":[{"embeddable":true,"href":"https:\/\/lacanquotidien.fr\/blog\/wp-json\/wp\/v2\/media\/2876"}],"wp:attachment":[{"href":"https:\/\/lacanquotidien.fr\/blog\/wp-json\/wp\/v2\/media?parent=2875"}],"wp:term":[{"taxonomy":"category","embeddable":true,"href":"https:\/\/lacanquotidien.fr\/blog\/wp-json\/wp\/v2\/categories?post=2875"},{"taxonomy":"post_tag","embeddable":true,"href":"https:\/\/lacanquotidien.fr\/blog\/wp-json\/wp\/v2\/tags?post=2875"}],"curies":[{"name":"wp","href":"https:\/\/api.w.org\/{rel}","templated":true}]}}