{"id":2911,"date":"2011-09-13T00:44:35","date_gmt":"2011-09-12T22:44:35","guid":{"rendered":"http:\/\/www.lacanquotidien.fr\/blog\/?p=2911"},"modified":"2011-11-17T00:02:17","modified_gmt":"2011-11-16T23:02:17","slug":"appelpourrafah","status":"publish","type":"post","link":"https:\/\/lacanquotidien.fr\/blog\/2011\/09\/appelpourrafah\/","title":{"rendered":"Appel pour Rafah"},"content":{"rendered":"<div>\n<div>\n<div>\n<div>\n<div>\n<p><strong><span style=\"color: #ff221b;\">Communiqu\u00e9 16\/11\/11 22H<br \/>\n<\/span><\/strong><\/p>\n<p>&nbsp;<\/p>\n<p>Le mari de Rafah a \u00e9t\u00e9 pr\u00e9venu dans l&rsquo;apr\u00e8s midi que Rafah serait peut etre sur la liste des prisonniers lib\u00e9r\u00e9s ce jour<\/p>\n<p>Il est all\u00e9 \u00e0 la prison \u00e0 80km de Damas sans certitude<\/p>\n<p>Il a eu la bonne surprise de l&rsquo;accueillir \u00e0 sa sortie \u00e0 20h heure de Damas<\/p>\n<p>19h heure de Paris<\/p>\n<p>Elle est rentr\u00e9e chez elle avec son mari et a parl\u00e9 \u00e0 ses enfants au t\u00e9l\u00e9phone bri\u00e8vement.<\/p>\n<p>L&rsquo;information nous est communiqu\u00e9e par l&rsquo;un d&rsquo;eux.<\/p>\n<p>Elle doit encore faire des d\u00e9marches administratives avant que son \u00ab\u00a0dossier\u00a0\u00bb soit \u201ccompl\u00e8tement ferm\u00e9\u00a0\u00bb, dit son fils.<\/p>\n<p>Elle n&rsquo;est donc pas encore enti\u00e8rement libre de ses mouvements.<\/p>\n<p>Sa sant\u00e9 ne semble pas requ\u00e9rir des mesures d&rsquo;urgence. Elle est \u00e9prouv\u00e9e.\u00a0Elle va se reposer.<\/p>\n<p>&nbsp;<\/p>\n<p><span style=\"color: #ff221b;\"><strong>Le comit\u00e9 de r\u00e9daction de <em>Lacan Quotidien<\/em><\/strong><\/span><\/p>\n<\/div>\n<\/div>\n<\/div>\n<\/div>\n<\/div>\n<div>\n<div>\n<div>Suivez l&rsquo;actualit\u00e9 de Lacan Quotidien sur <a href=\"..\/..\/\" target=\"_blank\">www.lacanquotidien.fr<\/a><\/div>\n<\/div>\n<\/div>\n","protected":false},"excerpt":{"rendered":"<p>Communiqu\u00e9 16\/11\/11 22H <\/p>\n<p>&nbsp;<\/p>\n<p>Le mari de Rafah a \u00e9t\u00e9 pr\u00e9venu dans l&rsquo;apr\u00e8s midi que Rafah serait peut etre sur la liste des prisonniers lib\u00e9r\u00e9s ce jour<\/p>\n<p>Il est all\u00e9 \u00e0 la prison \u00e0 80km de Damas sans certitude<\/p>\n<p>Il a eu la bonne surprise de l&rsquo;accueillir \u00e0 sa sortie \u00e0 20h heure [&#8230;]<\/p>\n","protected":false},"author":2,"featured_media":0,"comment_status":"closed","ping_status":"closed","sticky":false,"template":"","format":"standard","meta":{"_monsterinsights_skip_tracking":false,"_monsterinsights_sitenote_active":false,"_monsterinsights_sitenote_note":"","_monsterinsights_sitenote_category":0,"footnotes":""},"categories":[1],"tags":[],"class_list":["post-2911","post","type-post","status-publish","format-standard","hentry","category-autres"],"_links":{"self":[{"href":"https:\/\/lacanquotidien.fr\/blog\/wp-json\/wp\/v2\/posts\/2911","targetHints":{"allow":["GET"]}}],"collection":[{"href":"https:\/\/lacanquotidien.fr\/blog\/wp-json\/wp\/v2\/posts"}],"about":[{"href":"https:\/\/lacanquotidien.fr\/blog\/wp-json\/wp\/v2\/types\/post"}],"author":[{"embeddable":true,"href":"https:\/\/lacanquotidien.fr\/blog\/wp-json\/wp\/v2\/users\/2"}],"replies":[{"embeddable":true,"href":"https:\/\/lacanquotidien.fr\/blog\/wp-json\/wp\/v2\/comments?post=2911"}],"version-history":[{"count":7,"href":"https:\/\/lacanquotidien.fr\/blog\/wp-json\/wp\/v2\/posts\/2911\/revisions"}],"predecessor-version":[{"id":4976,"href":"https:\/\/lacanquotidien.fr\/blog\/wp-json\/wp\/v2\/posts\/2911\/revisions\/4976"}],"wp:attachment":[{"href":"https:\/\/lacanquotidien.fr\/blog\/wp-json\/wp\/v2\/media?parent=2911"}],"wp:term":[{"taxonomy":"category","embeddable":true,"href":"https:\/\/lacanquotidien.fr\/blog\/wp-json\/wp\/v2\/categories?post=2911"},{"taxonomy":"post_tag","embeddable":true,"href":"https:\/\/lacanquotidien.fr\/blog\/wp-json\/wp\/v2\/tags?post=2911"}],"curies":[{"name":"wp","href":"https:\/\/api.w.org\/{rel}","templated":true}]}}