{"id":2931,"date":"2011-10-11T19:12:55","date_gmt":"2011-10-11T17:12:55","guid":{"rendered":"http:\/\/www.lacanquotidien.fr\/blog\/?p=2931"},"modified":"2011-10-17T01:22:28","modified_gmt":"2011-10-16T23:22:28","slug":"fabienne-servan-schreiber-et-cineteve-les-combattants-de-lombre","status":"publish","type":"post","link":"https:\/\/lacanquotidien.fr\/blog\/2011\/10\/fabienne-servan-schreiber-et-cineteve-les-combattants-de-lombre\/","title":{"rendered":"FABIENNE SERVAN SCHREIBER ET CIN\u00c9T\u00c9V\u00c9 &#8211; Les combattants de l&rsquo;ombre"},"content":{"rendered":"<p><strong>Des r\u00e9sistants europ\u00e9ens contre le nazisme. <\/strong><\/p>\n<p><a href=\"http:\/\/www.lacanquotidien.fr\/blog\/wp-content\/uploads\/2011\/10\/combattants_de_lombre1.pdf\">combattants_de_lombre<\/a>\u2190Pour consulter la pr\u00e9sentation des Combattants de l&rsquo;ombre, veuillez cliquer sur ce lien.<\/p>\n<p><strong><\/strong><!--more--><br \/>\nEntre 1939 et 1945, alors que le IIIe Reich \u00e9tend son ombre sur la majeure partie du continent europ\u00e9en, des hommes et des femmes, qui refusent de plier devant la force et la barbarie, d\u00e9cident de se battre&#8230;<\/p>\n<p>De Paris \u00e0 Varsovie, d\u2019Ath\u00e8nes \u00e0 Copenhague, ils font le choix de r\u00e9sister et mettent tout en \u0153uvre pour combattre le nazisme.<\/p>\n<p>Les combattants de l\u2019ombre racontent leur histoire.<\/p>\n<p>Les combattants de l\u2019ombre est un \u00e9v\u00e9nement global media qui, par le biais de t\u00e9moignages exceptionnels, offre une vision in\u00e9dite de la R\u00e9sistance europ\u00e9enne.<br \/>\nles diff\u00e9rents supports, construits chacun autour d\u2019une narration sp\u00e9cifique, participent \u00e0 une r\u00e9flexion globale sur l\u2019engagement.<\/p>\n<p>&nbsp;<\/p>\n<p>Voir le programme interactif :<br \/>\n<a title=\"Lien vers le programme interactif\" href=\"http:\/\/lescombattantsdelombre.arte.tv\/\" target=\"_blank\">http:\/\/lescombattantsdelombre.arte.tv\/<\/a><\/p>\n<p>Sur Facebook:<br \/>\n<a title=\"Lien vers Facebook\" href=\"http:\/\/www.facebook.com\/LesCombattantsdelombre?sk=wall\" target=\"_blank\">http:\/\/www.facebook.com\/LesCombattantsdelombre?sk=wall<\/a><\/p>\n<p>Voir aussi :<br \/>\n<a title=\"Lien vers Arte.tv\" href=\"http:\/\/www.arte.tv\/combattants\" target=\"_blank\">http:\/\/www.arte.tv\/combattants<\/a><\/p>\n<h3>R\u00e9alisation<\/h3>\n<p>Bernard George<\/p>\n<h3>Co-production<\/h3>\n<p>Cin\u00e9t\u00e9v\u00e9 &#8211; ARTE France &#8211; ECPAD &#8211; Toute l&rsquo;Histoire &#8211; SNCF<\/p>\n<p>En partenariat avec<br \/>\nLa Direction de la m\u00e9moire, du patrimoine et des archives du minist\u00e8re de la D\u00e9fense et des Anciens combattants<\/p>\n<p>Avec la participation de<br \/>\nDuna TV (Hongrie) &#8211; ERT (Gr\u00e8ce) &#8211; HISTORY TM (UK) &#8211; RTBF (Belgique) &#8211; TVP Historia (Pologne) &#8211; YLE (Finlande)<\/p>\n<p>Avec le soutien du<br \/>\nCNC, Procirep &#8211; Angoa, Programme MEDIA de l\u2019union Europ\u00e9enne, CNDP, France Inter, \u00c9ditions Albin Michel, Fondation Evens.<\/p>\n<h3>Dur\u00e9e<\/h3>\n<p>6 x 52 minutes<\/p>\n<h3>Diffuseur<\/h3>\n<p>ARTE France<\/p>\n<p><a href=\"http:\/\/www.lacanquotidien.fr\/blog\/wp-content\/uploads\/2011\/10\/Les-combattants-de-lombre.jpg\"><img loading=\"lazy\" decoding=\"async\" class=\"size-thumbnail wp-image-2932 aligncenter\" title=\"Les combattants de l'ombre\" src=\"http:\/\/www.lacanquotidien.fr\/blog\/wp-content\/uploads\/2011\/10\/Les-combattants-de-lombre-150x150.jpg\" alt=\"\" width=\"150\" height=\"150\" \/><\/a><\/p>\n","protected":false},"excerpt":{"rendered":"<p>Des r\u00e9sistants europ\u00e9ens contre le nazisme. <\/p>\n<p><a href=\"http:\/\/www.lacanquotidien.fr\/blog\/wp-content\/uploads\/2011\/10\/combattants_de_lombre1.pdf\">combattants_de_lombre<\/a>\u2190Pour consulter la pr\u00e9sentation des Combattants de l&rsquo;ombre, veuillez cliquer sur ce lien.<\/p><\/p>\n","protected":false},"author":9,"featured_media":2932,"comment_status":"closed","ping_status":"closed","sticky":false,"template":"","format":"standard","meta":{"_monsterinsights_skip_tracking":false,"_monsterinsights_sitenote_active":false,"_monsterinsights_sitenote_note":"","_monsterinsights_sitenote_category":0,"footnotes":""},"categories":[1],"tags":[493,456,492],"class_list":["post-2931","post","type-post","status-publish","format-standard","has-post-thumbnail","hentry","category-autres","tag-arte","tag-fabienne-servan-schreiber","tag-les-combattants-de-lombre"],"_links":{"self":[{"href":"https:\/\/lacanquotidien.fr\/blog\/wp-json\/wp\/v2\/posts\/2931","targetHints":{"allow":["GET"]}}],"collection":[{"href":"https:\/\/lacanquotidien.fr\/blog\/wp-json\/wp\/v2\/posts"}],"about":[{"href":"https:\/\/lacanquotidien.fr\/blog\/wp-json\/wp\/v2\/types\/post"}],"author":[{"embeddable":true,"href":"https:\/\/lacanquotidien.fr\/blog\/wp-json\/wp\/v2\/users\/9"}],"replies":[{"embeddable":true,"href":"https:\/\/lacanquotidien.fr\/blog\/wp-json\/wp\/v2\/comments?post=2931"}],"version-history":[{"count":5,"href":"https:\/\/lacanquotidien.fr\/blog\/wp-json\/wp\/v2\/posts\/2931\/revisions"}],"predecessor-version":[{"id":3208,"href":"https:\/\/lacanquotidien.fr\/blog\/wp-json\/wp\/v2\/posts\/2931\/revisions\/3208"}],"wp:featuredmedia":[{"embeddable":true,"href":"https:\/\/lacanquotidien.fr\/blog\/wp-json\/wp\/v2\/media\/2932"}],"wp:attachment":[{"href":"https:\/\/lacanquotidien.fr\/blog\/wp-json\/wp\/v2\/media?parent=2931"}],"wp:term":[{"taxonomy":"category","embeddable":true,"href":"https:\/\/lacanquotidien.fr\/blog\/wp-json\/wp\/v2\/categories?post=2931"},{"taxonomy":"post_tag","embeddable":true,"href":"https:\/\/lacanquotidien.fr\/blog\/wp-json\/wp\/v2\/tags?post=2931"}],"curies":[{"name":"wp","href":"https:\/\/api.w.org\/{rel}","templated":true}]}}