{"id":3219,"date":"2011-10-17T19:11:24","date_gmt":"2011-10-17T17:11:24","guid":{"rendered":"http:\/\/www.lacanquotidien.fr\/blog\/?p=3219"},"modified":"2011-10-23T22:32:09","modified_gmt":"2011-10-23T20:32:09","slug":"lacan-quotidien-n%c2%b061-ce-soir-a-20h-sur-france-culture-jacques-alain-miller-raconte-sa-vie-a-martin-quenehen","status":"publish","type":"post","link":"https:\/\/lacanquotidien.fr\/blog\/2011\/10\/lacan-quotidien-n%c2%b061-ce-soir-a-20h-sur-france-culture-jacques-alain-miller-raconte-sa-vie-a-martin-quenehen\/","title":{"rendered":"Lacan Quotidien n\u00b061 &#8211; Ce soir \u00e0 20h sur France Culture Jacques-Alain Miller raconte sa vie \u00e0 Martin Quenehen"},"content":{"rendered":"<p style=\"text-align: center;\"><strong><span style=\"color: #666699;\"><strong><a href=\"http:\/\/www.lacanquotidien.fr\/blog\/wp-content\/uploads\/2011\/10\/LQ-615.pdf\">LQ 61<\/a>\u2190Pour consulter le num\u00e9ro, veuillez cliquer sur ce lien.<\/strong><\/span><!--more--><\/strong><\/p>\n<p style=\"text-align: center;\"><strong><em>Je n\u2019aurais manqu\u00e9 un S\u00e9minaire pour rien au monde<\/em>\u2014 Philippe Sollers<br \/>\n<em>Nous gagnerons parce que nous n\u2019avons pas d\u2019autre choix \u2014 <\/em>Agn\u00e8s Aflalo<\/strong><\/p>\n<p style=\"text-align: center;\"><a href=\"http:\/\/www.lacanquotidien.fr\/blog\/wp-content\/uploads\/2011\/10\/PETIT-LU1.jpg\"><img loading=\"lazy\" decoding=\"async\" class=\"alignnone size-full wp-image-3226\" title=\"PETIT LU\" src=\"http:\/\/www.lacanquotidien.fr\/blog\/wp-content\/uploads\/2011\/10\/PETIT-LU1.jpg\" alt=\"\" width=\"194\" height=\"134\" \/><\/a><\/p>\n<h4 style=\"text-align: center;\"><strong>&#8211; SOMMAIRE &#8211;<\/strong><\/h4>\n<p style=\"text-align: center;\" align=\"center\"><span style=\"color: #ff0000;\"><strong>ce soir \u00e0 20h sur france culture<br \/>\n<\/strong><\/span><\/p>\n<p style=\"text-align: center;\"><span style=\"color: #ff0000;\"><strong>jacques-alain miller raconte sa vie \u00e0 martin quenehen<\/strong><\/span><\/p>\n<p style=\"text-align: center;\" align=\"center\"><span style=\"color: #ff0000;\"><strong>2 pour Rafah\u00a0!<\/strong><\/span><\/p>\n<p style=\"text-align: center;\" align=\"center\"><span style=\"color: #0000ff;\"><strong>LUC MILLER<\/strong><\/span><\/p>\n<p style=\"text-align: center;\" align=\"center\"><span style=\"color: #ff0000;\"><strong>Les Equivocations d&rsquo;Elisabeth Roudinesco (III)<\/strong><\/span><\/p>\n<p style=\"text-align: center;\" align=\"center\"><span style=\"color: #0000ff;\"><strong><em>COURRIER NANTAIS<\/em><\/strong><\/span><\/p>\n<p style=\"text-align: center;\"><span style=\"color: #ff0000;\"><strong>MOMENTS <em>CLINIQUES<\/em><\/strong><\/span><\/p>\n<p style=\"text-align: left;\"><span style=\"color: #ff6600;\"><strong><span style=\"text-decoration: underline;\">Derniers Posts\u00a0<\/span> :<\/strong><\/span><\/p>\n<p><strong>Articles<\/strong><\/p>\n<p><a href=\"..\/2011\/10\/mauricio-tarrab-el-procedimiento-de-susy\/\">LA PAGINA PORTENA MAURICIO TARRAB\u00a0 El procedimiento de Susy<\/a><\/p>\n<p><a href=\"..\/2011\/10\/marta-goldenberg-cordoba-argentine-creer-en-el-inconsciente-crear-en-el-psicoanalisis\/\">LA PAGINA PORTENA\u00a0 MARTA GOLDENBERG Creer en el inconsciente crear en el psicoan\u00e1lisis<\/a><\/p>\n<p><a href=\"..\/2011\/10\/a-reply-to-francis-donovan-from-victoria-woollard\/\">BABEL&amp; CO A reply to Francis Donovan from Victoria Woollard<\/a><\/p>\n<p><a href=\"..\/2011\/10\/professeur-chu-xiaoquan-%e8%a4%9a%e5%ad%9d%e6%b3%89-est-ce-encore-du-chinois\/\">LACANASIA Professeur Chu Xiaoquan\u00a0 Est-ce encore du chinois<\/a><\/p>\n<p><a href=\"..\/2011\/10\/la-regle-du-jeu-fouzia-liget-il-n%e2%80%99y-a-pas-d%e2%80%99incompatibilite-entre-psychanalyse-et-islam\/\">COMBATS\u00a0 RAFAH\u00a0 LA REGLE DU JEU\u00a0 Fouzia Liget\u00a0 Il n\u2019y a pas d\u2019incompatibilit\u00e9 entre psychanalyse et Islam <\/a><\/p>\n<p><strong>\u00c9v\u00e8nements<\/strong><\/p>\n<p><a href=\"..\/allons-y\/\">ALLONS Y 5 \u00e9missions sur France Culture consacr\u00e9es\u00a0 \u00e0 Jacques-Alain Miller .A voix nue. par Martin Quenehen la premi\u00e8re lundi 17 octobre\u00a0 \u00e0 20h<\/a><\/p>\n<p><a href=\"..\/allons-y\/\">ALLONS Y Journ\u00e9e du CPCT Paris. RI3\u00a0 5e Rendez-vous clinique au Centre hospitalier de Cadillac. Les Editions d&rsquo;Ithaque pr\u00e9sentent. Festival Jerk Off. Les combattants de l&rsquo;ombre.<\/a><\/p>\n<p><a href=\"..\/2011\/10\/presentation-du-viiie-congres-de-l%e2%80%99amp-du-23-au-27-avril-2012-a-buenos-aires-par-flory-kruger-directrice\/\">Pr\u00e9sentation du VIIIe congr\u00e8s de l\u2019AMP\u00a0 Du 23 au 27 avril 2012 \u00e0 Buenos Aires par Flory Kruger<\/a><\/p>\n<p>&nbsp;<\/p>\n<p><strong>Derniers LQ publi\u00e9s\u00a0<\/strong><\/p>\n<p><a href=\"..\/2011\/10\/lacan-quotidien-n%c2%b058-samedi-15-octobre-2011-signatures-pour-rafah-lettre-de-moscou-arrachement-par-yasmine-grasser\/\">LQ59\u00a0 Signatures pour Rafah &amp; Lettre de Moscou<\/a><\/p>\n<p><a href=\"..\/2011\/10\/lacan-quotidien-n%c2%b058-vendredi-14-octobre-2011-rafah-nached-lettre-a-ma-chere-petite-%c2%adfille\/\">LQ58 RAFAH NACHED Lettre \u00e0 ma ch\u00e8re petite \u00adfille &amp; BHL La Guerre sans l\u2019aimer<\/a><\/p>\n<p><a href=\"..\/2011\/10\/lacan-quotidien-n%c2%b057-jeudi-13-octobre-2011-a-la-une-victoria-woollard-an-open-letter-to-her-majesty-the-queen-2\/\">LQ57\u00a0 VICTORIA WOOLLARD An Open Letter to Her Majesty The Queen<\/a><\/p>\n<h2 style=\"text-align: center;\"><span style=\"color: #000000;\"><span style=\"color: #000000;\"><span style=\"text-decoration: underline;\">\u2666<\/span><\/span><a title=\"Lien\" href=\"5%20%C3%A9missions%20sur%20France%20Culture%20consacr%C3%A9es%20%20%C3%A0%20Jacques-Alain%20Miller%20%22A%20voix%20nue%22%20%20par%20Martin%20Quenehen%20:%20la%20premi%C3%A8re%20lundi%2017\/10\/11%20%20%C3%A0%2020h%21%20%20%20%20Lien%20de%20l%27%C3%A9mission%20%22A%20voix%20nue%22%20:%20http:\/\/www.franceculture.com\/emission-a-voix-nue-jacques-alain-miller-15-2011-10-17.html%20%20Par%20Martin%20Quenehen.%20Avec%20la%20collaboration%20de%20Claire%20Poinsignon.%20R%C3%A9alisation,%20Lionel%20Quantin.%20A%20la%20technique,%20Benjamin%20Thuau.%20Normalien,%20agr%C3%A9g%C3%A9%20de%20philosophie,%20Jacques-Alain%20Miller%20est%20psychanalyste.%20La%20faute%20%C3%A0%20Jacques%20Lacan,%20pour%20qui%20il%20a%20%C3%A9prouv%C3%A9,%20jeune%20homme,%20un%20%C2%AB%20coup%20de%20foudre%20th%C3%A9orique%20%C2%BB.%20Apr%C3%A8s%20avoir%20%C3%A9t%C3%A9%20l%E2%80%99%C3%A9l%C3%A8ve%20de%20Barthes,%20de%20Derrida%20et%20d%E2%80%99Althusser,%20Miller%20a%20en%20effet%20choisi%20Lacan%20et%20Lacan%20l%E2%80%99a%20choisi,%20en%20faisant%20de%20lui%20celui%20qui%20%C3%A9tablit,%20depuis%201973,%20ses%20fameux%20S%C3%A9minaires.%20%20Surnomm%C3%A9%20%C2%AB%20Divan%20le%20terrible%20%C2%BB%20par%20Le%20Monde%20des%20livres,%20%C2%AB%20JAM%20%C2%BB%20a%20failli%20%C3%AAtre%20L%C3%A9nine%20et%20bien%20%C3%A9t%C3%A9%20militant%20mao%C3%AFste,%20mais%20il%20a%20toujours%20pr%C3%A9f%C3%A9r%C3%A9%20Maximilien%20l%E2%80%99Incorruptible%20aux%20dirigeants%20communistes.%20Par-dessus%20tout,%20depuis%20leur%20premi%C3%A8re%20rencontre,%20il%20y%20a%2047%20ans,%20Miller%20est%20rest%C3%A9%20fid%C3%A8le%20%C3%A0%20Jacques%20Lacan.%20Il%20veille%20ainsi%20sur%20la%20derni%C3%A8re%20%C3%A9cole%20du%20%C2%AB%20Docteur%20%C2%BB,%20l%E2%80%99Ecole%20de%20la%20Cause%20freudienne,%20et%20a%20fond%C3%A9,%20il%20y%20a%20vingt%20ans,%20l%E2%80%99Association%20mondiale%20de%20psychanalyse,%20qui%20constitue%20aujourd%E2%80%99hui%20la%20deuxi%C3%A8me%20internationale%20de%20psychanalyse%20apr%C3%A8s%20l%E2%80%99IPA,%20nagu%C3%A8re%20cr%C3%A9%C3%A9e%20par%20Freud.%20%20La%20vie%20de%20JAM%20est%20donc%20une%20aventure%20intellectuelle%20et%20politique,%20pleine%20de%20combats%20et%20de%20philippiques,%20mais%20aussi%20une%20histoire%20d%E2%80%99amour,%20puisque%20Jacques-Alain%20Miller%20est,%20notamment,%20le%20gendre%20de%20Lacan,%20dont%20il%20a%20%C3%A9pous%C3%A9%20la%20fille%20Judith,%20en%201966.%20Cette%20semaine,%20Jacques-Alain%20Miller%20revient%20sur%20son%20parcours%20en%20cinq%20%C3%A9pisodes,%20dont%20les%20noms%20empruntent%20%C3%A0%20des%20rues%20de%20la%20capitale,%20o%C3%B9%20il%20vit,%20%C3%A9crit%20et%20travaille%20depuis%20l%E2%80%99enfance.%201%29%20Rue%20Saint-Antoine%20et%20Saint-Jacques%20O%C3%B9%20Jacques-Alain%20Miller%20revient%20sur%20son%20enfance%20dans%20le%20quartier%20du%20Marais,%20la%20figure%20de%20son%20p%C3%A8re,%20son%20amour%20d%C3%A9vorant%20pour%20la%20litt%C3%A9rature%20fran%C3%A7aise%20et%20sa%20rencontre%20avec%20le%20%22n%C2%B01%20des%20philosophes%20de%20l%E2%80%99%C3%A9poque%22,%20Jean-Paul%20Sartre.%20Pour%20%C3%A9couter%20l%27%C3%A9mission%20:%20cliquez%20ici.\" target=\"_blank\"><span style=\"color: #000000;\"><span style=\"text-decoration: underline;\"><br \/>\n<\/span><\/span><\/a><\/span><\/h2>\n<h3 style=\"text-align: center;\"><span style=\"color: #ff0000;\">5 \u00e9missions\u00a0sur France Culture<\/span><\/h3>\n<h3 style=\"text-align: center;\"><span style=\"color: #ff0000;\">consacr\u00e9es\u00a0\u00a0\u00e0 Jacques-Alain Miller<\/span><\/h3>\n<h3 style=\"text-align: center;\"><span style=\"color: #ff0000;\">\u00ab\u00a0A voix nue\u00a0\u00bb \u00a0par Martin Quenehen :<\/span><\/h3>\n<h3 style=\"text-align: center;\"><span style=\"color: #ff0000;\">la premi\u00e8re lundi 17\/10\/11 \u00a0\u00e0 20h!<\/span><\/h3>\n<p>&nbsp;<\/p>\n<div>\n<div>\n<div><img loading=\"lazy\" decoding=\"async\" src=\"http:\/\/www.franceculture.com\/sites\/default\/files\/imagecache\/ressource_full\/2011\/10\/07\/4324029\/JAM.jpg\" alt=\"\" width=\"119\" height=\"130\" \/><\/div>\n<div>\n<div><strong>Lien de l&rsquo;\u00e9mission \u00ab\u00a0A voix nue\u00a0\u00bb<\/strong> :<\/div>\n<div style=\"text-align: justify;\"><a href=\"http:\/\/www.franceculture.com\/emission-a-voix-nue-jacques-alain-miller-15-2011-10-17.html\" target=\"_blank\">http:\/\/www.franceculture.com\/<wbr>emission-a-voix-nue-jacques-<wbr>alain-miller-15-2011-10-17.<wbr>html<\/wbr><\/wbr><\/wbr><\/a><\/div>\n<p style=\"text-align: justify;\">Par Martin Quenehen. Avec la collaboration de Claire Poinsignon. R\u00e9alisation, Lionel Quantin. A la technique, Benjamin Thuau.<br \/>\nNormalien, agr\u00e9g\u00e9 de philosophie,\u00a0<strong>Jacques-Alain Miller<\/strong>\u00a0est psychanalyste. La faute \u00e0 Jacques Lacan, pour qui il a \u00e9prouv\u00e9, jeune homme, un \u00ab coup de foudre th\u00e9orique \u00bb. Apr\u00e8s avoir \u00e9t\u00e9 l\u2019\u00e9l\u00e8ve de Barthes, de Derrida et d\u2019Althusser, Miller a en effet choisi Lacan et Lacan l\u2019a choisi, en faisant de lui celui qui \u00e9tablit, depuis 1973, ses fameux\u00a0<em>S\u00e9minaires<\/em>.<br \/>\nSurnomm\u00e9 \u00ab Divan le terrible \u00bb par\u00a0<em>Le Monde des livres<\/em>, \u00ab JAM \u00bb a failli \u00eatre L\u00e9nine et bien \u00e9t\u00e9 militant mao\u00efste, mais il a toujours pr\u00e9f\u00e9r\u00e9 Maximilien l\u2019Incorruptible aux dirigeants communistes. Par-dessus tout, depuis leur premi\u00e8re rencontre, il y a 47 ans, Miller est rest\u00e9 fid\u00e8le \u00e0 Jacques Lacan. Il veille ainsi sur la derni\u00e8re \u00e9cole du \u00ab Docteur \u00bb, l\u2019Ecole de la Cause freudienne, et a fond\u00e9, il y a vingt ans, l\u2019Association mondiale de psychanalyse, qui constitue aujourd\u2019hui la deuxi\u00e8me internationale de psychanalyse apr\u00e8s l\u2019IPA, nagu\u00e8re cr\u00e9\u00e9e par Freud.<br \/>\nLa vie de JAM est donc une aventure intellectuelle et politique, pleine de combats et de philippiques, mais aussi une histoire d\u2019amour, puisque Jacques-Alain Miller est, notamment, le gendre de Lacan, dont il a \u00e9pous\u00e9 la fille Judith, en 1966.<br \/>\nCette semaine, Jacques-Alain Miller revient sur son parcours en cinq \u00e9pisodes, dont les noms empruntent \u00e0 des rues de la capitale, o\u00f9 il vit, \u00e9crit et travaille depuis l\u2019enfance.<br \/>\n<strong>1) Rue Saint-Antoine et Saint-Jacques<br \/>\n<\/strong><\/p>\n<\/div>\n<\/div>\n<\/div>\n<div style=\"text-align: justify;\">O\u00f9 Jacques-Alain Miller revient sur son enfance dans le quartier du Marais, la figure de son p\u00e8re, son amour d\u00e9vorant pour la litt\u00e9rature fran\u00e7aise et sa rencontre avec le \u00ab\u00a0n\u00b01 des philosophes de l\u2019\u00e9poque\u00a0\u00bb, Jean-Paul Sartre.<\/div>\n<p style=\"text-align: justify;\">Pour \u00e9couter l&rsquo;\u00e9mission : <a title=\"Lien\" href=\"http:\/\/www.franceculture.com\/emission-a-voix-nue-jacques-alain-miller-15-2011-10-17.html\" target=\"_blank\">cliquez ici<\/a>.<\/p>\n<h2 style=\"text-align: center;\">\u2666<\/h2>\n<p><span style=\"color: #ff9900;\"><strong>\u2022Pour signer la p\u00e9tition pour la lib\u00e9ration de Rafah Nached, veuillez<\/strong><\/span> <a title=\"Lien vers p\u00e9tition.\" href=\"..\/2011\/09\/petition-pour-la-liberation-de-rafah-soutenez-la-avec-jam-a-aflalo-a-poumellec-b-jacquot-bhl-c-clement-e-miller-rose-b-jacques-wajeman-f-ansermet-f-regnault-g-wajcman-jc-milner-j-miller\/\" target=\"_blank\">cliquer ici<\/a>.<\/p>\n<p><span style=\"color: #ff9900;\"><strong>\u2022Lien vers le blog \u00ab\u00a0Du Raffut pour Rafah !\u00a0\u00bb &#8211; Un link al Blog CINCOLENGUAS Lib\u00e9rez Rafah :<\/strong><\/span><a href=\"http:\/\/liberezrafah.blogspot.com\/\" target=\"_blank\">http:\/\/liberezrafah.blogspot.<wbr>com\/<\/wbr><\/a><\/p>\n","protected":false},"excerpt":{"rendered":"<p style=\"text-align: center;\"><a href=\"http:\/\/www.lacanquotidien.fr\/blog\/wp-content\/uploads\/2011\/10\/LQ-615.pdf\">LQ 61<\/a>\u2190Pour consulter le num\u00e9ro, veuillez cliquer sur ce lien.<\/p>\n","protected":false},"author":9,"featured_media":3221,"comment_status":"closed","ping_status":"closed","sticky":false,"template":"","format":"standard","meta":{"_monsterinsights_skip_tracking":false,"_monsterinsights_sitenote_active":false,"_monsterinsights_sitenote_note":"","_monsterinsights_sitenote_category":0,"footnotes":""},"categories":[27],"tags":[],"class_list":["post-3219","post","type-post","status-publish","format-standard","has-post-thumbnail","hentry","category-lq-lacanquotidien"],"_links":{"self":[{"href":"https:\/\/lacanquotidien.fr\/blog\/wp-json\/wp\/v2\/posts\/3219","targetHints":{"allow":["GET"]}}],"collection":[{"href":"https:\/\/lacanquotidien.fr\/blog\/wp-json\/wp\/v2\/posts"}],"about":[{"href":"https:\/\/lacanquotidien.fr\/blog\/wp-json\/wp\/v2\/types\/post"}],"author":[{"embeddable":true,"href":"https:\/\/lacanquotidien.fr\/blog\/wp-json\/wp\/v2\/users\/9"}],"replies":[{"embeddable":true,"href":"https:\/\/lacanquotidien.fr\/blog\/wp-json\/wp\/v2\/comments?post=3219"}],"version-history":[{"count":13,"href":"https:\/\/lacanquotidien.fr\/blog\/wp-json\/wp\/v2\/posts\/3219\/revisions"}],"predecessor-version":[{"id":3700,"href":"https:\/\/lacanquotidien.fr\/blog\/wp-json\/wp\/v2\/posts\/3219\/revisions\/3700"}],"wp:featuredmedia":[{"embeddable":true,"href":"https:\/\/lacanquotidien.fr\/blog\/wp-json\/wp\/v2\/media\/3221"}],"wp:attachment":[{"href":"https:\/\/lacanquotidien.fr\/blog\/wp-json\/wp\/v2\/media?parent=3219"}],"wp:term":[{"taxonomy":"category","embeddable":true,"href":"https:\/\/lacanquotidien.fr\/blog\/wp-json\/wp\/v2\/categories?post=3219"},{"taxonomy":"post_tag","embeddable":true,"href":"https:\/\/lacanquotidien.fr\/blog\/wp-json\/wp\/v2\/tags?post=3219"}],"curies":[{"name":"wp","href":"https:\/\/api.w.org\/{rel}","templated":true}]}}