{"id":3291,"date":"2011-10-18T20:13:58","date_gmt":"2011-10-18T18:13:58","guid":{"rendered":"http:\/\/www.lacanquotidien.fr\/blog\/?p=3291"},"modified":"2011-10-25T00:17:58","modified_gmt":"2011-10-24T22:17:58","slug":"lacan-quotidien-n%c2%b062-en-ce-moment-sur-france-culture-jacques-alain-miller-avec-martin-quenehen","status":"publish","type":"post","link":"https:\/\/lacanquotidien.fr\/blog\/2011\/10\/lacan-quotidien-n%c2%b062-en-ce-moment-sur-france-culture-jacques-alain-miller-avec-martin-quenehen\/","title":{"rendered":"Lacan Quotidien n\u00b062 &#8211; CYNTHIA FLEURY Psychanalyse dans la cit\u00e9 \u2013 Cit\u00e9 dans la psychanalyse"},"content":{"rendered":"<p style=\"text-align: center;\"><strong><strong> <a href=\"http:\/\/www.lacanquotidien.fr\/blog\/wp-content\/uploads\/2011\/10\/LQ-62.pdf\">LQ 62<\/a><span style=\"color: #666699;\">\u2190Pour consulter le num\u00e9ro, veuillez cliquer sur ce lien.<\/span><!--more--><\/strong><\/strong><\/p>\n<p style=\"text-align: center;\"><strong><em>Je n\u2019aurais manqu\u00e9 un S\u00e9minaire pour rien au monde<\/em>\u2014 Philippe Sollers<br \/>\n<em>Nous gagnerons parce que nous n\u2019avons pas d\u2019autre choix \u2014 <\/em>Agn\u00e8s Aflalo<\/strong><\/p>\n<p><strong><strong><a href=\"http:\/\/www.lacanquotidien.fr\/blog\/wp-content\/uploads\/2011\/10\/Blanche.jpg\"><img loading=\"lazy\" decoding=\"async\" class=\"aligncenter\" title=\"Blanche\" src=\"http:\/\/www.lacanquotidien.fr\/blog\/wp-content\/uploads\/2011\/10\/Blanche.jpg\" alt=\"\" width=\"111\" height=\"166\" \/><\/a><\/strong><\/strong><\/p>\n<h1 style=\"text-align: center;\">\u2660<\/h1>\n<h3 style=\"text-align: center;\">-SOMMAIRE-<\/h3>\n<p style=\"text-align: center;\" align=\"center\"><strong><\/strong><span style=\"color: #0000ff;\"><strong>ce soir \u00e0 20h sur france culture<\/strong><strong><\/strong><strong><br \/>\n<\/strong><\/span><\/p>\n<p style=\"text-align: center;\" align=\"center\"><span style=\"color: #0000ff;\"><strong>jacques-alain miller raconte sa vie \u00e0 martin quenehen<\/strong><\/span><\/p>\n<p style=\"text-align: center;\" align=\"center\"><span style=\"color: #0000ff;\"><strong>pour \u00e9couter l\u2019\u00e9mission d\u2019hier\u00a0:<\/strong><\/span><br \/>\n<a href=\"http:\/\/www.franceculture.com\/emission-a-voix-nue-jacques-alain-miller-15-2011-10-17.html\">http:\/\/www.franceculture.com\/emission-a-voix-nue-jacques-alain-miller-15-2011-10-17.html<\/a><\/p>\n<p style=\"text-align: center;\" align=\"center\"><span style=\"color: #ff0000;\"><strong>Pour Rafah\u00a0!<\/strong><\/span><\/p>\n<p style=\"text-align: center;\" align=\"center\"><span style=\"color: #ff0000;\"><strong>SIGNATURES<\/strong><\/span><\/p>\n<p style=\"text-align: center;\" align=\"center\"><span style=\"color: #0000ff;\"><strong>CYNTHIA FLEURY<\/strong><\/span><\/p>\n<p style=\"text-align: center;\" align=\"center\"><span style=\"color: #ff0000;\"><strong>Psychanalyse dans la cit\u00e9 \u2013 Cit\u00e9 dans la psychanalyse<\/strong><\/span><\/p>\n<p style=\"text-align: center;\" align=\"center\"><span style=\"color: #0000ff;\"><strong>MARCO MAUAS<\/strong><\/span><\/p>\n<p style=\"text-align: center;\" align=\"center\"><span style=\"color: #ff0000;\"><strong>\u201cAm yehudi hu am kash\u00e9\u201d<\/strong><\/span><\/p>\n<p style=\"text-align: center;\" align=\"center\"><span style=\"color: #ff0000;\"><strong>\u201cLe people Juif c\u2019est un people difficile\u00a0\u00bb<\/strong><\/span><\/p>\n<p style=\"text-align: center;\" align=\"center\"><strong><span style=\"color: #0000ff;\">LA CHRONIQUE DE CLOTILDE par Cl. Leguil<\/span> <strong><\/strong><\/strong><\/p>\n<p style=\"text-align: center;\" align=\"center\"><span style=\"color: #ff0000;\"><strong>Fran\u00e7ois Hollande<\/strong><\/span><\/p>\n<p style=\"text-align: center;\" align=\"center\"><span style=\"color: #ff0000;\"><strong>ou les charmes de l\u2019homme normal au XXIe si\u00e8cle<\/strong><\/span><\/p>\n<p style=\"text-align: center;\" align=\"center\"><span style=\"color: #0000ff;\"><strong>LE D\u00c9TOUR D\u2019UN D\u00c9TAIL \u2013 <\/strong><strong><em>Chronique d\u2019Ana\u00eblle Lebovits-Quenehen <\/em><\/strong><\/span><\/p>\n<p style=\"text-align: center;\"><span style=\"color: #ff0000;\"><strong>La victoire en riant<\/strong><\/span><\/p>\n<p style=\"text-align: center;\"><span style=\"color: #ff0000;\"><strong>Dans LE POINT qui para\u00eet ce jeudi\u00a0: <\/strong><\/span><\/p>\n<p style=\"text-align: center;\"><span style=\"color: #0000ff;\"><strong>Fran\u00e7ois Hollande<em>, par Jacques-Alain Miller<\/em><\/strong><\/span><\/p>\n<p style=\"text-align: center;\"><strong><span style=\"color: #ff0000;\">THEATRE<\/span><\/strong><\/p>\n<p style=\"text-align: center;\"><span style=\"color: #0000ff;\"><strong>AGNES AFLALO<\/strong><\/span><\/p>\n<p style=\"text-align: center;\"><span style=\"color: #ff0000;\"><strong>Les Chagrins blancs<\/strong><\/span><\/p>\n<p style=\"text-align: center;\"><strong><em>Pi\u00e8ce \u00e9crite et jou\u00e9e<\/em><\/strong><strong> par St\u00e9phanie Colonna, Alexandra Galibert, Barbara Grau, Caroline Sahuquet, <em>mis en sc\u00e8ne<\/em> par Justine Heynemann. <em>Production<\/em>, Fran\u00e7oise Castro<\/strong><\/p>\n<p style=\"text-align: center;\" align=\"center\"><span style=\"color: #0000ff;\"><strong><em>COURRIER NANTAIS suite<\/em><\/strong><\/span><\/p>\n<h1 style=\"text-align: center;\" align=\"center\">\u2666<\/h1>\n<p><span style=\"color: #993366;\"><strong>\u2022Pour signer la p\u00e9tition pour la lib\u00e9ration de Rafah Nached, veuillez<\/strong><\/span> <span style=\"color: #ff0000;\"><a title=\"Lien vers p\u00e9tition.\" href=\"http:\/\/www.lacanquotidien.fr\/blog\/2011\/09\/petition-pour-la-liberation-de-rafah-soutenez-la-avec-jam-a-aflalo-a-poumellec-b-jacquot-bhl-c-clement-e-miller-rose-b-jacques-wajeman-f-ansermet-f-regnault-g-wajcman-jc-milner-j-miller\/\" target=\"_blank\"><span style=\"color: #ff0000;\">cliquer ici<\/span><\/a><\/span>.<\/p>\n<p><strong><span style=\"color: #993366;\">\u2022Lien vers le blog \u00ab\u00a0Du Raffut pour Rafah !\u00a0\u00bb &#8211; Un link al Blog CINCOLENGUAS Lib\u00e9rez Rafah :<\/span><\/strong><span style=\"color: #ff0000;\"><a href=\"http:\/\/liberezrafah.blogspot.com\/\" target=\"_blank\"><span style=\"color: #ff0000;\">http:\/\/liberezrafah.blogspot.<wbr>com\/<\/wbr><\/span><\/a><\/span><\/p>\n<p>&nbsp;<\/p>\n","protected":false},"excerpt":{"rendered":"<p style=\"text-align: center;\"> <a href=\"http:\/\/www.lacanquotidien.fr\/blog\/wp-content\/uploads\/2011\/10\/LQ-62.pdf\">LQ 62<\/a>\u2190Pour consulter le num\u00e9ro, veuillez cliquer sur ce lien.<\/p>\n","protected":false},"author":9,"featured_media":3293,"comment_status":"closed","ping_status":"closed","sticky":false,"template":"","format":"standard","meta":{"_monsterinsights_skip_tracking":false,"_monsterinsights_sitenote_active":false,"_monsterinsights_sitenote_note":"","_monsterinsights_sitenote_category":0,"footnotes":""},"categories":[27],"tags":[],"class_list":["post-3291","post","type-post","status-publish","format-standard","has-post-thumbnail","hentry","category-lq-lacanquotidien"],"_links":{"self":[{"href":"https:\/\/lacanquotidien.fr\/blog\/wp-json\/wp\/v2\/posts\/3291","targetHints":{"allow":["GET"]}}],"collection":[{"href":"https:\/\/lacanquotidien.fr\/blog\/wp-json\/wp\/v2\/posts"}],"about":[{"href":"https:\/\/lacanquotidien.fr\/blog\/wp-json\/wp\/v2\/types\/post"}],"author":[{"embeddable":true,"href":"https:\/\/lacanquotidien.fr\/blog\/wp-json\/wp\/v2\/users\/9"}],"replies":[{"embeddable":true,"href":"https:\/\/lacanquotidien.fr\/blog\/wp-json\/wp\/v2\/comments?post=3291"}],"version-history":[{"count":14,"href":"https:\/\/lacanquotidien.fr\/blog\/wp-json\/wp\/v2\/posts\/3291\/revisions"}],"predecessor-version":[{"id":3765,"href":"https:\/\/lacanquotidien.fr\/blog\/wp-json\/wp\/v2\/posts\/3291\/revisions\/3765"}],"wp:featuredmedia":[{"embeddable":true,"href":"https:\/\/lacanquotidien.fr\/blog\/wp-json\/wp\/v2\/media\/3293"}],"wp:attachment":[{"href":"https:\/\/lacanquotidien.fr\/blog\/wp-json\/wp\/v2\/media?parent=3291"}],"wp:term":[{"taxonomy":"category","embeddable":true,"href":"https:\/\/lacanquotidien.fr\/blog\/wp-json\/wp\/v2\/categories?post=3291"},{"taxonomy":"post_tag","embeddable":true,"href":"https:\/\/lacanquotidien.fr\/blog\/wp-json\/wp\/v2\/tags?post=3291"}],"curies":[{"name":"wp","href":"https:\/\/api.w.org\/{rel}","templated":true}]}}