{"id":3306,"date":"2011-10-18T21:08:03","date_gmt":"2011-10-18T19:08:03","guid":{"rendered":"http:\/\/www.lacanquotidien.fr\/blog\/?p=3306"},"modified":"2011-10-18T22:47:36","modified_gmt":"2011-10-18T20:47:36","slug":"lettre-de-rafah-nached-a-sa-petite-fille-carta-a-mi-querida-nieta","status":"publish","type":"post","link":"https:\/\/lacanquotidien.fr\/blog\/2011\/10\/lettre-de-rafah-nached-a-sa-petite-fille-carta-a-mi-querida-nieta\/","title":{"rendered":"Lettre de Rafah Nached \u00e0 sa petite fille. Carta a mi querida nieta."},"content":{"rendered":"<p><span style=\"color: #666699;\">Voici la lettre de Rafah Nached, publi\u00e9e le 14 octobre dans le Lacan Quotidien n\u00b058 :<\/span> <a href=\"http:\/\/www.lacanquotidien.fr\/blog\/wp-content\/uploads\/2011\/10\/Lettre-de-Rafah-Nached-%C3%A0-sa-petite-fille.-Carta-a-mi-querida-nieta..pdf\">Lettre de Rafah Nached \u00e0 sa petite fille. Carta a mi querida nieta.<\/a><!--more--><\/p>\n<p style=\"text-align: justify;\"><strong><span style=\"color: #ff0000;\">Appel Raffut Rafah<\/span><\/strong><br \/>\n<strong><span style=\"color: #ff0000;\"> \u00ab Lib\u00e9rez RAFAH ! Du raffut pour RAFFAH ! \u00bb<\/span><\/strong><br \/>\n<span style=\"color: #ff0000;\"> Nous demandons aux autorit\u00e9s syriennes la remise en libert\u00e9 imm\u00e9diate et inconditionnelle de Rafah NACHED. La c\u00e9l\u00e8bre psychanalyste, form\u00e9e \u00e0 Paris, est actuellement emprisonn\u00e9e, apr\u00e8s avoir \u00e9t\u00e9 arr\u00eat\u00e9e le samedi 10 septembre \u00e0 1 heure 30 du matin \u00e0 l\u2019a\u00e9roport de Damas, au moment d\u2019embarquer pour Paris, o\u00f9 sa fille est sur le point d\u2019accoucher. Elle est innocente de tout ce dont elle est soup\u00e7onn\u00e9e. Nous demandons aux gouvernements et aux organisations internationales de faire diligence : Rafah a 66 ans, elle est malade du c\u0153ur, sa vie est en danger !<\/span><br \/>\n<span style=\"color: #ff0000;\"> Les psychanalystes du monde entier se mobiliseront pour sa d\u00e9fense.<\/span><\/p>\n<p style=\"text-align: justify;\">\u2022Pour signer la p\u00e9tition pour la lib\u00e9ration de Rafah Nached, veuillez <a title=\"Lien vers p\u00e9tition.\" href=\"http:\/\/www.lacanquotidien.fr\/blog\/2011\/09\/petition-pour-la-liberation-de-rafah-soutenez-la-avec-jam-a-aflalo-a-poumellec-b-jacquot-bhl-c-clement-e-miller-rose-b-jacques-wajeman-f-ansermet-f-regnault-g-wajcman-jc-milner-j-miller\/\" target=\"_blank\">cliquer ici<\/a>.<\/p>\n<p style=\"text-align: justify;\">\u2022Lien vers le blog \u00ab\u00a0Du Raffut pour Rafah !\u00a0\u00bb &#8211; Un link al Blog CINCOLENGUAS Lib\u00e9rez Rafah :<span style=\"color: #000080; font-family: Calibri;\"><a href=\"http:\/\/liberezrafah.blogspot.com\/\" target=\"_blank\">http:\/\/liberezrafah.blogspot.<wbr>com\/<\/wbr><\/a><\/span><span style=\"color: #000080; font-family: Calibri;\">\u00a0 <\/span><\/p>\n<p>&nbsp;<\/p>\n","protected":false},"excerpt":{"rendered":"<p>Voici la lettre de Rafah Nached, publi\u00e9e le 14 octobre dans le Lacan Quotidien n\u00b058 : <a href=\"http:\/\/www.lacanquotidien.fr\/blog\/wp-content\/uploads\/2011\/10\/Lettre-de-Rafah-Nached-%C3%A0-sa-petite-fille.-Carta-a-mi-querida-nieta..pdf\">Lettre de Rafah Nached \u00e0 sa petite fille. Carta a mi querida nieta.<\/a><\/p>\n","protected":false},"author":9,"featured_media":3308,"comment_status":"closed","ping_status":"closed","sticky":false,"template":"","format":"standard","meta":{"_monsterinsights_skip_tracking":false,"_monsterinsights_sitenote_active":false,"_monsterinsights_sitenote_note":"","_monsterinsights_sitenote_category":0,"footnotes":""},"categories":[8,231],"tags":[544,543],"class_list":["post-3306","post","type-post","status-publish","format-standard","has-post-thumbnail","hentry","category-espanol","category-rafah","tag-carta-a-mi-querida-nieta","tag-lettre-de-rafah-nached-a-sa-petite-fille"],"_links":{"self":[{"href":"https:\/\/lacanquotidien.fr\/blog\/wp-json\/wp\/v2\/posts\/3306","targetHints":{"allow":["GET"]}}],"collection":[{"href":"https:\/\/lacanquotidien.fr\/blog\/wp-json\/wp\/v2\/posts"}],"about":[{"href":"https:\/\/lacanquotidien.fr\/blog\/wp-json\/wp\/v2\/types\/post"}],"author":[{"embeddable":true,"href":"https:\/\/lacanquotidien.fr\/blog\/wp-json\/wp\/v2\/users\/9"}],"replies":[{"embeddable":true,"href":"https:\/\/lacanquotidien.fr\/blog\/wp-json\/wp\/v2\/comments?post=3306"}],"version-history":[{"count":8,"href":"https:\/\/lacanquotidien.fr\/blog\/wp-json\/wp\/v2\/posts\/3306\/revisions"}],"predecessor-version":[{"id":3354,"href":"https:\/\/lacanquotidien.fr\/blog\/wp-json\/wp\/v2\/posts\/3306\/revisions\/3354"}],"wp:featuredmedia":[{"embeddable":true,"href":"https:\/\/lacanquotidien.fr\/blog\/wp-json\/wp\/v2\/media\/3308"}],"wp:attachment":[{"href":"https:\/\/lacanquotidien.fr\/blog\/wp-json\/wp\/v2\/media?parent=3306"}],"wp:term":[{"taxonomy":"category","embeddable":true,"href":"https:\/\/lacanquotidien.fr\/blog\/wp-json\/wp\/v2\/categories?post=3306"},{"taxonomy":"post_tag","embeddable":true,"href":"https:\/\/lacanquotidien.fr\/blog\/wp-json\/wp\/v2\/tags?post=3306"}],"curies":[{"name":"wp","href":"https:\/\/api.w.org\/{rel}","templated":true}]}}