{"id":3680,"date":"2011-10-09T13:35:32","date_gmt":"2011-10-09T11:35:32","guid":{"rendered":"http:\/\/www.lacanquotidien.fr\/blog\/?p=3680"},"modified":"2011-10-23T13:42:41","modified_gmt":"2011-10-23T11:42:41","slug":"flash-mob-du-raffut-pour-rafah-9-octobre-2011","status":"publish","type":"post","link":"https:\/\/lacanquotidien.fr\/blog\/2011\/10\/flash-mob-du-raffut-pour-rafah-9-octobre-2011\/","title":{"rendered":"Flash-mob \u00ab\u00a0Du raffut pour Rafah\u00a0\u00bb &#8211; 9 octobre 2011"},"content":{"rendered":"<p><a href=\"http:\/\/youtu.be\/Qixe5FUWnjQ\">Flash-mob Du raffut pour Rafah<\/a> <span style=\"color: #666699;\">\u2190Pour consulter la vid\u00e9o, veuillez cliquer sur ce lien.<!--more--><\/span><\/p>\n<p style=\"text-align: justify;\"><span style=\"color: #333333;\"><strong>Flash-Mob pour Rafah. A paris, lors des 41\u00e8mes journ\u00e9es de l&rsquo;\u00c9cole de la Cause freudienne, 2000 psychanalystes se mobilisent pour exiger la lib\u00e9ration de Rafah Nached, psychanalyste, emprisonn\u00e9e injustement \u00e0 Damas ! Free rafah Nached !<\/strong><\/span><\/p>\n<p style=\"text-align: justify;\">\u2022<\/p>\n<p style=\"text-align: justify;\"><span style=\"color: #808080;\">Image en Une : Marie-Laure Alv\u00e8s.<\/span><\/p>\n","protected":false},"excerpt":{"rendered":"<p><a href=\"http:\/\/youtu.be\/Qixe5FUWnjQ\">Flash-mob Du raffut pour Rafah<\/a> \u2190Pour consulter la vid\u00e9o, veuillez cliquer sur ce lien.<\/p>\n","protected":false},"author":9,"featured_media":3681,"comment_status":"closed","ping_status":"closed","sticky":false,"template":"","format":"standard","meta":{"_monsterinsights_skip_tracking":false,"_monsterinsights_sitenote_active":false,"_monsterinsights_sitenote_note":"","_monsterinsights_sitenote_category":0,"footnotes":""},"categories":[231],"tags":[476],"class_list":["post-3680","post","type-post","status-publish","format-standard","has-post-thumbnail","hentry","category-rafah","tag-flash-mob"],"_links":{"self":[{"href":"https:\/\/lacanquotidien.fr\/blog\/wp-json\/wp\/v2\/posts\/3680","targetHints":{"allow":["GET"]}}],"collection":[{"href":"https:\/\/lacanquotidien.fr\/blog\/wp-json\/wp\/v2\/posts"}],"about":[{"href":"https:\/\/lacanquotidien.fr\/blog\/wp-json\/wp\/v2\/types\/post"}],"author":[{"embeddable":true,"href":"https:\/\/lacanquotidien.fr\/blog\/wp-json\/wp\/v2\/users\/9"}],"replies":[{"embeddable":true,"href":"https:\/\/lacanquotidien.fr\/blog\/wp-json\/wp\/v2\/comments?post=3680"}],"version-history":[{"count":3,"href":"https:\/\/lacanquotidien.fr\/blog\/wp-json\/wp\/v2\/posts\/3680\/revisions"}],"predecessor-version":[{"id":3684,"href":"https:\/\/lacanquotidien.fr\/blog\/wp-json\/wp\/v2\/posts\/3680\/revisions\/3684"}],"wp:featuredmedia":[{"embeddable":true,"href":"https:\/\/lacanquotidien.fr\/blog\/wp-json\/wp\/v2\/media\/3681"}],"wp:attachment":[{"href":"https:\/\/lacanquotidien.fr\/blog\/wp-json\/wp\/v2\/media?parent=3680"}],"wp:term":[{"taxonomy":"category","embeddable":true,"href":"https:\/\/lacanquotidien.fr\/blog\/wp-json\/wp\/v2\/categories?post=3680"},{"taxonomy":"post_tag","embeddable":true,"href":"https:\/\/lacanquotidien.fr\/blog\/wp-json\/wp\/v2\/tags?post=3680"}],"curies":[{"name":"wp","href":"https:\/\/api.w.org\/{rel}","templated":true}]}}