{"id":3729,"date":"2011-11-11T21:02:00","date_gmt":"2011-11-11T20:02:00","guid":{"rendered":"http:\/\/www.lacanquotidien.fr\/blog\/?p=3729"},"modified":"2011-12-08T08:02:40","modified_gmt":"2011-12-08T07:02:40","slug":"nouvelles-signatures-de-soutien-a-lappel-lance-par-jacques-alain-miller-liberez-rafah-du-raffut-pour-rafah","status":"publish","type":"post","link":"https:\/\/lacanquotidien.fr\/blog\/2011\/11\/nouvelles-signatures-de-soutien-a-lappel-lance-par-jacques-alain-miller-liberez-rafah-du-raffut-pour-rafah\/","title":{"rendered":"Signataires de l&rsquo;Appel \u00ab\u00a0Lib\u00e9rez Rafah ! Du Raffut pour Rafah !\u00a0\u00bb"},"content":{"rendered":"<ul>\n<li><strong>Au 11\/11\/2011, 4400 signatures ont \u00e9t\u00e9 recueillies pour\u00a0<\/strong><strong>l&rsquo;appel<\/strong><strong>\u00a0\u00ab\u00a0Lib\u00e9rez Rafah ! Du raffut pour Rafah !\u00a0\u00bb,\u00a0<\/strong><strong>lanc\u00e9 par J-A.Miller, <\/strong>4000 mails adress\u00e9s \u00e0<span style=\"color: #000000;\">\u00a0<a href=\"mailto:rafah.navarin@gmail.com\"><span style=\"color: #000000;\">rafah.navarin@<\/span><\/a>\u00a0(<\/span>adresse cr\u00e9\u00e9e d\u00e8s le 13 septembre et utilis\u00e9e avant l&rsquo;ouverture du site Lacan Quotidien) et\u00a0400 signatures via la p\u00e9tition d\u00e9sormais sur le site Lacan Quotidien<\/li>\n<li><strong>D\u00e9j\u00e0 deux mois que Rafah Nached a \u00e9t\u00e9 arr\u00eat\u00e9e et emprisonn\u00e9e arbitrairement par les services de s\u00e9curit\u00e9 du gouvernement syrien; elle est toujours incarc\u00e9r\u00e9e, dans les m\u00eames conditions, pour une dur\u00e9e ind\u00e9termin\u00e9e.<\/strong><\/li>\n<li style=\"text-align: justify;\"><strong>Nous vous invitons \u00e0 signer l\u2019appel \u00ab\u00a0Lib\u00e9rez RAFAH\u00a0! Du Raffut pour Rafah\u00a0!\u00a0\u00bb \u00a0en cliquant sur ce lien:\u00a0<\/strong><\/li>\n<\/ul>\n<p style=\"text-align: center;\"><strong><a href=\"http:\/\/www.lacanquotidien.fr\/blog\/Appelpourrafah\">http:\/\/www.lacanquotidien.fr\/blog\/Appelpourrafah<\/a><\/strong><\/p>\n<ul>\n<li><strong>Nous remercions tous les signataires, en particulier ceux qui se mobilisent pour en appeler d&rsquo;autres !<\/strong><\/li>\n<\/ul>\n<p><strong><br \/>\n<\/strong><\/p>\n<ul>\n<li><strong>Nous faisons conna\u00eetre les signataires au fur et \u00e0 mesure sur Lacan Quotidien.\u00a0<\/strong><strong>La liste que vous trouverez ci-dessous n&rsquo;est donc pas exhaustive. La<\/strong><strong>\u00a0liste compl\u00e8te des signataires est en cours de traitement.<\/strong><\/li>\n<\/ul>\n<p>______________________________________________________<\/p>\n<p><strong><span style=\"text-decoration: underline;\">Liste des d\u00e9put\u00e9s signataires <\/span><\/strong><\/p>\n<p><strong><span style=\"text-decoration: underline;\">(<\/span><\/strong><strong>R\u00e9capitulatif depuis le 13 septembre 2011 sur le mail<span style=\"color: #000000;\"> <a href=\"mailto:rafah.navarin@gmail.com\" target=\"_blank\"><span style=\"color: #000000;\">rafah.navarin@<\/span><\/a>\u00a0<\/span>et sur la p\u00e9tition <strong><a href=\"http:\/\/www.lacanquotidien.fr\/blog\/Appelpourrafah\">http:\/\/www.lacanquotidien.fr\/blog\/Appelpourrafah<\/a>)<\/strong><\/strong><\/p>\n<p style=\"text-align: justify;\"><strong>____________________________________________________<\/strong><\/p>\n<p style=\"text-align: justify;\"><strong>\u00a0Madame, Monsieur,<\/strong><\/p>\n<p style=\"text-align: justify;\"><strong>Suite au mail re\u00e7u dans le cadre de ma permanence parlementaire, je\u00a0 vous informe que je souhaite \u00eatre cosignataire de la p\u00e9tition relative \u00e0 la demande de lib\u00e9ration de Rafah Nached, prisonni\u00e8re en Syrie.<\/strong><\/p>\n<p style=\"text-align: justify;\"><strong>Veuillez donc prendre note de mon soutien \u00e0 cette cause.<\/strong><\/p>\n<p style=\"text-align: justify;\"><strong><span style=\"color: #ff0000;\">Pascal TERRASSE, D\u00e9put\u00e9 de l&rsquo;Ard\u00e8che.<\/span><\/strong><\/p>\n<p style=\"text-align: justify;\"><strong>Cordialement.<\/strong><\/p>\n<p style=\"text-align: justify;\"><strong>____________________________________________________<\/strong><\/p>\n<p style=\"text-align: justify;\"><strong>Par Bruno de Halleux<\/strong><\/p>\n<p style=\"text-align: justify;\"><strong>Objet : signature pour rafah<\/strong><\/p>\n<p style=\"text-align: justify;\"><strong>Date : 10 octobre 2011 22:16:14 HAEC<\/strong><\/p>\n<p style=\"text-align: justify;\"><strong> veuillez bien ajouter mon nom \u00e0 la liste des signatures pour lib\u00e9rer rafah<\/strong><br \/>\n<strong> claude turmes<\/strong><br \/>\n<strong> d\u00e9put\u00e9 au Parlement Europ\u00e9en<\/strong><br \/>\n<strong> vice-pr\u00e9sident du groupe des Verts<\/strong><br \/>\n<strong> merci<\/strong><strong><br \/>\n<\/strong><\/p>\n<p style=\"text-align: justify;\"><span style=\"color: #ff0000;\"><strong><strong>Claude Turmes, D\u00e9put\u00e9 europ\u00e9en luxembourgeois et bras droit de Daniel Cohn Bendit<\/strong><\/strong><\/span><\/p>\n<p style=\"text-align: justify;\"><strong><strong><\/strong>\u00a0___________________________________________________<\/strong><\/p>\n<p style=\"text-align: justify;\"><strong>Vous voudrez bien ajouter mon nom: <span style=\"color: #ff0000;\">Vaxes Michel<\/span> <span style=\"color: #ff0000;\">D\u00e9put\u00e9 des Bouches du Rh\u00f4ne<\/span>, \u00e0 la liste des sigataires de l&rsquo;Appel<\/strong><\/p>\n<p style=\"text-align: justify;\"><strong>Je vous en remercie par avance et souhaite plein succ\u00e9s \u00e0 cette initiative.<\/strong><\/p>\n<p style=\"text-align: justify;\"><strong>Vaxes Michel<\/strong><\/p>\n<p style=\"text-align: justify;\"><strong>____________________________________________________<\/strong><\/p>\n<table border=\"0\" cellpadding=\"0\">\n<tbody>\n<tr>\n<td><\/td>\n<td><\/td>\n<td><\/td>\n<\/tr>\n<\/tbody>\n<\/table>\n<p style=\"text-align: justify;\"><strong>Madame, Monsieur,<\/strong><\/p>\n<p><strong>Je d\u00e9sire signer la p\u00e9tition en faveur de Rafah Nached<\/strong><\/p>\n<p><strong><span style=\"color: #ff0000;\">Michel Vauzelle<\/span><\/strong><br \/>\n<strong> <span style=\"color: #ff0000;\"> ancien Ministre<\/span><\/strong><br \/>\n<strong> <span style=\"color: #ff0000;\"> Pr\u00e9sident de la r\u00e9gion Provence-Alpes-C\u00f4te d&rsquo;Azur<\/span><\/strong><br \/>\n<strong> <span style=\"color: #ff0000;\"> vice-Pr\u00e9sident de la commission des Affaires \u00e9trang\u00e8res de l&rsquo;Assembl\u00e9e Nationale<\/span><\/strong><br \/>\n<strong> <span style=\"color: #ff0000;\"> D\u00e9put\u00e9 des Bouches-du-Rh\u00f4ne<\/span><\/strong><\/p>\n<p style=\"text-align: justify;\"><strong>\u00a0____________________________________________________<\/strong><\/p>\n<table border=\"0\" cellpadding=\"0\">\n<tbody>\n<tr>\n<td>\n<table border=\"0\" cellpadding=\"0\">\n<tbody>\n<tr>\n<td><\/td>\n<\/tr>\n<\/tbody>\n<\/table>\n<\/td>\n<td><\/td>\n<td><\/td>\n<\/tr>\n<\/tbody>\n<\/table>\n<p style=\"text-align: justify;\"><strong><span style=\"color: #ff0000;\">JEAN ROATTA, D\u00e9put\u00e9 des Bouches-du-Rh\u00f4ne\u00a0 et Adjoint au Maire de Marseille<\/span> se joint au comit\u00e9 qui R\u00e9clame aux Autorit\u00e9s syriennes la remise en libert\u00e9 imm\u00e9diate et inconditionnelle de RAFAH NACHED.<\/strong><\/p>\n<p><strong>Jean Roatta<\/strong><\/p>\n<p style=\"text-align: justify;\"><strong>_____________________________________________________<\/strong><\/p>\n<table border=\"0\" cellpadding=\"0\">\n<tbody>\n<tr>\n<td>\n<table border=\"0\" cellpadding=\"0\">\n<tbody>\n<tr>\n<td><\/td>\n<\/tr>\n<\/tbody>\n<\/table>\n<\/td>\n<td><\/td>\n<td><\/td>\n<\/tr>\n<\/tbody>\n<\/table>\n<p style=\"text-align: justify;\"><strong>Chers coll\u00e8gues ,<\/strong><\/p>\n<p style=\"text-align: justify;\"><strong>J&rsquo;ai sollicit\u00e9 <span style=\"color: #ff0000;\">Denis Macshane d\u00e9put\u00e9 travailliste britannique<\/span> pour\u00a0demander son soutien , il a sign\u00e9 la p\u00e9tition et fait les d\u00e9marches suivantes .<\/strong><\/p>\n<p style=\"text-align: justify;\"><strong>Tr\u00e8s cordialement,<\/strong><\/p>\n<p style=\"text-align: justify;\"><strong>Christine Rochefort, ACF-VLB<\/strong><\/p>\n<p style=\"text-align: justify;\"><strong>____________________________________________________<\/strong><\/p>\n<table border=\"0\" cellpadding=\"0\">\n<tbody>\n<tr>\n<td><\/td>\n<td><\/td>\n<td><\/td>\n<\/tr>\n<\/tbody>\n<\/table>\n<p style=\"text-align: justify;\"><strong>Madame, Monsieur,<\/strong><\/p>\n<p><strong>Je vous prie de prendre en compte ma signature pour la p\u00e9tition visant la lib\u00e9ration de Rafah NACHED.<\/strong><br \/>\n<strong> Bien Cordialement.<\/strong><\/p>\n<p><strong><span style=\"color: #ff0000;\">Dominique TIAN<\/span><\/strong><br \/>\n<strong> <span style=\"color: #ff0000;\"> D\u00e9put\u00e9 des Bouches-du-Rh\u00f4ne<\/span><\/strong><\/p>\n<p style=\"text-align: justify;\"><strong>\u00a0_____________________________________________________<\/strong><\/p>\n<table border=\"0\" cellpadding=\"0\">\n<tbody>\n<tr>\n<td><\/td>\n<td><\/td>\n<td><\/td>\n<\/tr>\n<\/tbody>\n<\/table>\n<p style=\"text-align: justify;\"><strong>\u00a0Madame, Monsieur,<\/strong><\/p>\n<p><strong>Inform\u00e9 de la situation de Madame Rafah NACHED, emprisonn\u00e9e en Syrie au risque de sa vie, j&rsquo;ai l&rsquo;honneur d&rsquo;apporter ma signature et mon soutien le plus total \u00e0 l&rsquo;appel \u00ab\u00a0Du raffut pour Rafah\u00a0\u00bb, lanc\u00e9 en faveur de sa lib\u00e9ration sans d\u00e9lai.<\/strong><\/p>\n<p><strong>Vous r\u00e9assurant de tout mon support, je vous prie d&rsquo;agr\u00e9er, Madame, Monsieur, l&rsquo;expression de ma consid\u00e9ration la plus distingu\u00e9e.<\/strong><\/p>\n<p><strong><span style=\"color: #ff0000;\">Roland BLUM<\/span><\/strong><br \/>\n<strong> <span style=\"color: #ff0000;\"> \u00a0D\u00e9put\u00e9 des Bouches-du-Rh\u00f4ne<\/span><\/strong><br \/>\n<strong> <span style=\"color: #ff0000;\"> \u00a0Premier Adjoint au Maire de Marseille<\/span><\/strong><\/p>\n<p style=\"text-align: justify;\"><strong>\u00a0_____________________________________________________<\/strong><\/p>\n<table border=\"0\" cellpadding=\"0\">\n<tbody>\n<tr>\n<td><\/td>\n<td><\/td>\n<td><\/td>\n<\/tr>\n<\/tbody>\n<\/table>\n<p style=\"text-align: justify;\"><strong>Madame, Monsieur,<\/strong><\/p>\n<p><strong><span style=\"color: #ff0000;\">Michel Destot, d\u00e9put\u00e9-maire de Grenoble,<\/span> souhaite apporter son soutien \u00e0 Rafah Nached en signant la p\u00e9tition que vous nous proposez.<\/strong><br \/>\n<strong> Bien cordialement,<\/strong><br \/>\n<strong> &#8212;<\/strong><br \/>\n<span style=\"color: #000000;\"><strong> Kader MAKHLOUF<\/strong><\/span><br \/>\n<strong> Collaborateur parlementaire de Michel Destot, D\u00e9put\u00e9 Maire de Grenoble<\/strong><\/p>\n<p style=\"text-align: justify;\"><strong>\u00a0_____________________________________________________<\/strong><\/p>\n<table border=\"0\" cellpadding=\"0\">\n<tbody>\n<tr>\n<td><\/td>\n<td><\/td>\n<td><\/td>\n<\/tr>\n<\/tbody>\n<\/table>\n<p style=\"text-align: justify;\"><strong>Bonjour,<\/strong><br \/>\n<strong> J&rsquo;ai appel\u00e9 le 15 septembre \u00e0 la lib\u00e9ration de Rafah Nached sur mon blog notamment (<a href=\"http:\/\/jmayrault.fr\/rafah-nached\/\" target=\"_blank\">http:\/\/jmayrault.fr\/rafah-nached\/<\/a>). Je suis de pr\u00e8s cette situation. Les informations selon lesquelles son \u00e9tat de sant\u00e9 se d\u00e9graderait me pr\u00e9occupent, j&rsquo;en ai d&rsquo;ailleurs fait part aujourd&rsquo;hui. Je vous prie d&rsquo;ajouter mon nom \u00e0 la p\u00e9tition.<\/strong><\/p>\n<p><strong>A vous,<\/strong><br \/>\n<strong> <span style=\"color: #ff0000;\">Jean-Marc Ayrault,<\/span><\/strong><br \/>\n<strong> <span style=\"color: #ff0000;\">D\u00e9put\u00e9-maire de Nantes<\/span><\/strong><br \/>\n<strong> <span style=\"color: #ff0000;\"> Pr\u00e9sident du groupe socialiste \u00e0 l&rsquo;assembl\u00e9e nationale<\/span><\/strong><\/p>\n<p style=\"text-align: justify;\"><strong>_____________________________________________________<\/strong><\/p>\n<table border=\"0\" cellpadding=\"0\">\n<tbody>\n<tr>\n<td><\/td>\n<td><\/td>\n<td><\/td>\n<\/tr>\n<\/tbody>\n<\/table>\n<p style=\"text-align: justify;\"><strong>Bonjour,<\/strong><\/p>\n<p style=\"text-align: justify;\"><strong><span style=\"color: #ff0000;\">Harlem D\u00e9sir, d\u00e9put\u00e9 europ\u00e9en et Premier secr\u00e9taire du PS par int\u00e9rim<\/span>, souhaite signer cet appel et soutient la demande de lib\u00e9ration de Rafah Nache<\/strong><\/p>\n<p style=\"text-align: justify;\"><strong>Bien cordialement,<\/strong><\/p>\n<p style=\"text-align: justify;\"><span style=\"color: #000000;\"><strong>Adeline Rochet<\/strong><\/span><\/p>\n<p style=\"text-align: justify;\"><strong>Assistante parlementaire de Harlem D\u00e9sir<\/strong><\/p>\n<p style=\"text-align: justify;\"><strong>\u00a0_____________________________________________________<\/strong><\/p>\n<p style=\"text-align: justify;\"><strong>10 novembre 2011<\/strong><\/p>\n<p style=\"text-align: justify;\"><strong>Bonjour<\/strong><\/p>\n<p><strong>je vous transmets copie de ce courrier re\u00e7u ce jour de la part d&rsquo;<span style=\"color: #ff0000;\">Annick Le Loch, d\u00e9put\u00e9e du Finist\u00e8re\u00a0<\/span>: [<a href=\"http:\/\/www.lacanquotidien.fr\/blog\/wp-content\/uploads\/2011\/11\/11.0226-Mme-Kerloch.pdf\">11.0226 &#8211; Mme Kerloc&rsquo;h<\/a>]<\/strong><\/p>\n<p><strong>Dans le Finist\u00e8re, la mobilisation demande beaucoup d&rsquo;\u00e9nergie, nous obtenons les soutiens au un par un.<\/strong><\/p>\n<p><strong>Ceci \u00e9tant, Rafah peut compter sur nous pour faire sinon du raffut du moins ce que nous appelons \u00e0 la pointe du Finist\u00e8re du \u00ab\u00a0<span style=\"color: #ff0000;\">reuz<\/span>\u00ab\u00a0, signifiant breton proche de celui de raffut mais charg\u00e9 de plus de d\u00e9termination et d&rsquo;insistance\u00a0 pour ne pas l\u00e2cher prise.<\/strong><\/p>\n<p><strong>Cordialement<\/strong><\/p>\n<p><strong>Annie Kerloch<\/strong><br \/>\n<strong> d\u00e9l\u00e9gu\u00e9e ACF VLB (Brest Quimper Morlaix)<\/strong><\/p>\n<p style=\"text-align: justify;\"><strong>____________________________________________________<\/strong><\/p>\n<p style=\"text-align: justify;\"><strong>4 novembre 2011<\/strong><\/p>\n<p style=\"text-align: justify;\"><strong>Bien cher tous,<\/strong><\/p>\n<p style=\"text-align: justify;\"><strong>Encore des nouvelles du grand Ouest !<\/strong><\/p>\n<p style=\"text-align: justify;\"><strong>Dominique Tarasse et moi-m\u00eame sommes heureux de vous annoncer qu&rsquo;apr\u00e8s avoir sign\u00e9 l&rsquo;appel pour la lib\u00e9ration de Raffah Nached, <span style=\"color: #ff0000;\">Monsieur Guillaume Garot \u2013 d\u00e9put\u00e9-maire de Laval et porte-parole de S\u00e9gol\u00e8ne Royal<\/span> \u2013 a adress\u00e9 un courrier \u00e0 M. Alain Jupp\u00e9, Ministre des Affaires \u00e9trang\u00e8res et europ\u00e9ennes, pour le sensibiliser sur ce sujet. M. Garot est \u00e9galement intervenu aupr\u00e8s du Gouvernement sous la forme d\u2019une question \u00e9crite, question qui sera d\u00e9pos\u00e9e dans les tous prochains jours sur le Bureau de l\u2019Assembl\u00e9e nationale en vue de sa parution au Journal Officiel.\u00a0Le Gouvernement est en principe tenu d&rsquo;y r\u00e9pondre dans un d\u00e9lai de deux mois.<\/strong><\/p>\n<p style=\"text-align: justify;\"><strong>Vous trouverez en pi\u00e8ces jointes ces deux documents : [<a href=\"http:\/\/www.lacanquotidien.fr\/blog\/wp-content\/uploads\/2011\/11\/Question-%C3%A9crite-de-Guillaume-Garot-D%C3%A9put%C3%A9-de-Mayenne.pdf\">Question \u00e9crite de Guillaume Garot D\u00e9put\u00e9 de Mayenne<\/a>] [<a href=\"http:\/\/www.lacanquotidien.fr\/blog\/wp-content\/uploads\/2011\/11\/Guillaume-Garot-sadresse-%C3%A0-Monsieur-Alain-Jupp%C3%A9.pdf\">Guillaume Garot s&rsquo;adresse \u00e0 Monsieur Alain Jupp\u00e9<\/a><\/strong><\/p>\n<p style=\"text-align: justify;\"><span style=\"color: #000000;\"><strong>Nous remercions chaleureusement M. Garot, ainsi que Mathieu Derrey, son directeur de cabinet \u00e0 la mairie de Laval, et Rachel M\u00e9haignerie, son attach\u00e9e parlementaire \u00e0 l\u2019assembl\u00e9e nationale, de s\u2019\u00eatre mobilis\u00e9s pour la cause.<\/strong><\/span><\/p>\n<p style=\"text-align: justify;\"><strong>Bien \u00e0 vous,<\/strong><\/p>\n<p style=\"text-align: justify;\"><strong>Amaury Noel<\/strong><\/p>\n<p style=\"text-align: justify;\"><strong>***<\/strong><\/p>\n<p style=\"text-align: justify;\"><strong>De\u00a0: Rachel M\u00e9haignerie\/permanence G.Garot<\/strong><br \/>\n<strong> \u00c0\u00a0: &lsquo;noel amaury&rsquo;<\/strong><br \/>\n<strong> Cc\u00a0: &lsquo;Derrey Matthieu&rsquo;<\/strong><br \/>\n<strong> Envoy\u00e9 le : Jeudi 3 Novembre 2011 17h35<\/strong><br \/>\n<strong> Objet\u00a0: RE: Rafah Nached<\/strong><\/p>\n<p style=\"text-align: justify;\"><strong>Cher Monsieur,<\/strong><\/p>\n<p style=\"text-align: justify;\"><strong>Faisant suite \u00e0 vos \u00e9changes avec Matthieu Derrey, je vous prie de bien vouloir trouver ci-joint copie du courrier adress\u00e9 par M. Guillaume Garot \u00e0 M. Alain Jupp\u00e9, Ministre des Affaires \u00e9trang\u00e8res et europ\u00e9ennes, au sujet de la situation de Madame Rafah Nached.<\/strong><\/p>\n<p style=\"text-align: justify;\"><strong>Guillaume Garot est \u00e9galement intervenu aupr\u00e8s du Gouvernement sous la forme d\u2019une question \u00e9crite afin que des r\u00e9ponses concr\u00e8tes puissent vous \u00eatre apport\u00e9es. Je vous adresse [ci-joint] copie de cette question \u00e9crite qui sera d\u00e9pos\u00e9e dans les prochains jours sur le Bureau de l\u2019Assembl\u00e9e nationale en vue de sa parution au Journal Officiel. Pour information, je vous pr\u00e9cise que le Gouvernement est en principe tenu de r\u00e9pondre aux questions \u00e9crites des d\u00e9put\u00e9s dans un d\u00e9lai de deux mois.<\/strong><\/p>\n<p style=\"text-align: justify;\"><strong>Nous ne manquerons pas, naturellement, de vous transmettre tout \u00e9l\u00e9ment de r\u00e9ponse nous parvenant suite \u00e0 ces d\u00e9marches.<\/strong><\/p>\n<p style=\"text-align: justify;\"><strong>Restant \u00e0 votre disposition, veuillez recevoir, Cher Monsieur, nos sinc\u00e8res salutations.<\/strong><\/p>\n<p style=\"text-align: justify;\"><strong>Rachel M\u00e9haignerie<\/strong><\/p>\n<p style=\"text-align: justify;\"><strong>Attach\u00e9e parlementaire de Guillaume Garot, D\u00e9put\u00e9 de la Mayenne<\/strong><\/p>\n<p style=\"text-align: justify;\"><strong>22 rue Souchu Servini\u00e8re, 53000 Laval<\/strong><\/p>\n<p style=\"text-align: justify;\"><strong>T\u00e9l. 02 43 01 03 05, fax 02 43 01 17 10<\/strong><\/p>\n<p style=\"text-align: justify;\"><strong>_____________________________________________________<\/strong><\/p>\n<p style=\"text-align: justify;\"><strong><span style=\"color: #ff0000;\"> Henri Emmanuelli<\/span>, Pr\u00e9sident du Conseil G\u00e9n\u00e9ral et D\u00e9put\u00e9 des Landes <\/strong><\/p>\n<p style=\"text-align: justify;\"><strong><strong>_____________________________________________________<\/strong><\/strong><\/p>\n<div>Bonjour,<\/p>\n<p>Vous trouverez ci-joint le courrier que je viens d&rsquo;envoyer \u00e0 l&rsquo;ambassadrice de Syrie en France pour soutenir votre action de demander la lib\u00e9ration de Rafah Nached.<\/p>\n<p>Vous pouvez indiquer mon soutien dans vos d\u00e9marches ou m&rsquo;appeler \u00e0 signer des documents dans ce sens.<\/p>\n<p>Cordialement.<\/p>\n<p><span style=\"color: #ff0000;\"><strong>Marcel Rogemont, D\u00e9put\u00e9 Ille Et Vilaine<\/strong><\/span><\/div>\n<div style=\"text-align: justify;\" align=\"center\"><strong>____________________________________________________<\/strong><\/div>\n<p style=\"text-align: justify;\"><strong>7 octobre 2011<\/strong><\/p>\n<p style=\"text-align: justify;\"><strong>Bonjour<\/strong><\/p>\n<p style=\"text-align: justify;\"><strong>J&rsquo;ai le plaisir de vous annoncer\u00a0 la signature de <span style=\"color: #ff0000;\">Mme Dani\u00e8le BOUSQUET, D\u00e9put\u00e9e PS des C\u00f4tes-d&rsquo;Armor,<\/span><\/strong><\/p>\n<p style=\"text-align: justify;\"><strong><span style=\"color: #ff0000;\">Secr\u00e9taire de l&rsquo;Assembl\u00e9e nationale. <\/span><\/strong><br \/>\n<strong> <span style=\"color: #ff0000;\"> Membre de la commission des affaires \u00e9trang\u00e8res.<\/span><\/strong><br \/>\n<strong> <span style=\"color: #ff0000;\">Vice-Pr\u00e9sidente de la d\u00e9l\u00e9gation de l&rsquo;Assembl\u00e9e nationale aux droits des femmes et \u00e0 l&rsquo;\u00e9galit\u00e9 des chances entre les hommes et les femmes. <\/span><\/strong><br \/>\n<strong> <span style=\"color: #ff0000;\"> Pr\u00e9sidente du groupe d&rsquo;amiti\u00e9 France-Lib\u00e9ria. <\/span><\/strong><br \/>\n<strong> <span style=\"color: #ff0000;\"> Pr\u00e9sidente de la mission d&rsquo;information sur la prostitution en France. <\/span><\/strong><br \/>\n<strong> <span style=\"color: #ff0000;\"> Vice-pr\u00e9sidente du Forum parlementaire inter-europ\u00e9en sur la Population et le D\u00e9veloppement. <\/span><\/strong><br \/>\n<strong> <span style=\"color: #ff0000;\"> Vice-Pr\u00e9sidente de l&rsquo;Assembl\u00e9e des femmes.<\/span><\/strong><\/p>\n<p style=\"text-align: justify;\"><strong>Cordialement<\/strong><\/p>\n<p style=\"text-align: justify;\"><strong>Jean-Charles Troadec<\/strong><\/p>\n<p style=\"text-align: justify;\"><strong>\u00a0____________________________________________________<\/strong><\/p>\n<p style=\"text-align: justify;\"><strong>4 octobre 2011<\/strong><\/p>\n<p style=\"text-align: justify;\"><strong>Madame,<\/strong><br \/>\n<strong> Je vous remercie, de la part de <span style=\"color: #ff0000;\">Madame Fourneyron<\/span>, d&rsquo;avoir attir\u00e9 notre attention sur la situation de Madame Rafah Nached. Je vous prie de trouver ci-joint : [<a href=\"http:\/\/www.lacanquotidien.fr\/blog\/wp-content\/uploads\/2011\/11\/Le-Maire-de-Rouen-et-le-Conseil-municipal-appellent-%C3%A0-la-lib%C3%A9ration-de-Rafah-4-octobre-2011.pdf\">Le Maire de Rouen et le Conseil municipal appellent \u00e0 la lib\u00e9ration de Rafah 4 octobre 2011<\/a>] le communiqu\u00e9 qu&rsquo;elle adresse ce jour avec l&rsquo;ensemble des groupes politiques qui composent le Conseil municipal.<\/strong><br \/>\n<strong> Je reste \u00e0 votre enti\u00e8re disposition.<\/strong><br \/>\n<strong> Bien cordialement,<\/strong><\/p>\n<p><strong>&#8212;<\/strong><br \/>\n<strong> <span style=\"color: #ff0000;\">Alexandre CANET<\/span><\/strong><br \/>\n<strong> <span style=\"color: #ff0000;\"> Chef de cabinet<\/span><\/strong><br \/>\n<strong> <span style=\"color: #ff0000;\"> Cabinet de Val\u00e9rie Fourneyron<\/span><\/strong><br \/>\n<strong> <span style=\"color: #ff0000;\"> D\u00e9put\u00e9e Maire de Rouen<\/span><\/strong><br \/>\n<strong> 02.35.08.68.79<\/strong><\/p>\n<p><strong>____________________________________________________<\/strong><\/p>\n<p style=\"text-align: justify;\"><strong><span style=\"color: #ff0000;\">Marc GOUA, <\/span><span style=\"color: #ff0000;\">d\u00e9put\u00e9 de Maine-et-Loire<\/span> a sign\u00e9 l&rsquo;appel \u00a0\u00bb Raffut Rafah\u00a0\u00bb par Guilaine Guilaum\u00e9, responsable du bureau ACF\/VLB \u00e0 Angers<\/strong><\/p>\n<p><strong>____________________________________________________<\/strong><\/p>\n<p style=\"text-align: justify;\"><strong><span style=\"color: #ff0000;\">Pascal Bousquet, Professeur \u00e0 la Facult\u00e9 de m\u00e9decine de Strasbourg<\/span>, transmise par Armand Zaloszyc le 23 Octobre.<\/strong><\/p>\n<h1 style=\"text-align: center;\" align=\"center\"><strong>\u2022<\/strong><\/h1>\n<p>Autres signatures re\u00e7ues r\u00e9cemment :<\/p>\n<table width=\"472\" border=\"0\" cellspacing=\"0\" cellpadding=\"0\">\n<tbody>\n<tr>\n<td valign=\"bottom\" nowrap=\"nowrap\" width=\"472\"><strong><strong><strong>_____________________________________________________<\/strong><\/strong><\/strong><strong><strong><strong><\/strong><\/strong><\/strong><strong><strong><strong><\/strong><\/strong><\/strong><strong><strong><strong><\/strong><\/strong>2 novembre 2011<\/strong><\/td>\n<\/tr>\n<\/tbody>\n<\/table>\n<p><strong>Nathalie Georges-Lambrichs nous informe que<\/strong><\/p>\n<p><strong><span style=\"color: #ff0000;\">Fran\u00e7ois Julien-Laferri\u00e8re, Professeur \u00e9m\u00e9rite de droit public, Universit\u00e9 Paris-Sud<\/span>\u00a0vient de signer la p\u00e9tition pour la lib\u00e9ration de Rafah Nached<\/strong><\/p>\n<p><strong>_____________________________________________________<\/strong><\/p>\n<p><strong>Dear Sirs,<\/strong><\/p>\n<p><strong>During our last\u00a0Forum of SLP\u00a0(October 22, 2011), we proceeded to collect signatures for the petition of Rafah (file in attached).<\/strong><\/p>\n<p><strong>I kindly need to know how we can do to put these signatures online.<\/strong><\/p>\n<p><strong>Remaining at your full disposal for any further clarification you may needs on the matter,<\/strong><\/p>\n<p><strong>Best Regards,<\/strong><br \/>\n<strong>Alessandra Tavazzani<\/strong><br \/>\n<strong>Secretary of SLP Milan<\/strong><\/p>\n<p><strong>Pour consulter la liste des signatures, cliquez ici :<a href=\"http:\/\/www.lacanquotidien.fr\/blog\/wp-content\/uploads\/2011\/11\/Signatures-SLP-R%C3%A9capitulatif.pdf\">\u00a0Signatures SLP R\u00e9capitulatif<\/a><\/strong><\/p>\n<p style=\"text-align: justify;\"><strong>31\/10<\/strong><\/p>\n<p style=\"text-align: justify;\"><strong>Vilma Coccoz\u00a0 :<\/strong><\/p>\n<p style=\"text-align: justify;\"><strong>ci-joint, le link de l&rsquo;entretien sur Rafah r\u00e9alis\u00e9 dans le cadre de l&#8217;emission de t\u00e9l\u00e9vision \u00ab\u00a0NOTICIA DE LA SEXTA\u00a0\u00bb<\/strong><\/p>\n<p style=\"text-align: justify;\"><strong><a href=\"http:\/\/www.lasextanoticias.com\/videos\/ver\/encerrada_por_psicoanalizar\/506653\" target=\"_blank\">http:\/\/www.lasextanoticias.com\/videos\/ver\/encerrada_por_psicoanalizar\/506653<\/a><\/strong><\/p>\n<h1 style=\"text-align: center;\" align=\"center\"><strong>\u2022<\/strong><\/h1>\n<p style=\"text-align: justify;\"><strong><em>31\/10<\/em><\/strong><\/p>\n<p style=\"text-align: justify;\"><strong><em>Below the reply and the link to the text adopted as EU resolution for Rafah specifically.<\/em><\/strong><\/p>\n<p style=\"text-align: justify;\"><strong><em>Best wishes<\/em><\/strong><\/p>\n<p style=\"text-align: justify;\"><strong><em>Natalie <\/em><\/strong><\/p>\n<p style=\"text-align: justify;\"><strong><em>From: Jean Lambert <\/em><\/strong><\/p>\n<p style=\"text-align: justify;\"><strong><em>Date: Mon, 31 Oct 2011 10:54:19 +0000<br \/>\nTo: Natalie Wulfing <\/em><\/strong><\/p>\n<p style=\"text-align: justify;\"><strong><em>Subject: Re: Letter from your constituent Natalie Wulfing<\/em><\/strong><\/p>\n<p style=\"text-align: justify;\"><strong><em>Dear Natalie,<\/em><\/strong><\/p>\n<p style=\"text-align: justify;\"><strong><em>Thank you for your email about Dr Rafah Nached.<\/em><\/strong><\/p>\n<p style=\"text-align: justify;\"><strong><em>I am extremely concerned about the situation in Syria. On 15th September 2011, the European Parliament adopted a resolution calling for an immediate end to violence and the release of all detained protesters, political prisoners, human rights defenders and journalists. The resolution also called for an independent investigation into allegations of forced disappearances, killings and torture by the Syrian security forces, and welcomed the adoption of new restrictive measures against the Syrian regime &#8211; including a ban on the import of crude oil to the European Union.<br \/>\nYou can read the full text of the resolution on the European Parliament&rsquo;s website :<\/em><\/strong><\/p>\n<p style=\"text-align: justify;\"><strong><em><a href=\"http:\/\/www.europarl.europa.eu\/sides\/getDoc.do?pubRef=-\/\/EP\/\/TEXT+TA+P7-TA-2011-0387+0+DOC+XML+V0\/\/EN&amp;language=EN\" target=\"_blank\">http:\/\/www.europarl.europa.eu\/sides\/getDoc.do?pubRef=-\/\/EP\/\/TEXT+TA+P7-TA-2011-0387+0+DOC+XML+V0\/\/EN&amp;language=EN<\/a><\/em><\/strong><\/p>\n<p style=\"text-align: justify;\"><strong>On 27th October, the European Parliament adopted an additional resolution, supported by the Greens\/EFA group, on the specific case of Dr Nached.<\/strong><br \/>\n<strong><em><a href=\"http:\/\/www.europarl.europa.eu\/sides\/getDoc.do?pubRef=-\/\/EP\/\/TEXT+TA+P7-TA-2011-0476+0+DOC+XML+V0\/\/EN&amp;language=EN\" target=\"_blank\">http:\/\/www.europarl.europa.eu\/sides\/getDoc.do?pubRef=-\/\/EP\/\/TEXT+TA+P7-TA-2011-0476+0+DOC+XML+V0\/\/EN&amp;language=EN<\/a><\/em><\/strong><\/p>\n<p style=\"text-align: justify;\"><strong>Yours sincerely,<\/strong><\/p>\n<p style=\"text-align: justify;\"><span style=\"color: #ff0000;\"><strong><em>Jean Lambert MEP<\/em><\/strong><\/span><\/p>\n<p style=\"text-align: justify;\"><span style=\"color: #ff0000;\"><strong><em>Green Party Member of the European Parliament for London<\/em><\/strong><\/span><\/p>\n<h1 style=\"text-align: center;\" align=\"center\"><strong>\u2022<\/strong><\/h1>\n<p style=\"text-align: justify;\"><strong>30\/10 <\/strong><\/p>\n<p style=\"text-align: justify;\"><strong>Benoit Delarue et Alain le Bou\u00ebtt\u00e9. Rennes.<\/strong><\/p>\n<p style=\"text-align: justify;\"><strong><em>Ch\u00e8re Kristell, cher JAM,<\/em><\/strong><\/p>\n<p style=\"text-align: justify;\"><strong><em>Veuillez trouver en cliquant ici :\u00a0 [<a href=\"..\/wp-content\/uploads\/2011\/10\/Annonce-comit%C3%A9-rennes-ACF.doc\">Annonce comit\u00e9 rennes ACF<\/a>] une annonce pour LQ du d\u00e9ploiement de la banderole Rafah sur la fa\u00e7ade de la Maison internationale de Rennes, dans le cadre national de la Semaine Internationale de Solidarit\u00e9. Nous essayons de faire venir la presse.<\/em><\/strong><\/p>\n<p style=\"text-align: justify;\"><strong><em>Vous trouverez \u00e9galement une liste de conseillers municipaux de Rennes qui demandent \u00e0 signer la p\u00e9tition\u00a0:<\/em><\/strong><\/p>\n<p style=\"text-align: justify;\"><span style=\"color: #ff0000;\"><strong>Sylvie Robert<\/strong><strong>, conseill\u00e8re municipale, pr\u00e9sidente du groupe socialiste municipal<\/strong><\/span><\/p>\n<p style=\"text-align: justify;\"><span style=\"color: #ff0000;\"><strong>Fr\u00e9d\u00e9ric Bourcier<\/strong><strong>, adjoint au maire<\/strong><\/span><\/p>\n<p style=\"text-align: justify;\"><span style=\"color: #ff0000;\"><strong>Jocelyne Bougeard<\/strong><strong>, adjointe au maire<\/strong><\/span><\/p>\n<p style=\"text-align: justify;\"><span style=\"color: #ff0000;\"><strong>Guy Potin<\/strong><strong>, conseiller municipal<\/strong><\/span><\/p>\n<p style=\"text-align: justify;\"><span style=\"color: #ff0000;\"><strong>Maria Vadillo<\/strong><strong>, adjointe au maire<\/strong><\/span><\/p>\n<p style=\"text-align: justify;\"><span style=\"color: #ff0000;\"><strong>Roselyne Lefran\u00e7ois<\/strong><strong>, adjointe au maire<\/strong><\/span><\/p>\n<p style=\"text-align: justify;\"><span style=\"color: #ff0000;\"><strong>Didier Le Bougeant<\/strong><strong>, adjoint au maire<\/strong><\/span><\/p>\n<p style=\"text-align: justify;\"><span style=\"color: #ff0000;\"><strong>Gwena\u00eblle Hamon<\/strong><strong>, adjointe au maire<\/strong><\/span><\/p>\n<p style=\"text-align: justify;\"><strong><em>Bien \u00e0 vous<\/em><\/strong><\/p>\n<p style=\"text-align: justify;\"><strong><em>Beno\u00eet<\/em><\/strong><\/p>\n<p style=\"text-align: justify;\"><strong><em>et Alain du comit\u00e9 de soutien ACF Rennes<\/em><\/strong><\/p>\n<h1 style=\"text-align: center;\" align=\"center\"><strong>\u2022<\/strong><\/h1>\n<p style=\"text-align: justify;\"><strong>30\/10<\/strong><\/p>\n<p style=\"text-align: justify;\"><strong>France-Mexique. Mariana Alba de Luna.<\/strong><\/p>\n<p style=\"text-align: justify;\"><strong><em>Cher Jacques-Alain Miller,<\/em><\/strong><\/p>\n<p style=\"text-align: justify;\"><strong><em>Je reviens du Maroc o\u00f9 j&rsquo;ai pu rencontrer mon co-directeur de recherche doctorale \u00e0 l&rsquo;Universit\u00e9 de Rabat \u00ab\u00a0Mohamed V\u00a0\u00bb. Je ne suis pas rest\u00e9e tr\u00e8s longtemps dans le campus, mais j&rsquo;ai r\u00e9ussi \u00e0 parler \u00e0 quelques professeurs et \u00e9tudiants du cas de Rafah Nached\u00a0; j\u2019ai m\u00eame r\u00e9ussi \u00e0 cueillir quelques signatures. <\/em><\/strong><\/p>\n<p style=\"text-align: justify;\"><strong><em>Un voyage tr\u00e8s riche, donc\u2026 Je rapporte avec moi \u00e9galement le souvenir de ma rencontre avec ces \u00e9tudiantes \u00ab\u00a0extr\u00eamement voil\u00e9es\u00a0\u00bb, mais qui ont un grand d\u00e9sir de savoir et de prendre place dans le changement !<\/em><\/strong><\/p>\n<p style=\"text-align: justify;\"><strong><em>Voici la liste des signataires\u00a0:<\/em><\/strong><\/p>\n<p style=\"text-align: justify;\"><span style=\"color: #ff0000;\"><strong><em>&#8211; Abdeslam DACHMI, Ma\u00eetre de conf\u00e9rences en Psychologie Clinique et pathologie, Universit\u00e9 Mohamed V, Rabat, Maroc<\/em><\/strong><\/span><\/p>\n<p style=\"text-align: justify;\"><span style=\"color: #ff0000;\"><strong><em>\u00a0\u00a0 <a href=\"http:\/\/www.um5a.ac.ma\/formations\/for_doc.php#FL\" target=\"_blank\"><span style=\"color: #ff0000;\">Centre d\u2019\u00e9tudes doctorales Homme et Espace dans le Monde M\u00e9diterran\u00e9en<\/span><\/a><\/em><\/strong><\/span><\/p>\n<p style=\"text-align: justify;\"><span style=\"color: #ff0000;\"><strong><em>&#8211; Samira BEKKAOUI, Professeur en Biologie, Maroc<\/em><\/strong><\/span><\/p>\n<p style=\"text-align: justify;\"><span style=\"color: #ff0000;\"><strong><em>&#8211; Baaiza IBTISSAM, \u00e9tudiante en facult\u00e9 de M\u00e9decine, Universit\u00e9 Mohamed V, Maroc<\/em><\/strong><\/span><\/p>\n<p style=\"text-align: justify;\"><span style=\"color: #ff0000;\"><strong><em>&#8211; Elouji HUSSEIN, Professeur de langues, Universit\u00e9 Mohamed V, Maroc<\/em><\/strong><\/span><\/p>\n<p style=\"text-align: justify;\"><span style=\"color: #ff0000;\"><strong><em>&#8211; Kamal FRIMAN, \u00e9tudiant en Master de Langues, professeur au Lyc\u00e9e, Universit\u00e9 Mohamed V, Maroc<\/em><\/strong><\/span><\/p>\n<p style=\"text-align: justify;\"><span style=\"color: #ff0000;\"><strong><em>&#8211; Tariq QUASSAOUI, Professeur d&rsquo;allemand, Universit\u00e9 Mohamed V, Rabat, Maroc<\/em><\/strong><\/span><\/p>\n<p style=\"text-align: justify;\"><strong><em>Et une fran\u00e7aise qui \u00e9tait \u00e0 l&rsquo;Universit\u00e9, programme des \u00e9changes doctorales :<\/em><\/strong><\/p>\n<p style=\"text-align: justify;\"><span style=\"color: #ff0000;\"><strong><em>&#8211; Nathalie PANTALEON, Maitre de Conf\u00e9rences \u00e0 Nice,\u00a0<\/em><\/strong><\/span><\/p>\n<p style=\"text-align: justify;\"><span style=\"color: #ff0000;\"><strong><em>Ma\u00eetre de Conf\u00e9rences au STAPS, Universit\u00e9 de Nice Sophia-Antipolis, Laboratoire d\u2019Anthropologie et de Sociologie\u00a0: M\u00e9moire, Identit\u00e9 et Cognition Sociale<\/em><\/strong><\/span><\/p>\n<p style=\"text-align: justify;\"><strong><em>Bien \u00e0 vous,\u00a0<\/em><\/strong><\/p>\n<p style=\"text-align: justify;\"><strong><em>Mariana ALBA DE LUNA<\/em><\/strong><\/p>\n<h1 style=\"text-align: center;\" align=\"center\"><strong>\u2022<\/strong><\/h1>\n<p style=\"text-align: justify;\"><strong>Paris. par Agn\u00e8s Aflalo :<\/strong><\/p>\n<p style=\"text-align: justify;\"><span style=\"color: #ff0000;\"><strong>&#8211; Pr Olivier \u00a0Kourilsky, n\u00e9phrologue et \u00e9crivain<\/strong><\/span><\/p>\n<p style=\"text-align: justify;\"><span style=\"color: #ff0000;\"><strong>&#8211; Kimiko Yoshida, artiste<\/strong><\/span><\/p>\n<p style=\"text-align: justify;\"><span style=\"color: #ff0000;\"><strong>&#8211; Jean-Michel Ribettes, artiste<\/strong><\/span><\/p>\n<p style=\"text-align: justify;\"><span style=\"color: #ff0000;\"><strong>&#8211; Dr Brigitte Lantz, cabinet de l&rsquo;AP-HP<\/strong><\/span><\/p>\n<p style=\"text-align: justify;\"><span style=\"color: #ff0000;\"><strong>&#8211; Daniel Templon, fondateur d&rsquo;<em>Art Press<\/em>, et marchand d&rsquo;art contemporain<\/strong><\/span><\/p>\n<h1 style=\"text-align: center;\" align=\"center\"><strong>\u2022<\/strong><\/h1>\n<p style=\"text-align: justify;\"><strong>Exp\u00e9diteur : Odile Barth\u00e9lemy<\/strong><\/p>\n<p style=\"text-align: justify;\"><strong>Date : 24\/10<\/strong><\/p>\n<p style=\"text-align: justify;\"><span style=\"color: #ff0000;\"><strong>Nathalie GRIESBECK<\/strong><strong><br \/>\nD\u00e9put\u00e9e Europ\u00e9enne Grand Est Vice-pr\u00e9sidente du Conseil G\u00e9n\u00e9ral de la Moselle<\/strong><\/span><\/p>\n<h1 style=\"text-align: center;\" align=\"center\"><strong>\u2022<\/strong><\/h1>\n<p style=\"text-align: justify;\"><strong>Exp\u00e9diteur : Maurizio Montanari <\/strong><\/p>\n<p style=\"text-align: justify;\"><strong>Date : 24\/10<\/strong><\/p>\n<p style=\"text-align: justify;\"><strong>Pour la lib\u00e9ration de Mme RAFAHA NACHED, ont donn\u00e9 la signature \u00e0 l&rsquo;appel du Centre de Psychanalyse Appliqu\u00e9e Lib\u00e9rez la Parole :<\/strong><\/p>\n<p style=\"text-align: justify;\"><span style=\"color: #ff0000;\"><strong>Matteo Richetti<\/strong><strong>, Presidente dell&rsquo;assemblea legislativa della Regione Emilia Romagna<\/strong><\/span><\/p>\n<p style=\"text-align: justify;\"><span style=\"color: #ff0000;\"><strong>Massimo Mezzetti<\/strong><strong>, assessore alla cultura della Regione Emilia Romagna<\/strong><\/span><\/p>\n<p style=\"text-align: justify;\"><span style=\"color: #ff0000;\"><strong>Stefano Vaccari<\/strong><strong>, assessore allo sport della provincia di Modena<\/strong><\/span><\/p>\n<p style=\"text-align: justify;\"><strong>Voil\u00e0 l&rsquo;appel:<\/strong><\/p>\n<p style=\"text-align: justify;\"><strong><a href=\"http:\/\/www.liberaparola.eu\/rassegna-stampa\/ultime-notizie\/140-appello-per-la-liberta-di-un-popolo-e-di-rafah\" target=\"_blank\">http:\/\/www.liberaparola.eu\/rassegna-stampa\/ultime-notizie\/140-appello-per-la-liberta-di-un-popolo-e-di-rafah<\/a><\/strong><\/p>\n<p style=\"text-align: justify;\"><strong>\u00a0IT : Per la liberazione della signora RAFAH NACHED, hanno aderito all&rsquo;appello del centro di Psicoanalisi Applicata di Modena,<\/strong><\/p>\n<p style=\"text-align: justify;\"><strong>Matteo Richetti, Presidente dell&rsquo;assemblea legislativa della Regione Emilia Romagna<\/strong><\/p>\n<p style=\"text-align: justify;\"><strong>Massimo Mezzetti, assessore alla cultura della Regione Emilia Romagna<\/strong><\/p>\n<p style=\"text-align: justify;\"><strong>Stefano Vaccari, assessore allo sport della provincia di Modena<\/strong><\/p>\n<p style=\"text-align: justify;\"><strong>Ecco l&rsquo;appello<\/strong><\/p>\n<p style=\"text-align: justify;\"><strong><a href=\"http:\/\/www.liberaparola.eu\/rassegna-stampa\/ultime-notizie\/140-appello-per-la-liberta-di-un-popolo-e-di-rafah\" target=\"_blank\">http:\/\/www.liberaparola.eu\/rassegna-stampa\/ultime-notizie\/140-appello-per-la-liberta-di-un-popolo-e-di-rafah<\/a><\/strong><\/p>\n<h1 align=\"center\"><strong><strong>\u2022<\/strong><\/strong><\/h1>\n<p style=\"text-align: justify;\"><strong>Nouvelles signatures adress\u00e9es par Anne Lysy le 23 octobre : <\/strong><\/p>\n<p style=\"text-align: justify;\"><span style=\"color: #ff0000;\"><strong>Prof. Dr. Steven Vanden Broecke, Senior Lecturer, Dept. Of History, Ghent University<\/strong><\/span><strong><\/strong><\/p>\n<h6 style=\"text-align: center;\"><span style=\"color: #ff0000;\"><strong>*<\/strong><\/span><\/h6>\n<p style=\"text-align: justify;\"><strong>Lors de la r\u00e9union \u00e0 Varsovie des membres du Cercle de Varsovie et du Cercle de Cracovie de la NLS ce dimanche 23 octobre <\/strong><\/p>\n<p style=\"text-align: justify;\"><strong>avec Anne Lysy (pr\u00e9sidente NLS) et Dominique Holvoet (vice-pr\u00e9sident NLS), les participants ont tenu \u00e0 manifester leur solidarit\u00e9 <\/strong><\/p>\n<p style=\"text-align: justify;\"><strong>avec Rafah Nached et leur volont\u00e9 de poursuivre l\u2019action\u00a0:<\/strong><\/p>\n<p><span style=\"color: #ff0000;\"><strong>Barbara Kowalow<\/strong><\/span><\/p>\n<p><span style=\"color: #ff0000;\"><strong>Agnieszka Kurek<\/strong><\/span><\/p>\n<p><span style=\"color: #ff0000;\"><strong>Tomaz Gajda<\/strong><\/span><\/p>\n<p><span style=\"color: #ff0000;\"><strong>Janusz Kotara<\/strong><\/span><\/p>\n<p><span style=\"color: #ff0000;\"><strong>Beata Wolf<\/strong><\/span><\/p>\n<p><span style=\"color: #ff0000;\"><strong>Przemystaw Maczka<\/strong><\/span><\/p>\n<p><span style=\"color: #ff0000;\"><strong>Malggorzata Gorzula<\/strong><\/span><\/p>\n<p><span style=\"color: #ff0000;\"><strong>Alina Henzel-Korzeniovska<\/strong><\/span><\/p>\n<p><span style=\"color: #ff0000;\"><strong>Grazyna Skibinska<\/strong><\/span><\/p>\n<p><span style=\"color: #ff0000;\"><strong>Agnieszka Chojnowska<\/strong><\/span><\/p>\n<p><span style=\"color: #ff0000;\"><strong>Adam Kaczmarski<\/strong><\/span><\/p>\n<p><span style=\"color: #ff0000;\"><strong>Urszula Krzyzewska<\/strong><\/span><\/p>\n<p><span style=\"color: #ff0000;\"><strong>Dorota Parnowska<\/strong><strong><\/strong><\/span><\/p>\n<p><span style=\"color: #ff0000;\"><strong>Maigonata Pietrusiak<\/strong><\/span><\/p>\n<p><span style=\"color: #ff0000;\"><strong>Sebastian Godlewski<\/strong><\/span><\/p>\n<p><span style=\"color: #ff0000;\"><strong>Danuta Heinrich<\/strong><\/span><\/p>\n<p><span style=\"color: #ff0000;\"><strong>Patrycja Ostaszewska<\/strong><\/span><\/p>\n<p><span style=\"color: #ff0000;\"><strong>Bozena Narzynmska<\/strong><\/span><\/p>\n<p><span style=\"color: #ff0000;\"><strong>Dominique Holvoet<\/strong><\/span><\/p>\n<p><span style=\"color: #ff0000;\"><strong>Anne Lysy<\/strong><strong><\/strong><\/span><\/p>\n<h1 style=\"text-align: center;\" align=\"center\"><strong>\u2022<\/strong><\/h1>\n<p style=\"text-align: justify;\"><strong>Exp\u00e9diteur : Philippe Chanjou<\/strong><\/p>\n<p style=\"text-align: center;\">\u00a0<span class=\"Apple-style-span\" style=\"font-size: 35px; line-height: 42px;\"><strong>\u2022<\/strong><\/span><\/p>\n<p style=\"text-align: justify;\"><strong>Exp\u00e9diteurs : Herv\u00e9 Castanet &amp; Marie-Laure Alv\u00e8s<\/strong><\/p>\n<p style=\"text-align: justify;\"><strong>Date : 22\/10<\/strong><\/p>\n<p style=\"text-align: justify;\"><span style=\"color: #ff0000;\"><strong>&#8211; Dino Fava, peintre<\/strong><\/span><br \/>\n<span style=\"color: #ff0000;\"> <strong>&#8211; Martine Erhel, coordinatrice \u00e9ditoriale de la revue <em>Confluence Po\u00e9tique<br \/>\n<\/em>&#8211; Christiane Tricoit, directrice de publication de la revue <em>Passage d&rsquo;encres<br \/>\n<\/em>&#8211; F. Rodriguez, directeur de publication de la revue <em>Passage d&rsquo;encres<br \/>\n<\/em>&#8211; H\u00e9l\u00e8ne Chantemerle, r\u00e9dactrice.<\/strong><\/span><br \/>\n<span style=\"color: #ff0000;\"> <strong>&#8211; Olivier Messac, \u00e9diteur des revues <em>Quinzinzinzili<\/em> et<em> Ex nihilo<br \/>\n<\/em>&#8211; Marion Graf, <em>revue des Belles-lettres<br \/>\n<\/em>&#8211; Guillermo Bravo, directeur de publication de la revue <em>ALBA<br \/>\n<\/em>&#8211; Lucien Massaert, \u00e9diteur responsable <em>La Part de l&rsquo;Oeil<br \/>\n<\/em>&#8211; Andr\u00e9 Chabin, directeur de <em>Ent&rsquo;revues<br \/>\n<\/em>&#8211; Fulvio Caccia, directeur de l&rsquo;observatoire de la diversit\u00e9 culturelle, \u00e9crivain.<\/strong><\/span><br \/>\n<span style=\"color: #ff0000;\"> <strong>&#8211; Alain Blanc, Pr\u00e9sident des \u00e9ditions <em>Voix d&rsquo;Encres<\/em>, \u00e9diteur, \u00e9crivain<\/strong><\/span><br \/>\n<span style=\"color: #ff0000;\"> <strong>&#8211; Gilbert Moreau, directeur de la revue <em>Les moments litt\u00e9raires<br \/>\n<\/em>&#8211; Jean-Baptiste Para, r\u00e9dacteur en chef de la revue<em> Europe<br \/>\n<\/em>&#8211; Patrick Ramseyer, secr\u00e9taire de l&rsquo;association des amis Henri Poulaille<\/strong><\/span><br \/>\n<span style=\"color: #ff0000;\"> <strong>&#8211; Jean-Pierre Chauveau, professeur honoraire \u00e0 l&rsquo;Universit\u00e9 de Nantes, d\u00e9partement Litt\u00e9rature fran\u00e7aise<\/strong><\/span><br \/>\n<span style=\"color: #ff0000;\"> <strong>&#8211; Guy Poitry, enseignant \u00e0 l&rsquo;Universit\u00e9 de Gen\u00e8ve, d\u00e9partement Litt\u00e9rature fran\u00e7aise<\/strong><\/span><br \/>\n<span style=\"color: #ff0000;\"> <strong>&#8211; Brian Mura, directeur de publication de la revue <em>GPU<br \/>\n<\/em>&#8211; Jean-Luc Poivret, peintre.<\/strong><\/span><br \/>\n<span style=\"color: #ff0000;\"> <strong>&#8211; Sylvain Th\u00e9voz, r\u00e9dacteur en chef de <em>Causes Communes<br \/>\n<\/em>&#8211; F\u00e9licien Mazzola, r\u00e9dacteur en chef de <em>Causes Communes<br \/>\n<\/em>&#8211; David Collin, directeur de la collection <em>Imprescriptibles <\/em>(M\u00e9tisPresses), producteur de l&rsquo;\u00e9mission <em>Babylone<\/em> &#8211; radio TV Suisse<\/strong><\/span><br \/>\n<span style=\"color: #ff0000;\"> <strong>&#8211; Jean-Paul Morin, directeur de publication de <em>RevuesRevues<br \/>\n<\/em>&#8211; Pierre-Fr\u00e9deric Charpentier, enseignant-chercheur en Histoire, Universit\u00e9 Toulouse I<\/strong><\/span><br \/>\n<span style=\"color: #ff0000;\"> <strong>&#8211; Renaud Quillet, agr\u00e9g\u00e9 d&rsquo;Histoire \u00e0 l&rsquo;Universit\u00e9 Picardie-Jules Verne.<\/strong><\/span><br \/>\n<span style=\"color: #ff0000;\"> <strong>&#8211; Beno\u00eet Thirion, secr\u00e9taire de r\u00e9daction de la <em>Revue philosophique de Louvain<br \/>\n<\/em>&#8211; David Lespiau, auteur<\/strong><\/span><br \/>\n<span style=\"color: #ff0000;\"> <strong>&#8211; David Christoffel, po\u00e8te.<\/strong><\/span><br \/>\n<span style=\"color: #ff0000;\"> <strong>&#8211; Marie-Paule Chardon, psychologue clinicienne, psychanalyste &#8211; \u00e9ditions Eres<\/strong><\/span><br \/>\n<span style=\"color: #ff0000;\"> <strong>&#8211; Robert Giroux, \u00e9diteur, directeur de la revue <em>Moebius<br \/>\n<\/em>&#8211; R\u00e9ginald Gaillard, coordinateur de la revue <em>Nunc<br \/>\n<\/em>&#8211; Franck Damour, coordinateur de la revue <em>Nunc<br \/>\n<\/em>&#8211; Jean-Marie Dutey, r\u00e9dacteur en chef de la revue <em>Scribulations<\/em> &#8211; enligne.\u00e9ditions.<\/strong><\/span><br \/>\n<span style=\"color: #ff0000;\"> <strong>&#8211; Mich\u00e8le Menesclou, r\u00e9dactrice, correctrice de la revue <em>Scribulations<br \/>\n<\/em>&#8211; Catherine Savournin, r\u00e9dactrice, correctrice de la revue <em>Scribulations<br \/>\n<\/em>&#8211; C\u00f4me Fredaigue, enseignant de fran\u00e7ais au coll\u00e8ge Louis-Pasteur &#8211; animateur \u00e0 la revue <em>Dissonances<br \/>\n<\/em>&#8211; Laurent Brunet, \u00e9diteur, directeur de publication de la revue <em>Lisi\u00e8res d&rsquo;Art<br \/>\n<\/em>&#8211; Aur\u00e9lie Belleville, coordinatrice \u00e9ditoriale de la revue <em>Sens Public<br \/>\n<\/em>&#8211; Bernardo Schiavetta, praticien hospitalier, psychiatre, fondateur des formules : f<em>ormes po\u00e9tiques contemporaines, SUNY<\/em> at Buffalo<\/strong><\/span><br \/>\n<span style=\"color: #ff0000;\"> <strong>&#8211; Yoann Thommerel, directeur de la revue <em>Grumeaux<br \/>\n<\/em>&#8211; Jacques L\u00e8bre, auteur.<\/strong><\/span><br \/>\n<span style=\"color: #ff0000;\"> <strong>&#8211; H\u00e9l\u00e8ne Durdully, directeur de la revue <em>Rehauts<\/em><\/strong><\/span><\/p>\n<h1 align=\"center\"><strong>\u2022<\/strong><\/h1>\n<p><strong>Exp\u00e9diteur: Marie Laurent <\/strong><br \/>\n<strong>Date: 22 octobre 2011 <\/strong><\/p>\n<p><strong>Je vous signale la signature de la p\u00e9tition pour la lib\u00e9ration de Rafah de <span style=\"color: #ff0000;\">Pierre Vermeren, historien, sp\u00e9cialiste du Maghreb<\/span><\/strong><\/p>\n<h1 style=\"text-align: center;\" align=\"center\"><strong>\u2022<\/strong><\/h1>\n<table width=\"472\" border=\"0\" cellspacing=\"0\" cellpadding=\"0\">\n<tbody>\n<tr>\n<td valign=\"bottom\" nowrap=\"nowrap\" width=\"472\"><strong>SIGNATAIRES DE LA PETITION \u00ab\u00a0Lib\u00e9rez Rafah ! Du raffut pour Rafah !\u00a0\u00bb SUR LE SITE LACAN QUOTIDIEN<\/strong><\/td>\n<\/tr>\n<\/tbody>\n<\/table>\n<p><strong>(au 3 novembre 2011)<\/strong><\/p>\n<p>Vicent\u00a0 Adsuara I Rollan (Espagne), Travailleur De \u00ab\u00a0Teatres De La Generalitat Valenciana\u00a0\u00bb,\u00a0 Daniel Aguilera (Argentina), Programador Universitario,\u00a0 Renan\u00a0 Akman (Turquie), Traductrice,\u00a0 Patricia Alegria (Colombia), Psicoanalista,\u00a0 Luciana Almiron (Argentina), Estudiante De Psicologia,\u00a0 Josette\u00a0 Amirault-Grospas (France), Psychanalyste,\u00a0 Andrya\u00a0 Andreou (Uk), Existential Psychotherapist,\u00a0 Georges Androulakis (Greece), Universitaire,\u00a0 Arnaud Annie\u00a0 (France), Psychologue,\u00a0 Antoine Aphesbero (France), Etudiant,\u00a0 Laura Arciniegas (Colombia), Psicoanalista, Docente Universitaria,\u00a0 Katrina Ashton (England Uk), Psychotherapist Midwife,\u00a0 Michel Assenmaker (Belgique), Professeur,\u00a0 Jean-Michel Audin (France), Conseiller Principal D&rsquo;\u00c9ducation,\u00a0 Colette Aussedat (Belgique), Psychanalyste, Artiste,\u00a0 Sophie Avon (France), Journaliste,\u00a0 Eloisa Ballari (Argentina), Estudiante De Psicologia,\u00a0 Ken Balluet (France), \u00c9tudiant,\u00a0 Delphine Bancel (France), Premiere Adjointe Tournon-Sur-Rh\u00f4ne Ard\u00e8che,\u00a0 Jo\u00eblle Nicole Barbat (France), Psychanalyste,\u00a0 Jos\u00e9 Eduardo Barros (Br\u00e9sil), Psychanalyste,\u00a0 Teresa Basile (Belgique), Interpr\u00e8te- Naturopathe,\u00a0 Mireille Battut (France), Conseil Aux Comit\u00e9s D&rsquo;Entreprise,\u00a0 R\u00e9my Baudouin (France), Co-Entrepreneur Cr\u00e9ation De Solutions Internet,\u00a0 Veronique Bellavista (Italie), Artiste,\u00a0 Candela Benetti (Argentina), Docente,\u00a0 Pauline Bernard-Joos (France), Psychologue Clinicienne,\u00a0 Catalina Betancu (Colombia), Psic\u00f3loga,\u00a0 Isabelle\u00a0 Bezard Fragiacomo (France), Psychologue,\u00a0 Michele Bianchi (Italia), Psicologo,\u00a0 Michel Billotte (R\u00e9union), Psychanalyste,\u00a0 Fran\u00e7oise Blanadet (France), Psychiatre-Psychanalyste,\u00a0 Natalia Soledad Blazquez (Argentina), Abogada,\u00a0 Sandra Boehringer (France), Enseignante-Chercheuse En Histoire, Universit\u00e9 De Strasbourg,\u00a0 Caroline Boland (France), Psychologue-Psychoth\u00e9rapeute,\u00a0 Milca Bola\u00f1o (Chile), Estudiante,\u00a0 Jacqueline Bonhomme (France), Psychologue Clinicienne-Psychanalyste,\u00a0 Mariette Bonhommeau\u00a0 (France), Enseignante,\u00a0 Admardo Bonif\u00e1cio (Brasil), Psicanalista \/ Professor,\u00a0 Valerie Bonneton (France), Actrice,\u00a0 Cecilia Borlini (Argentina), Empresaria,\u00a0 Narcis Borrat (Spain), Psicoanaliste,\u00a0 Lolita Bosch (Spain), Escritora,\u00a0 Isabelle Bost (France), Chef De Projet,\u00a0 Eric Bothorel (France), Conseiller G\u00e9n\u00e9ral Des C\u00f4tes D&rsquo;Armor,\u00a0 Martine Bottin (France), Psychologue,\u00a0 Annie Boucherie (France), Psychologue,\u00a0 Joseph Bourges (France), Psychologue,\u00a0 Catherine Bousseau (France), Professeur,\u00a0 Fran\u00e7oise Bridon (France), Psychologue,\u00a0 Justine Broca (France), \u00c9ducatrice Sp\u00e9cialis\u00e9e,\u00a0 Natasha Broman (Uk), Child Psychotherapist Trainee,\u00a0 Dan Brown (Great Britain), Copywriter,\u00a0 Janet Brown (Uk), Psychoanalytic Psychotherapist,\u00a0 Fran\u00e7oise Brugnon (France), Psychologue,\u00a0 Mich\u00e8le Brun (France), Professeur De Philosophie,\u00a0 Teresita Bustos (Argentina), Abogada,\u00a0 Laurent Cadiet (France), Psychiatre,\u00a0 Soel Arquidio Calle Castro (Colombia), Psicoanalista, Psicologo, Profesor,\u00a0 Florencia Camara Halac (Argentina), Estudiante,\u00a0 Yves Capus (France), Operateur Du Son,\u00a0 Denise Cardaillac (France), Enseignante Retrait\u00e9e,\u00a0 Ma Neus Cardona (Espanya), Professora,\u00a0 Eliana Bentes Castro (Brasil), Psicanalista Da Amp &#8211; Ebp-Rio,\u00a0 Claudine Castro (France), Psychologue,\u00a0 Corinne Catel (France), Psychologue,\u00a0 Restrepo Gil\u00a0 Cecilia Mar\u00eda (Colombia), Psicologa,\u00a0 Chantal Louise Cellier (France), Psychiatre,\u00a0 Guillermo Cevallos Juarez (Ecuador), Master En Ciencias &#8211; Psicologo Clinico,\u00a0 Matthieu Chalet (France), Berger,\u00a0 No\u00e9mie Chalet (France), Aed,\u00a0 Ang\u00e8le Chanjou (France), Plasticienne,\u00a0 Carlos Chavez (Peru), Psicoanalista En Formaci\u00f3n,\u00a0 Jacques Chevallier (France), Psychologue,\u00a0 Diana Chorne (Argentina), Psicoanalista,\u00a0 Marguerite Marie Chossart (France), Conseillere Professionnelle Psychologue Clinicienne,\u00a0 Mariette Clare (Uk), Psychodynamic Counsellor;\u00a0 Mbacp,\u00a0 St\u00e9phane Clerjaud-Bodocs (France), Professeur De Philosophie,\u00a0 Fran\u00e7ois Cluzet (France), Artiste Dramatique,\u00a0 Roger Conover (Usa), Editor,\u00a0 Adela Coria (Argentina), Pedagoga,\u00a0 Matthieu Cornillie (Belgique), Clinicien,\u00a0 Cristina Coronel (Argentina), Psicoanalista-Lic. En Psicolog\u00eda,\u00a0 Jaime Cort\u00e9s (Colombia), Ingeniero Estudiante De Sicoanalisis,\u00a0 Isabel Costa (Espagne), Professeur D&rsquo;Enseignement Secondaire,\u00a0 Jean-Luc Coudray (France), Ecrivain,\u00a0 Marie-Jeanne Cougnaud (France), Enseignante Sp\u00e9cialis\u00e9e,\u00a0 Agathe Couillaud (France), Employ\u00e9e De Vie Scolaire,\u00a0 Dominique Courr\u00e8ges (France), Assistante,\u00a0 Nathalie Crame (Belgique), Psychologue,\u00a0 Ulises Cuellar (Colombia), Psicologo Asociado Nel Medellin,\u00a0 G\u00e9rard Daniel (France), Directeur Services Educatifs,\u00a0 Desislava Hristova Daskalova (La Bulgarie), Psychologue Et Psychoth\u00e9rapeute,\u00a0 Pascale David (France), Psychologue,\u00a0 Fernando De Amorim (France), Psychanalyste,\u00a0 Fernando De Amorim (France), Psychanalyste,\u00a0 Maria Noemi\u00a0 De Araujo (Br\u00e9sil), Psicanalista. D.E.A.(Paris V), Doctorat(Ufscar),\u00a0 Lucy De Castro (Brasil), M\u00e9dica. Analista Praticante Membro Da Ebp-Bahia E Amp,\u00a0 Caroline De Otero (France), R\u00e9alisatrice,\u00a0 Jacques De Pradines (France), Critique D&rsquo;Art,\u00a0 Jacques\u00a0 De Pradines (France), Critique D&rsquo;Art,\u00a0 Giulietta\u00a0 Del Signore-Dean (United Kindom), Psychotherapist ,\u00a0 Kathleen Delid (Belgique), Psychologue,\u00a0 Paul Delnef (France), Retraite,\u00a0 Roberto Derbez (Mexicio), Psychanaliste,\u00a0 Abdelh-Afid Derdek (France), Psychologue,\u00a0 Colette Desbois (France), Consultante,\u00a0 Lucia Di Fazio (Argentina), Licenciada En Psicolog\u00eda,\u00a0 Abdoulaye Samy Diankha (Belgique), Intervenant Au Courtil,\u00a0 Christine Diard (France), Universitaire,\u00a0 Ana\u00a0 M\u00aa D\u00edaz\u00a0 Alarc\u00f3n (Espa\u00f1a), Maestra,\u00a0 Escritora,\u00a0 Licenciada\u00a0 En\u00a0 Filolog\u00eda\u00a0 Hisp\u00e1nica.,\u00a0 Lucia Graciana Diaz Estigarribia (Argentina), Estudiante De Psicologia,\u00a0 S\u00e9bastien Disdet (France), Psychologue Clinicien,\u00a0 Edgardo Dobry (Espa\u00f1a), Profesor Universidad Barcelona,\u00a0 Catherine Donnet (Belgique), Enseignante,\u00a0 Danielle Dressay-Oliviero (France), Retrait\u00e9e,\u00a0 L\u00e9lia Duarte (Brasil), Professora ,\u00a0 Charles Duringer (France), Informaticien,\u00a0 Matthieu Dusselier (France), Etudiant,\u00a0 Karin Juliane Duvoisin Bulik (Brasil), Psychologue\/Psychanalist &#8211; Master In Psychology,\u00a0 Patricia Edee (France), Sage-Femme,\u00a0 Stephanie Emily (France), Etudiante En Psychologie,\u00a0 Henri Emmanuelli (France), Pr\u00e9sident Conseil G\u00e9n\u00e9ral Et D\u00e9put\u00e9 Des Landes,\u00a0 Ayse Ercetin (Turquie), Psychologue,\u00a0 Aysen Ertur (Turkey), Psychologist,\u00a0 Julia\u00a0 Escobar Parra (Colombia), Psicologa,\u00a0 Luis Francisco Esp\u00edndola Camargo (Brasil), Psicanalista,\u00a0 Martha Espinoza (E.U), Decoradora,\u00a0 Suzana Faria (Brasil), Psicanalista,\u00a0 Nikos Faroupos Faroupos (Greece), Writer,\u00a0 Michelle-Andr\u00e9e Faure (France), Psychologue Clinicienne,\u00a0 Andrea Fenik (Argentina), Psicologa,\u00a0 Maria Bernardete Ferreira De Macedo (Frabce), Sociologue Hors Statut,\u00a0 Jeanne Fouilleul-Daniel (France), Assistante Sociale,\u00a0 Philippe Fournier (France), Psychiatre,\u00a0 Florence Frachon (France), Psychologue Clinicienne,\u00a0 Danielle Frank (Belgium), Enseignante,\u00a0 Lestien Frederic (France), Enseignant,\u00a0 Philippe Fr\u00e9dou (France), Psychologue Clinicien,\u00a0 Sylvie Freulon (France), Sans Profession,\u00a0 Thierry Froger (France), Psychologue,\u00a0 Nina Fruchard (France), Psychologue,\u00a0 Jean-Michel Fruchet (France), Infirmier D-E,\u00a0 Paulo Gabrielli (Brasil), M\u00e9decin,\u00a0 Dominique Gaillard (France), Product Manager,\u00a0 Victor Ganivet (France), Ingenieur,\u00a0 Presen Garcia (Espa\u00f1a), Profesora,\u00a0 Roselyne Gilabert (France), \u00c9ducatrice Sp\u00e9cialis\u00e9e,\u00a0 Sebastian Godlewski (Poland), Psychiatrist,\u00a0 Mahin Golbandi-Nazif (United Kingdom), Psychoanalytic Psychotherapist,\u00a0 Cruz Elena G\u00f3mez Giraldo (Colombia), Psic\u00f3loga,\u00a0 Pilar Gonz\u00e1lez Martinez (Espa\u00f1a), Psicoanalista, Profesora Universidad,\u00a0 Carmen Gonz\u00e1lez T\u00e1boas (Argentina), Psicoanalista,\u00a0 Mar\u00eda Antonia\u00a0 Gonz\u00e1lez Toquero (Espa\u00f1a), Auxiliar De Clinica,\u00a0 Fran\u00e7oise Goujon (France), Psychologue,\u00a0 Annette Gouzou (Belgique), Psychiatre,\u00a0 Joel Grailard (France), Retrait\u00e9,\u00a0 Pascal Grandjeat (France ), Drh,\u00a0 Marie Christine Grange (France), Psychologue,\u00a0 Graziela Domini Peixoto Grazi (Brasil), Psic\u00f3loga,\u00a0 Nathalie Gueit (France), Psychologue,\u00a0 Michel Guilard (France), Magasinier ,\u00a0 Justine Guillet (Belgique), Psychologue,\u00a0 Burcu Gursel (Turquie), Academique,\u00a0 Rosalba Guzm\u00e1n Soriano (Bolivia ), Psic\u00f3loga &#8211; Psicoanalista Practicante,\u00a0 Alice Ha Pham (France), Psychologue,\u00a0 Deirdre Haslam (United Kingdom), Psychotherapist,\u00a0 Pierre Hattermann (France), Psychologue,\u00a0 Karoline Heeren (Belgique), Psychologue &#8211; Psychoth\u00e9rapeute,\u00a0 Christine Henrotay (Belgique), Enseignante,\u00a0 Yvon &amp; St\u00e9phanie Hody Langohr (Belgique), Pensionn\u00e9s,\u00a0 Tomas Miguel Hoffmann (Argentino), M\u00e9dico,\u00a0 Romina Hornus (Argentina), Psicologa,\u00a0 Gilles Huguet (France), Photographe Reporter ,\u00a0 Christiane Hummel (France), S\u00e9nateur Du Var, Maire De La Valette Du Var,\u00a0 Tim Huntley (Uk), Research Student,\u00a0 Elizabeth Iba\u00f1ez (Argentina), Estudiante De Psicologia,\u00a0 Yves Jab\u00e9 (Belgique), Enseignant,\u00a0 Claudine Jaccaud (Mexique), Psychanalyste,\u00a0 Dominique Jacquart (France), Psychologue,\u00a0 Jean-Claude Jacquinet (France), Conseiller Technique Formateur,\u00a0 Edwin Gonzalo Jijena Dur\u00e1n (Bolivia), Psic\u00f3logo,\u00a0 Michael Jimenez (Usa), Admissions Associate,\u00a0 Dina Joubrel (France), Psychiatre ,\u00a0 Yves Jouzel (France), Psychologue,\u00a0 Danielle Juhel D&rsquo;Auteuil (France), Professeure De Lettres Et D&rsquo;Histoire,\u00a0 Dasten Juli\u00e1n (Alemania), Soci\u00f3logo,\u00a0 Leslie Kamphausen (Germany), School Counselor,\u00a0 Claude Kergourlay (France), Th\u00e9rapeute\/Formateur,\u00a0 Libby Kerr (United Kingdom), Psychotherapist,\u00a0 Yolande Kervella (France ), Educatrice Spesialisee,\u00a0 Jerome Kieffer (France), Psychanalyste,\u00a0 Richard Klein (Uk), Psychoanalysis\/Medicine,\u00a0 Sally Kleinkopf (Chile), Psychologist,\u00a0 Jacqueline Koll (France), Psychomotricienne,\u00a0 Isabelle Kose (France), Psychologue,\u00a0 Denis Sfr Krieger (France), Psychiatre ,\u00a0 Bogdan Kusnierek (Belgique), \u00c9ducateur &#8211; Intervenant,\u00a0 Mathias Labelle (France), Etudiant,\u00a0 Nicole Labernede (France), Retrait\u00e9e,\u00a0 Laurence Labouche (Belgium), Psychologue,\u00a0 Marie-France Lacarce (France), Retrait\u00e9e,\u00a0 Maribel Lafuente (Spain), Teacher-Master Of Arts,\u00a0 Guy Laloire (Belgium), Psychanalyste,\u00a0 Mariasun Landa Lizarralde (Espa\u00f1a), M\u00e9dico Psiquiatra.Psicoanalista.Jefe Clinico Del Hospital Oncologico De San Sebastian,\u00a0 Vanessa Lannuzel (France), Psychologue,\u00a0 Jos\u00e9\u00a0 Lasa Ochoteco (Espa\u00f1a), Psic\u00f3logo,\u00a0 Catherine Lavry (Catherine), Psychologue,\u00a0 Sophie Lazard (Belgique), Assistante Sociale,\u00a0 Michelle Lecomte (France), Psychologue,\u00a0 Gr\u00e9gory Leduc (France), Educateur,\u00a0 Tristan Legagneur (France), Chef De Bar,\u00a0 Brigitte Lehaque (France), Psychologue Clinicienne,\u00a0 Odile Lemarquand (France), Psychologue,\u00a0 Josiane Lenart (France), Vdi,\u00a0 Nathalie Lequeux (Belgique), Coordinatrice D&rsquo;Une \u00c9cole Des Devoirs,\u00a0 Lucas Leserre (Argentina), Psic\u00f3logo,\u00a0 Carolina\u00a0 Long (Brasil), Estudante,\u00a0 Miguel Lopera (Colombia), Psic\u00f3logo-Psicoanalista En Formaci\u00f3n,\u00a0 Tess Losada (Usa), Etudiant,\u00a0 Doroth\u00e9e Luca (Belgique), Ergoth\u00e9rapeute,\u00a0 Pascal Lucion (Belgique), Conseiller Conjugal Et Famililal,\u00a0 Helton Magalh\u00e3es Da Cruz (Brasil), Administrador De Empresas,\u00a0 \u03a4hemistocles Magriotis (Usa), Music Conductor,\u00a0 Luismari Makazaga (Euskadi), Ebanista,\u00a0 Francoise Malbet (France), Educatrice,\u00a0 Fran\u00e7oise Malbet (France), Educatrice Specialisee,\u00a0 Carla Manzano Perez (Espa\u00f1a), Estudiante De Psicolog\u00eda En Argentina,\u00a0 Gabrielle Marie (Nantes), Psychologue,\u00a0 I\u00f1aki Marion I Moron (Suisse), M\u00e9decin,\u00a0 Mezzetti Massimo (Modena\/Italy), Assessore Regionale,\u00a0 Jos\u00e9 Ernesto Matusevich (Argentina), Medico,\u00a0 Anie Melka (France), Ma\u00eetre De Conf\u00e9rence De Math\u00e9matiques,\u00a0 Emmanuel Mello (Brasil), Psic\u00f3logo &#8211; Mestre Em Filosofia,\u00a0 Elisabeth Mercier-Fournier (France), Psychologue Psychanalyste,\u00a0 Joelle Messud (France), Psychologue Et Ccf,\u00a0 V\u00e9ronique\u00a0 Meunier-Beauvilain (France), Educatrice Clinicienne,\u00a0 Jean-Beno\u00eet Meybeck (France), Fraphiste,\u00a0 Monique Michaud (France), Professeur Retrait\u00e9e De L&rsquo;Education Natonale,\u00a0 Fran\u00e7oise Micheau (France), Professeur Des Universit\u00e9s,\u00a0 Jacques Michel (France), Ancien Directeur D&rsquo;Itep,\u00a0 Jesica Soledad Milio (Argentina), Psicologa,\u00a0 Dimitrova Mimoza (Bulgarie), Psychologist,Psuchanalyste, \u00a0Edwige Monod (France), Psychanalyste,\u00a0 Isabelle Montourcy (France), Inspectrice Des Finances Publiques,\u00a0 Monica Mooney (Argentina), Empleado Judicial,\u00a0 Ana Patr\u00edcia Morais (Brasil), Psic\u00f3loga,\u00a0 Lucia Morales (Argentina), Estudiante,\u00a0 Laurence Morel (France), Psychologue,\u00a0 Marie Morelle (Belgium), Nurse,\u00a0 Alberto Moreno Crosignani (Uruguay), Psicologo &#8211; Psicoanalista,\u00a0 Terry Morin (Uk), Psychotherapist,\u00a0 Katrien Mortier (Belgi\u00eb), Leerkracht ,\u00a0 Yves Moulet (France), Professeur De Lettres,\u00a0 Silvia Munetones (Colombia), Psicoanalista,\u00a0 Faussier Muriel (France), Coach,\u00a0 Rocuet Murielle (France), Psychologue,\u00a0 Federico Musacchio (Argentina), Medico Psiquiatra,\u00a0 Briand Nadine (France), Sans Importance,\u00a0 Agustina Nalli (Argentina), Estudiante,\u00a0 Katherine Narvaez (Argentina), Psicologa ,\u00a0 Florencia Natali (Argentina), Estudiante De Psicolog\u00eda,\u00a0 Balta\u00a0 Navarro (Spain), Writter,\u00a0 Carmen Navarro-Nino (Eeuu), Analyst,\u00a0 Julio Navrro Arana (France), Consul De L&rsquo;Uruguay A Toulouse,\u00a0 Monica Nezan (Br\u00e9sil), Psychanalyste &#8211; \u00ab\u00a0Institui\u00e7\u00e3o Lugar De Vida\u00a0\u00bb S\u00e3o Paulo,\u00a0 Eunice Rodrigues Miolla Nicinha (Brasil), Psicologa,\u00a0 Micaela Nicolau (Argentina), Lic. En Psicolog\u00eda,\u00a0 Joel Oswaldo Ninahuanca Martinez (Peru), Psicologo,\u00a0 Josette Nokin (Belgium), Retired European Civil Servant,\u00a0 Jozilene Ivete Oliveira (Brasil), Professora De Literatura,\u00a0 Agustina Olivera (Argentina), Estudiante De Psicologia,\u00a0 Jaime Ortega (Espa\u00f1a), Inform\u00e1tico,\u00a0 Elena Otero Vald\u00e9s (Per\u00fa), Compositora,\u00a0 St\u00e9phanie\u00a0 Parfait (France), Psychologue Clinicienne- Psychanalyste,\u00a0 F\u00e9lie Pastorello-Boidi (Fr), Ma\u00eetre De Conf\u00e9rence\u00a0 De Litt\u00e9rature Compar\u00e9e,\u00a0 Diana Paulozky (Argentina), Psicoanalista. Directora Del Area De Cultura Eol Cba.\u00a0 ,\u00a0 Mariana Pecchio (Argentina), Licenciada En Psicolog\u00eda,\u00a0 Micka\u00ebl Peoc&rsquo;H (France), Psychologue,\u00a0 Vincent Pequignot (Belgique), Psychiatre,\u00a0 Orlando Pereira (England), Counsellor,\u00a0 Filipe Pereirinha (Portugal), Professeur, Membre De L&rsquo;Acf Portugal,\u00a0 Gustavo Perelsztein (Argentina), Contador P\u00fablico,\u00a0 Catherine P\u00e9renn\u00e8s (France), Assistante Maternelle,\u00a0 Andree Perroux Duprat (France), Retrait\u00e9e,\u00a0 Patrick Petel (France), Psychologue,\u00a0 Eric Pierre (France), \u00c9crivain, Juriste, Psychanalyste,\u00a0 Jorge Pimenta Filho (Brasil), Soci\u00f3logo\/Psicanalista, Membro Da Ebp\/Amp,\u00a0 Agnieszka Piotrowska (United Kingdom), Filmmaker\/Academic,\u00a0 Marie-Agn\u00e8s Piroche (France), Psychologue Clinicienne,\u00a0 Philippe Planet (France), V.R.P. Multicartes,\u00a0 Stephen Platz (United States), Web Developer,\u00a0 Pauline Poisson (France), Psychologue Clinicienne,\u00a0 Catherine Pottier (France), Orthophoniste,\u00a0 Sheila Power (Ireland), Psychoanalyst,\u00a0 Janine Prevost-Bour\u00e9 (France), Cadre De Sant\u00e9 \u00c0 La Retraite,\u00a0 Fr\u00e9d\u00e9ric Py (France), Educateur Sp\u00e9cialis\u00e9,\u00a0 Ellie Ragland (Usa), Psychoanalyst, Writer, Professor,\u00a0 Isabelle Rasseaux (Belgique), Educatrice,\u00a0 Georges Renette (Belgique), Psychoth\u00e9rapeute,\u00a0 Yvonne Resseler (Belgique), Retrait\u00e9e,\u00a0 Jean-Pierre Ricard (France), Archev\u00eaque De Bordeaux,\u00a0 Marie Rieu (France), Economiste,\u00a0 Almut Rilk (Germany), Teacher,\u00a0 Aline Rios Passagem (France), Professeur Arts Plastiques,\u00a0 Carla Estefania Rizzoli (Argentina), Estudiante A Punto De Graduarme De Lic En Psicologia En La Universidad Nacional De Cordoba Argentina,\u00a0 Jimmy Robert (Belgium), Artiste,\u00a0 Maite Rodigou (Argentina), Psic\u00f3loga. Docente E Investigadora Universitaria,\u00a0 Catherine Roex (Belgique), Psychananalyste,\u00a0 Marcel Rogemont (France), D\u00e9put\u00e9 Ille Et Vilaine,\u00a0 Helene Rogier (France), Psychiatre,\u00a0 Lidia Romero (Argentina), Psicoanalista,\u00a0 Mar\u00eda Jos\u00e9 Ros (Spain), Comerciant,\u00a0 Romina Rossi (Argentina), Lic En Psicologpia,\u00a0 Juliana\u00a0 Rossi (Argentina), Contador Publico,\u00a0 Anne Rousseau (France), \u00c9tudiante,\u00a0 Helene Rousseau (France), Pu\u00e9ricultrice,\u00a0 Pascale Rousseau-Dewambrechies (France), R\u00e9dactrice Blog Cin\u00e9 Bordeaux Gironde,\u00a0 Martine Rouz\u00e9 L&rsquo;Alzit (France), Psychologue Clinicienne,\u00a0 Nicol\u00e1s Ruiz Yacuzzi (Argentina), Estudiante,\u00a0 Yannick Sabouret (France), Psychologue Clinicien,\u00a0 Eduardo Sahi (Argentina), Operario,\u00a0 Gloria Cecilia\u00a0 Saldarriaga Alzate (Colombia), Licenciada En Educaci\u00f3n,\u00a0 Yamina Salem (France), Psychologue Psychanalyste,\u00a0 Carime Griselda Salom\u00f3n Plans (Bolivia), Psicologa,\u00a0 L\u00edlia\u00a0 Sampaio (Brasil), Psic\u00f3loga,\u00a0 Didier\u00a0 Samson (France), Enseignant,\u00a0 Iv\u00e1n Sandoval\u00a0 (Ecuador), M\u00e9dico Psiquiatra,\u00a0 Lise Schild-Paccaud (Suisse), Psychanalyste,\u00a0 Emmanuel Schumacher (France), Educateur Sp\u00e9cialis\u00e9,\u00a0 Jacqueline Schwarz (France), Psychologue ,\u00a0 Dominique Schweizer (Suisse), Pianiste Et Organiste,\u00a0 Christopher Sealey (Grande-Bretagne), Etudiant,\u00a0 Ren\u00e9 Seiller (France), Formateur,\u00a0 Silvia Sesa (Argentina), Psicologa,\u00a0 Fotis Siatitsas (Grece), Traducteur,\u00a0 No\u00e8le Silie (France), Ma\u00eetre De Conf\u00e9rences,\u00a0 Cristina Duba Silveira (Brasil), Psychanalyste,\u00a0 Alain Simon (France), Directeur,\u00a0\u00a0 Trinidad Simon Mac\u00edas (Espa\u00f1a), Psicoanalista,\u00a0 Erna Smeets (United States Of America), Psychoanalyst,\u00a0 Roger Smith (Usa), Professor Of Political Science,\u00a0 Bahram Soltani (France), Enseignant,\u00a0 Maria Spanou (Greece), Social Worker-Sociologist,\u00a0 Gabriela Spina (Argentina), Lic. En Psicolog\u00eda,\u00a0 Stella Steletari (Greece), Psychologist,\u00a0 Navas St\u00e9phanie (France), Psychologue Clinicienne,\u00a0 Audrey Suarez Alvarado (Venezuela), Lic En Psicologia,\u00a0 Vanessa Sudreau (France), Psychanalyste, Psychologue,\u00a0 Liliane Taneur (France), Psychologue,\u00a0 Emilia\u00a0 Tarquini (France), Psychologue Clinicienne,\u00a0 Alessandra Tavazzani (Italy), Secretaire Slp Milano,\u00a0 David Teetaert (Belgique), Coordinateur D&rsquo;Une Institution Des Jeunes,\u00a0 Dominique Tercier (Suisse), Psychiatre,\u00a0 Gaelle Terrien (France), Psychologue Clinicienne,\u00a0 Fabien Thier (France), Psychologue,\u00a0 Brigitte Thual (France), Chef De Service \u00c9ducatif,\u00a0 Mar\u00eda Jos\u00e9 Timossi (Argentina), Estudiante,\u00a0 Mariana Torres (Argentina), Psic\u00f2loga,\u00a0 Elena Torres (Argentina), M\u00e9dica Psiquiatra,\u00a0 Ana Maria Tosti (Argentina), Empleada &#8211; Estudiante De Psicologia,\u00a0 Jean-Charles Troadec (France), Pychologue,\u00a0 Argyris Tsakos (Greece), Psychologist,\u00a0 Clo Tulet (France), Enseignante,\u00a0 Catherine\u00a0 Turner Dauncey (England), Psychotherapist,\u00a0 Maria Grazia Turri (United Kingdom), Psychotherapist And Psychiatrist,\u00a0 Annick Van Den Poel (Belgique ), Psychologue,\u00a0 Frans Van Dun (Canada), Enseignant Retrait\u00e9,\u00a0 Claire Van Gheluwe (Belgium), Alphab\u00e9tiseuse Pour Adultes Et Ados,\u00a0 Steven Vanden Broecke (Belgium), Senior Lecturer, History,\u00a0 M\u00f3nica V\u00e1squez (Per\u00fa), Psic\u00f3loga,\u00a0 Maria Ved (Argentina), Secretaria,\u00a0 Alberto Vega (Espa\u00f1a), Ingeniero,\u00a0 Silvia\u00a0 Velazquez (Argentina), Psic\u00f3loga Psicoanalista Infantil,\u00a0 Marina Veneka (Greece), Psychology Student (Lacanian Theory) &#8211; English Teacher &#8211; Writer,\u00a0 Juliana Veras (Brasil), Sociologue Et Avocate,\u00a0 Ma Verv (Belgique), Etudiante,\u00a0 John Vervecken (Belgique), Psychoth\u00e9rapeute,\u00a0 Barbara\u00a0 Veyri (France), Orthophoniste,\u00a0 Marie Veyssiere (France), Psychologue,\u00a0 I\u00f1aki Viar (Espa\u00f1a), Psiquiatra \/ Psicoanalista,\u00a0 Sarah Viennot (Sarah), Comedienne,\u00a0 Monique Viguier Cocordan (France), Psychologue,\u00a0 Ignacio Jose Villaplana Saval (Espa\u00f1a), Psiquiatra-Psicoanalista,\u00a0 Celeste Vi\u00f1al (Argentina), Psicoanalista,\u00a0 Liliana Raquel Visser (Argentina), Psicoanalista-Lic En Psicologia,\u00a0 Angela Vitale (Argentina), Psicologa,\u00a0 Yophi Wejasu (West Papua), Human Rights Activists,\u00a0 Sarah Willems (Belgique), Doctorante &#8211; Assistante \u00c0 L&rsquo;Universit\u00e9 De Gand,\u00a0 Mary Williams (Great Britain), Counsellor\/Therapist,\u00a0 John Wren (England), Group Analytic Psychotherapist,\u00a0 M\u00f3nica Yepes (Colombia), Psic\u00f3loga,\u00a0 Luca Zanardi (Italia), Operatore Computer,\u00a0 Karina Zapata Suarez (Chile), Psicoanalista Formada En Paris 8,\u00a0 Samuel\u00a0 Zaroukian (France), Artiste\/Musicien,\u00a0 Svetlana Zasova (France), Juristes,\u00a0 Uberto Zuccardi (Italia), Psicoanalista<\/p>\n<p>&nbsp;<\/p>\n<p align=\"center\"><span style=\"color: #ff0000;\"><strong>Pour signer l\u2019Appel \u00ab\u00a0Lib\u00e9rez RAFAH\u00a0! Du Raffut pour Rafah\u00a0!\u00a0\u00bb, cliquer sur le lien\u00a0:\u00a0\u00a0\u00a0\u00a0\u00a0\u00a0\u00a0\u00a0 <\/strong><strong><\/strong><\/span><\/p>\n<p align=\"center\"><span style=\"color: #ff0000;\"><strong>\u00a0\u00a0 <a href=\"..\/Appelpourrafah\"><span style=\"color: #ff0000;\">http:\/\/www.lacanquotidien.fr\/blog\/Appelpourrafah<\/span><\/a>\u00a0 \u00a0\u00a0\u00a0<\/strong><\/span><\/p>\n","protected":false},"excerpt":{"rendered":"<p>Au 11\/11\/2011, 4400 signatures ont \u00e9t\u00e9 recueillies pour\u00a0l&rsquo;appel\u00a0\u00ab\u00a0Lib\u00e9rez Rafah ! Du raffut pour Rafah !\u00a0\u00bb,\u00a0lanc\u00e9 par J-A.Miller, 4000 mails adress\u00e9s \u00e0\u00a0<a href=\"mailto:rafah.navarin@gmail.com\">rafah.navarin@<\/a>\u00a0(adresse cr\u00e9\u00e9e d\u00e8s le 13 septembre et utilis\u00e9e avant l&rsquo;ouverture du site Lacan Quotidien) et\u00a0400 signatures via la p\u00e9tition d\u00e9sormais sur le site Lacan Quotidien D\u00e9j\u00e0 deux mois que Rafah Nached a \u00e9t\u00e9 arr\u00eat\u00e9e [&#8230;]<\/p>\n","protected":false},"author":9,"featured_media":3730,"comment_status":"closed","ping_status":"closed","sticky":false,"template":"","format":"standard","meta":{"_monsterinsights_skip_tracking":false,"_monsterinsights_sitenote_active":false,"_monsterinsights_sitenote_note":"","_monsterinsights_sitenote_category":0,"footnotes":""},"categories":[8,562,231],"tags":[53,35,34,727,726],"class_list":["post-3729","post","type-post","status-publish","format-standard","has-post-thumbnail","hentry","category-espanol","category-italiano","category-rafah","tag-liberation","tag-petition","tag-rafah-nached","tag-raffut","tag-signataires"],"_links":{"self":[{"href":"https:\/\/lacanquotidien.fr\/blog\/wp-json\/wp\/v2\/posts\/3729","targetHints":{"allow":["GET"]}}],"collection":[{"href":"https:\/\/lacanquotidien.fr\/blog\/wp-json\/wp\/v2\/posts"}],"about":[{"href":"https:\/\/lacanquotidien.fr\/blog\/wp-json\/wp\/v2\/types\/post"}],"author":[{"embeddable":true,"href":"https:\/\/lacanquotidien.fr\/blog\/wp-json\/wp\/v2\/users\/9"}],"replies":[{"embeddable":true,"href":"https:\/\/lacanquotidien.fr\/blog\/wp-json\/wp\/v2\/comments?post=3729"}],"version-history":[{"count":37,"href":"https:\/\/lacanquotidien.fr\/blog\/wp-json\/wp\/v2\/posts\/3729\/revisions"}],"predecessor-version":[{"id":6255,"href":"https:\/\/lacanquotidien.fr\/blog\/wp-json\/wp\/v2\/posts\/3729\/revisions\/6255"}],"wp:featuredmedia":[{"embeddable":true,"href":"https:\/\/lacanquotidien.fr\/blog\/wp-json\/wp\/v2\/media\/3730"}],"wp:attachment":[{"href":"https:\/\/lacanquotidien.fr\/blog\/wp-json\/wp\/v2\/media?parent=3729"}],"wp:term":[{"taxonomy":"category","embeddable":true,"href":"https:\/\/lacanquotidien.fr\/blog\/wp-json\/wp\/v2\/categories?post=3729"},{"taxonomy":"post_tag","embeddable":true,"href":"https:\/\/lacanquotidien.fr\/blog\/wp-json\/wp\/v2\/tags?post=3729"}],"curies":[{"name":"wp","href":"https:\/\/api.w.org\/{rel}","templated":true}]}}