{"id":3956,"date":"2011-10-31T19:17:41","date_gmt":"2011-10-31T18:17:41","guid":{"rendered":"http:\/\/www.lacanquotidien.fr\/blog\/?p=3956"},"modified":"2015-07-27T00:18:51","modified_gmt":"2015-07-26T22:18:51","slug":"linstitut-psychanalytique-de-lenfant-diffuse-le-second-numero-de-sa-newsletter-les-news-2","status":"publish","type":"post","link":"https:\/\/lacanquotidien.fr\/blog\/2011\/10\/linstitut-psychanalytique-de-lenfant-diffuse-le-second-numero-de-sa-newsletter-les-news-2\/","title":{"rendered":"L&rsquo;Institut psychanalytique de l&rsquo;Enfant diffuse le second num\u00e9ro de sa newsletter, LES NEWS 2"},"content":{"rendered":"<p><strong>\u00a0<span style=\"color: #0000ff;\">AU SOMMAIRE<\/span> :<!--more--><\/strong><\/p>\n<p style=\"text-align: justify;\">\u25aa <span style=\"color: #0000ff;\"><strong>Les galops de la petite Girafe<\/strong><\/span>, qui rappellent <span style=\"color: #0000ff;\"><strong><a href=\"..\/category\/petitegirafe\/\"><span style=\"color: #0000ff;\">la rubrique Petite Girafe de Lacan Q<\/span><\/a>uotidien<\/strong><\/span>, ainsi que la parution du premier volume de la collection, chez Navarin, <em>Peurs d&rsquo;enfants.<\/em><\/p>\n<p style=\"text-align: justify;\"><em>\u25aa <\/em><span style=\"color: #0000ff;\"><strong>Dans la rubrique \u00ab\u00a0Combats\/D\u00e9bats\u00a0\u00bb<\/strong><\/span>, deux textes de <strong>Marie-Jos\u00e9e Raybaud<\/strong> et <strong>Alain Courbis<\/strong> explorent l&rsquo;int\u00e9r\u00eat des pouvoirs publics pour la d\u00e9linquance des mineurs et l&rsquo;\u00e9valuation en milieu scolaire.<\/p>\n<p style=\"text-align: justify;\">\u25aa <span style=\"color: #0000ff;\"><strong>La rubrique \u00ab\u00a0Champ psy\u00a0\u00bb<\/strong><\/span> ouvre le d\u00e9bat sur les \u00ab\u00a0dys\u00a0\u00bb, dyslexie, dyspraxie, dyscalculie etc. qui sont de plus en plus promues comme \u00ab\u00a0troubles des fonctions\u00a0\u00bb, gr\u00e2ce \u00e0 un travail de <strong>Fr\u00e9d\u00e9rique Bouvet.<\/strong><\/p>\n<p style=\"text-align: justify;\">\u25aa <span style=\"color: #0000ff;\"><strong>Notre \u00ab\u00a0Action lacanienne\u00a0\u00bb<\/strong><\/span> recueille l&rsquo;exp\u00e9rience des Centre Psychanalytiques de Consultation et de Traitement, et des institutions qui en sont issues. <strong>Yasmine Grasser<\/strong> pr\u00e9sente la rubrique et <strong>Nathalie Menier<\/strong> l&rsquo;association \u00ab\u00a0ParADOxes\u00a0\u00bb.<\/p>\n<p style=\"text-align: justify;\">\u25aa <strong>Laura Sokolowsky<\/strong> nous propose un premier texte sur<span style=\"color: #0000ff;\"> <strong>nos \u00ab\u00a0r\u00e9f\u00e9rences\u00a0\u00bb<\/strong><\/span> concernant la question de l&rsquo;\u00e9ducation ; <strong>Dominique Fabre-Gaudry<\/strong> et <strong>Nathalie Georges-Lambrichs<\/strong> pr\u00e9sentent la <span style=\"color: #0000ff;\"><strong>rubrique \u00ab\u00a0Livres <em>Fiction<\/em>\u00ab\u00a0<\/strong><\/span> dont elles ont la charge, et donnent l&rsquo;exemple avec un premier commentaire d&rsquo;ouvrage, suivies par <strong>Adela Bande-Alcantud<\/strong> qui commence son exploration de la presse concernant les enfants.<\/p>\n<p style=\"text-align: justify;\">\u25aa Enfin <span style=\"color: #0000ff;\"><strong>notre rubrique \u00ab\u00a0Clinique\u00a0\u00bb<\/strong><\/span> recueille un texte de <strong>Mich\u00e8le Morani<\/strong> et <strong>Fran\u00e7ois Bony<\/strong>, \u00e0 partir d&rsquo;un travail pr\u00e9sent\u00e9 et discut\u00e9 lors d&rsquo;une journ\u00e9e commune CIEN-CEREDA \u00e0 Nice, et un texte de <strong>Sophie Legoff<\/strong> \u00e0 propos d&rsquo;un jeune homme accueilli au Courtil, institution du RI3.<\/p>\n<p style=\"text-align: center;\" align=\"center\"><strong><span style=\"color: #ff0000;\">TOUTES CES RUBRIQUES SONT SUR LE SITE DE L&rsquo;INSTITUT DE L&rsquo;ENFANT, DANS LA CADRE DE L&rsquo;UNIVERSIT\u00c9<\/span> <span style=\"color: #ff0000;\">POPULAIRE JACQUES-LACAN<\/span><\/strong><\/p>\n<p align=\"center\"><strong><a href=\"http:\/\/www.lacan-universite.fr\/\" target=\"_blank\">www.lacan-universite.fr<\/a><\/strong><\/p>\n<p align=\"center\"><strong>SUR LEQUEL IL EST POSSIBLE DE S&rsquo;INSCRIRE \u00c0 LA NEWSLETTER<\/strong><\/p>\n<p align=\"center\">(onglet \u00ab\u00a0Institut de l&rsquo;enfant\u00a0\u00bb, rubrique \u00ab\u00a0Newsletter\u00a0\u00bb).\u00a0\u00bb<\/p>\n<p><span style=\"color: #0000ff;\">\u00a0<strong><span style=\"text-decoration: underline;\">La Commission d&rsquo;initiative<\/span><\/strong><\/span><strong><span style=\"color: #0000ff;\"> :<\/span> <span style=\"color: #ff0000;\">Judith Miller, Jean-Robert Rabanel, Daniel Roy, Alexandre Stevens<\/span><\/strong><\/p>\n","protected":false},"excerpt":{"rendered":"<p>\u00a0AU SOMMAIRE :<\/p>\n","protected":false},"author":9,"featured_media":3962,"comment_status":"closed","ping_status":"closed","sticky":false,"template":"","format":"standard","meta":{"_monsterinsights_skip_tracking":false,"_monsterinsights_sitenote_active":false,"_monsterinsights_sitenote_note":"","_monsterinsights_sitenote_category":0,"footnotes":""},"categories":[13],"tags":[331,650,651],"class_list":["post-3956","post","type-post","status-publish","format-standard","has-post-thumbnail","hentry","category-petitegirafe","tag-daniel-roy","tag-linstitut-psychanalytique-de-lenfant","tag-news-2"],"_links":{"self":[{"href":"https:\/\/lacanquotidien.fr\/blog\/wp-json\/wp\/v2\/posts\/3956","targetHints":{"allow":["GET"]}}],"collection":[{"href":"https:\/\/lacanquotidien.fr\/blog\/wp-json\/wp\/v2\/posts"}],"about":[{"href":"https:\/\/lacanquotidien.fr\/blog\/wp-json\/wp\/v2\/types\/post"}],"author":[{"embeddable":true,"href":"https:\/\/lacanquotidien.fr\/blog\/wp-json\/wp\/v2\/users\/9"}],"replies":[{"embeddable":true,"href":"https:\/\/lacanquotidien.fr\/blog\/wp-json\/wp\/v2\/comments?post=3956"}],"version-history":[{"count":7,"href":"https:\/\/lacanquotidien.fr\/blog\/wp-json\/wp\/v2\/posts\/3956\/revisions"}],"predecessor-version":[{"id":15626,"href":"https:\/\/lacanquotidien.fr\/blog\/wp-json\/wp\/v2\/posts\/3956\/revisions\/15626"}],"wp:featuredmedia":[{"embeddable":true,"href":"https:\/\/lacanquotidien.fr\/blog\/wp-json\/wp\/v2\/media\/3962"}],"wp:attachment":[{"href":"https:\/\/lacanquotidien.fr\/blog\/wp-json\/wp\/v2\/media?parent=3956"}],"wp:term":[{"taxonomy":"category","embeddable":true,"href":"https:\/\/lacanquotidien.fr\/blog\/wp-json\/wp\/v2\/categories?post=3956"},{"taxonomy":"post_tag","embeddable":true,"href":"https:\/\/lacanquotidien.fr\/blog\/wp-json\/wp\/v2\/tags?post=3956"}],"curies":[{"name":"wp","href":"https:\/\/api.w.org\/{rel}","templated":true}]}}