{"id":3982,"date":"2011-10-31T21:28:45","date_gmt":"2011-10-31T20:28:45","guid":{"rendered":"http:\/\/www.lacanquotidien.fr\/blog\/?p=3982"},"modified":"2011-11-02T18:45:59","modified_gmt":"2011-11-02T17:45:59","slug":"marie-pierre-jaury-l%e2%80%99enfance-sous-controle-au-cinema-la-cle-paris-le-16-novembre-a-20h","status":"publish","type":"post","link":"https:\/\/lacanquotidien.fr\/blog\/2011\/10\/marie-pierre-jaury-l%e2%80%99enfance-sous-controle-au-cinema-la-cle-paris-le-16-novembre-a-20h\/","title":{"rendered":"Marie-Pierre Jaury, L\u2019enfance sous contr\u00f4le, au Cin\u00e9ma la Cl\u00e9 (Paris), le 16 novembre \u00e0 20h"},"content":{"rendered":"<p style=\"text-align: justify;\"><strong><span style=\"color: #000000;\"><!--more-->A point nomm\u00e9<\/span><\/strong><br \/>\n<strong><span style=\"color: #000000;\"> Au Cin\u00e9ma la Cl\u00e9, 32, rue Daubenton, 75005 Paris<\/span><\/strong><br \/>\n<strong>16 novembre \u00e0 20h de Marie-Pierre Jaury &#8211; Documentaire, France, Canada, 2009, 52 mn<br \/>\n<\/strong><br \/>\nDurant la d\u00e9cade \u00a0du 11 au 20 novembre, <strong><span style=\"color: #0000ff;\">le groupe Attac<\/span><\/strong> [Pour consulter le programme, cliquez sur ce lien :<a href=\"http:\/\/www.lacanquotidien.fr\/blog\/wp-content\/uploads\/2011\/10\/ProgrammeATTAC-2011.pdf\">ProgrammeATTAC-2011<\/a> ] consacre un <strong><span style=\"color: #ff0000;\">Festival \u00e0 \u201cLa fabrique de la peur \u201c<\/span><\/strong> \u00a0\u00e0 partir d\u2019une s\u00e9rie de projections et de d\u00e9bats. \u00a0Nous pensons que nous avons \u00e0 participer \u00a0au moins \u00e0 la soir\u00e9e du\u00a0<strong><\/strong><strong>16 novembre<\/strong>\u00a0 pour faire conna\u00eetre comment l\u2019Institut psychanalytique de l\u2019enfant cerne l\u2019exp\u00e9rience de cette intrusion ,chez l\u2019enfant, \u00e0 partir de ce qu\u2019il en dit, quand l\u2019occasion lui est offerte d\u2019en parler. \u00a0 C\u2019est en effet un temps o\u00f9 nous pourrons faire conna\u00eetre le premier volume de la <span style=\"color: #000000;\"><strong>Collection \u201cPetite Girafe\u201d aux \u00a0\u00e9ditions Navarin, <\/strong><\/span><em><span style=\"color: #000000;\"><strong>Peurs d\u2019enfants.<\/strong><\/span><\/em><\/p>\n<p style=\"text-align: justify;\"><em><span style=\"color: #000000;\"><strong><a href=\"http:\/\/www.lacanquotidien.fr\/blog\/wp-content\/uploads\/2011\/10\/La-petite-Girafe-Peurs-denfant.jpg\"><img loading=\"lazy\" decoding=\"async\" class=\"alignnone size-thumbnail wp-image-3983\" title=\"La petite Girafe Peurs d'enfant\" src=\"http:\/\/www.lacanquotidien.fr\/blog\/wp-content\/uploads\/2011\/10\/La-petite-Girafe-Peurs-denfant-106x150.jpg\" alt=\"\" width=\"106\" height=\"150\" \/><\/a><\/strong><\/span><br \/>\n<\/em><strong><span style=\"color: #ff0000;\">Ce \u00a016 novembre , sera projet\u00e9 l\u2019excellent documentaire de Marie-Pierre Jaury, <em>L\u2019enfance sous contr\u00f4le<\/em><\/span><\/strong> qui d\u00e9montre la cruaut\u00e9 souriante (Jacqueline Dh\u00e9ret) des m\u00e9thodes que promeut la th\u00e9rapie cognitivo-comportementale<br \/>\nCette projection sera suivie <strong>d\u2019un d\u00e9bat<\/strong> avec Evelyne Sire-Marin, magistrat, vice-pr\u00e9sidente de la LDH, membre de la Fondation Copernic, et des repr\u00e9sentants du collectif \u00abPas de 0 de conduite pour les enfants de 3 ans\u00bb, en pr\u00e9sence de la r\u00e9alisatrice du film, Marie-Pierre Jaury<br \/>\nLe documentaire de M.-P. Jaury et le d\u00e9bat sont pr\u00e9sent\u00e9s en ces termes \u00a0dans le programme d\u2019Attac \u00a0\u201cLes loups sont dans la bergerie : ils ont trois ans et sont cens\u00e9s nous faire peur&#8230; Surveill\u00e9s, d\u00e9pist\u00e9s et fich\u00e9s, les enfants sont suspect\u00e9s d\u00e8s leur plus jeune \u00e2ge et doivent d\u00e9j\u00e0 montrer patte blanche. Le but n\u2019est pas de venir en aide \u00e0 des enfants en souffrance mais de rep\u00e9rer le moindre \u00ab comportement d\u00e9viant \u00bb pour tenter de pr\u00e9venir une future d\u00e9linquance qu\u2019on veut croire d\u00e9celable d\u00e8s le berceau. La r\u00e9pression et le contr\u00f4le social n\u2019\u00e9pargnent plus personne, pas m\u00eame les plus innocents. Que penser d\u2019une soci\u00e9t\u00e9 qui a peur de ses enfants au lieu d\u2019avoir peur pour eux ?\u201d<\/p>\n<p><span style=\"color: #0000ff;\"> <strong>Pour m\u00e9moire : <\/strong><\/span><\/p>\n<p style=\"text-align: justify;\"><span style=\"color: #0000ff;\">1 <strong><span style=\"color: #ff0000;\">Gr\u00e2ce \u00e0 la Biblioth\u00e8que de Cordoba (Argentine)<\/span><\/strong> qui a sous titr\u00e9 ce documentaire en espagnol, toute \u00a0l\u2019hispanophonie \u00a0de la F\u00e9d\u00e9ration internationale des \u00a0Biblioth\u00e8ques d\u2019orientation lacanienne dispose \u00a0\u00a0de ce documentaire remarquable et peut mettre \u00e0 ciel ouvert le totalitarisme <em>soft<\/em>, et ce fait d\u2019autant plus pernicieux qu\u2019il est sournois et insinuant , de la TCC qui non seulement pr\u00e9tend \u00e0 l\u2019exclusivit\u00e9 mais joue sur la corde \u00e9conomico-s\u00e9curitaire de fa\u00e7on \u00e9hont\u00e9e.<\/span><br \/>\n<span style=\"color: #0000ff;\"> 2 <strong><span style=\"color: #ff0000;\">Le centre interdisciplinaire sur l\u2019Enfant (CIEN) \u00a0et la Diagonale francophone du Nouveau R\u00e9seau Cereda<\/span><\/strong> ont pr\u00e9vu \u00a0\u00a0pr\u00e9vu que les laboratoires et les groupes qui en sont parties prenantes \u00a0mettent \u00a0en place des projection-d\u00e9bats de ce film de Marie-Pierre Jaury, qui atteste de l\u2019 abord des affects humains d\u2019une position de dompteur pr\u00e9parant un spectacle de f\u00e9lins d\u2019une docilit\u00e9 quasi in\u00e9bralable.<\/span><br \/>\n<strong><span style=\"color: #0000ff;\"> <em>Judith Miller<\/em><\/span><\/strong><\/p>\n","protected":false},"excerpt":{"rendered":"<p style=\"text-align: justify;\">\n","protected":false},"author":9,"featured_media":3986,"comment_status":"closed","ping_status":"closed","sticky":false,"template":"","format":"standard","meta":{"_monsterinsights_skip_tracking":false,"_monsterinsights_sitenote_active":false,"_monsterinsights_sitenote_note":"","_monsterinsights_sitenote_category":0,"footnotes":""},"categories":[301,13,498],"tags":[647,646],"class_list":["post-3982","post","type-post","status-publish","format-standard","has-post-thumbnail","hentry","category-cinema","category-petitegirafe","category-varia-2","tag-lenfance-sous-controle","tag-marie-pierre-jaury"],"_links":{"self":[{"href":"https:\/\/lacanquotidien.fr\/blog\/wp-json\/wp\/v2\/posts\/3982","targetHints":{"allow":["GET"]}}],"collection":[{"href":"https:\/\/lacanquotidien.fr\/blog\/wp-json\/wp\/v2\/posts"}],"about":[{"href":"https:\/\/lacanquotidien.fr\/blog\/wp-json\/wp\/v2\/types\/post"}],"author":[{"embeddable":true,"href":"https:\/\/lacanquotidien.fr\/blog\/wp-json\/wp\/v2\/users\/9"}],"replies":[{"embeddable":true,"href":"https:\/\/lacanquotidien.fr\/blog\/wp-json\/wp\/v2\/comments?post=3982"}],"version-history":[{"count":5,"href":"https:\/\/lacanquotidien.fr\/blog\/wp-json\/wp\/v2\/posts\/3982\/revisions"}],"predecessor-version":[{"id":4087,"href":"https:\/\/lacanquotidien.fr\/blog\/wp-json\/wp\/v2\/posts\/3982\/revisions\/4087"}],"wp:featuredmedia":[{"embeddable":true,"href":"https:\/\/lacanquotidien.fr\/blog\/wp-json\/wp\/v2\/media\/3986"}],"wp:attachment":[{"href":"https:\/\/lacanquotidien.fr\/blog\/wp-json\/wp\/v2\/media?parent=3982"}],"wp:term":[{"taxonomy":"category","embeddable":true,"href":"https:\/\/lacanquotidien.fr\/blog\/wp-json\/wp\/v2\/categories?post=3982"},{"taxonomy":"post_tag","embeddable":true,"href":"https:\/\/lacanquotidien.fr\/blog\/wp-json\/wp\/v2\/tags?post=3982"}],"curies":[{"name":"wp","href":"https:\/\/api.w.org\/{rel}","templated":true}]}}