{"id":4153,"date":"2011-11-05T00:50:34","date_gmt":"2011-11-04T23:50:34","guid":{"rendered":"http:\/\/www.lacanquotidien.fr\/blog\/?p=4153"},"modified":"2011-11-25T10:03:13","modified_gmt":"2011-11-25T09:03:13","slug":"josyane-savigneau-fait-un-article-retentissant-dans-le-monde-de-ce-soir-rafah-nached-et-les-prisons-de-la-peur-par-anne-ganivet","status":"publish","type":"post","link":"https:\/\/lacanquotidien.fr\/blog\/2011\/11\/josyane-savigneau-fait-un-article-retentissant-dans-le-monde-de-ce-soir-rafah-nached-et-les-prisons-de-la-peur-par-anne-ganivet\/","title":{"rendered":"Josyane Savigneau fait un article retentissant dans Le Monde de ce soir : Rafah Nached et les prisons de la peur &#8211; Par Anne Ganivet."},"content":{"rendered":"<p><strong><!--more--><a href=\"http:\/\/www.lacanquotidien.fr\/blog\/wp-content\/uploads\/2011\/11\/Article-JS-Le-Monde-du-5-novembre.pdf\">Article JS Le Monde du 5 novembre<\/a> <span style=\"color: #666699;\">\u2190Pour consulter l&rsquo;article, veuillez cliquer sur ce lien<\/span><\/strong><\/p>\n<p style=\"text-align: justify;\"><strong><em>Cette pionni\u00e8re de la psychanalyse en Syrie offrait un lieu de parole \u00e0 ceux qui ont peur. Son arrestation vise l\u2019activit\u00e9 psychanalytique elle-m\u00eame, s\u2019indignent ses confr\u00e8res.<\/em><\/strong><\/p>\n<p style=\"text-align: justify;\">JS reprend l\u2019histoire de l\u2019arrestation de Rafah Nached le 10 septembre \u00e0 l\u2019a\u00e9roport de Damas, son inculpation le 14 septembre d\u2019\u00a0\u00ab\u00a0activit\u00e9s susceptibles d\u2019entra\u00eener une d\u00e9stabilisation de l\u2019\u00e9tat.\u00a0\u00bb, le refus de sa lib\u00e9ration sous caution le 16 septembre.<\/p>\n<p style=\"text-align: justify;\">Chacun s\u2019accorde pour dire qu\u2019une d\u00e9p\u00eache de l\u2019AFP portant sur le travail de psychodrame qu\u2019elle menait avec un psychanalyste j\u00e9suite aurait attir\u00e9 sur elle les foudres du pouvoir syrien et de ses <em>moukhabarat<\/em>. Ce travail consistait \u00e0 faire exister un lieu de parole orient\u00e9 par la psychanalyse pour tenter de d\u00e9lier les sujets des effets de la peur, les sujets transis de peur de l\u2019\u00e9tat syrien.<\/p>\n<p style=\"text-align: justify;\">Dans cet article il est soulign\u00e9 que Rafah Nached est la premi\u00e8re femme \u00e0 avoir fond\u00e9 une \u00e9cole dans un pays o\u00f9 la psychanalyse n\u2019existait pas (Fethi Benslama) et que toutes les soci\u00e9t\u00e9s de psychanalyse fran\u00e7aises ont transmis un texte au Parlement europ\u00e9en pour qu\u2019il se saisisse du cas de Rafah Nached accus\u00e9e \u00e0 tord.<\/p>\n<p style=\"text-align: justify;\">Julia Kristeva y est abondamment cit\u00e9e y compris par son intervention au Forum des Femmes dimanche 9 octobre. Elle a lu les travaux de Rafah Nached et en donne son id\u00e9e\u00a0: \u00ab\u00a0Les peurs que cette femme analyste essaie d\u2019entendre vont bien plus loin que la peur d\u2019un r\u00e9gime politique, elles sont verrouill\u00e9es dans l\u2019attitude religieuse. Je lis ces travaux comme le d\u00e9but d\u2019une voie que nos coll\u00e8gues syriens tentent d\u2019ouvrir, non pour stigmatiser l\u2019exp\u00e9rience religieuse, mais pour la mettre en question.\u00a0\u00bb<\/p>\n<p style=\"text-align: justify;\">Josyane Savigneau ne se contente pas de reprendre ses propos ou ceux de Fethi Benslama, elle \u00e9crit elle-m\u00eame\u00a0:<\/p>\n<p style=\"text-align: justify;\">\u00ab\u00a0Si la communaut\u00e9 psychanalytique s\u2019est mobilis\u00e9e pour demander sa lib\u00e9ration, c\u2019est parce que l\u2019activit\u00e9 psychanalytique elle-m\u00eame est vis\u00e9e par son arrestation.\u00a0\u00bb<\/p>\n<p style=\"text-align: justify;\">et concluant sur le dilemme, de ceux qui veulent la lib\u00e9ration de Rafah Nached, entre faire silence en esp\u00e9rant que la diplomatie avance ou au contraire faire du raffut pour Rafah, elle termine son article par\u00a0: \u00ab\u00a0Ces deux positions n\u2019ont certainement pas fini de s\u2019affronter. Mais pour les psychanalystes, la parole \u00e9tant au c\u0153ur m\u00eame de leur pratique, il ne semble pas possible de se taire.\u00a0\u00bb<\/p>\n<p style=\"text-align: justify;\">Merci Josyane Savigneau.<\/p>\n","protected":false},"excerpt":{"rendered":"<\/p>\n","protected":false},"author":9,"featured_media":4155,"comment_status":"closed","ping_status":"closed","sticky":false,"template":"","format":"standard","meta":{"_monsterinsights_skip_tracking":false,"_monsterinsights_sitenote_active":false,"_monsterinsights_sitenote_note":"","_monsterinsights_sitenote_category":0,"footnotes":""},"categories":[75],"tags":[],"class_list":["post-4153","post","type-post","status-publish","format-standard","has-post-thumbnail","hentry","category-pressefrance"],"_links":{"self":[{"href":"https:\/\/lacanquotidien.fr\/blog\/wp-json\/wp\/v2\/posts\/4153","targetHints":{"allow":["GET"]}}],"collection":[{"href":"https:\/\/lacanquotidien.fr\/blog\/wp-json\/wp\/v2\/posts"}],"about":[{"href":"https:\/\/lacanquotidien.fr\/blog\/wp-json\/wp\/v2\/types\/post"}],"author":[{"embeddable":true,"href":"https:\/\/lacanquotidien.fr\/blog\/wp-json\/wp\/v2\/users\/9"}],"replies":[{"embeddable":true,"href":"https:\/\/lacanquotidien.fr\/blog\/wp-json\/wp\/v2\/comments?post=4153"}],"version-history":[{"count":3,"href":"https:\/\/lacanquotidien.fr\/blog\/wp-json\/wp\/v2\/posts\/4153\/revisions"}],"predecessor-version":[{"id":4157,"href":"https:\/\/lacanquotidien.fr\/blog\/wp-json\/wp\/v2\/posts\/4153\/revisions\/4157"}],"wp:featuredmedia":[{"embeddable":true,"href":"https:\/\/lacanquotidien.fr\/blog\/wp-json\/wp\/v2\/media\/4155"}],"wp:attachment":[{"href":"https:\/\/lacanquotidien.fr\/blog\/wp-json\/wp\/v2\/media?parent=4153"}],"wp:term":[{"taxonomy":"category","embeddable":true,"href":"https:\/\/lacanquotidien.fr\/blog\/wp-json\/wp\/v2\/categories?post=4153"},{"taxonomy":"post_tag","embeddable":true,"href":"https:\/\/lacanquotidien.fr\/blog\/wp-json\/wp\/v2\/tags?post=4153"}],"curies":[{"name":"wp","href":"https:\/\/api.w.org\/{rel}","templated":true}]}}